{"id":1354,"date":"2019-09-30T18:04:52","date_gmt":"2019-09-30T16:04:52","guid":{"rendered":"http:\/\/www.parafiakuligow.pl\/?p=1354"},"modified":"2019-09-30T18:04:52","modified_gmt":"2019-09-30T16:04:52","slug":"29-wrzesien-2019-26-niedziela-zwykla","status":"publish","type":"post","link":"http:\/\/www.parafiakuligow.pl\/index.php\/2019\/09\/30\/29-wrzesien-2019-26-niedziela-zwykla\/","title":{"rendered":"29  Wrzesie\u0144  2019 &#8211; 26  NIEDZIELA ZWYK\u0141A"},"content":{"rendered":"<ol>\n<li>Dzi\u015b po Mszy \u015bw. o godz. 11.00 zapraszam Rad\u0119 Duszpastersk\u0105 na kr\u00f3tkie spotkanie.<\/li>\n<li>Przypominamy, \u017ce od pa\u017adziernika tak, jak w latach poprzednich zmieni si\u0119 organizacja S\u0142u\u017cby Bo\u017cej w naszej parafii. W niedziel\u0119 pozostan\u0105 dwie Msze \u015bw. o godz. 9.00 i \u00a000. W dni powszednie: poniedzia\u0142ki, \u015brody, pi\u0105tki \u00a0i \u00a0soboty Msza \u015bw. wieczorna b\u0119dzie odprawiana o godzin\u0119 wcze\u015bniej tzn. nie o 19.00, ale o godz.18.00. We wtorki i czwartki Msza \u015bw. b\u0119dzie odprawiana o godz.7.00.<\/li>\n<li>Pocz\u0105wszy od wtorku rozpoczynamy modlitw\u0119 r\u00f3\u017ca\u0144cow\u0105. R\u00f3\u017caniec w tygodniu; w\u00a0 poniedzia\u0142ek, \u015brod\u0119, pi\u0105tek i sobot\u0119 przed Msz\u0105 o godz.17.30; we wtorek i czwartek po Mszy \u015bw. o godz.7.00; w niedziel\u0119 po Mszy \u015bw. o godz. 11.00. Wsp\u00f3lne pobo\u017cne odm\u00f3wienie r\u00f3\u017ca\u0144ca po\u0142\u0105czone z rozwa\u017caniem tajemnic przy spe\u0142nieniu zwyk\u0142ych warunk\u00f3w umo\u017cliwia zyskanie \u0142aski odpustu zupe\u0142nego. W szczeg\u00f3lny spos\u00f3b zapraszamy dzieci, m\u0142odzie\u017c i kandydat\u00f3w przygotowuj\u0105cych si\u0119 do przyj\u0119cia sakramentu bierzmowania. Po ka\u017cdym nabo\u017ce\u0144stwie b\u0119d\u0105 rozdawane dzieciom naklejki z tajemnicami, kt\u00f3re nale\u017cy wklei\u0107 w odpowiednie miejsce na planszy.<\/li>\n<li>W \u015brod\u0119 2 pa\u017adziernika liturgiczne \u015bwi\u0119to \u015aw. Archanio\u0142\u00f3w Micha\u0142a, Gabriela i Rafa\u0142a; w pi\u0105tek wspomnienie \u015bw. Franciszka z Asy\u017cu; w sobot\u0119 siostry \u015bw. Faustyny Kowalskiej.<\/li>\n<li>W pi\u0105tek 6 pa\u017adziernika przypada I pi\u0105tek miesi\u0105ca. Zach\u0119cam do spowiedzi \u015bwi\u0119tej. Na godz. 17.00 zapraszam\u00a0 kandydat\u00f3w do bierzmowania.<\/li>\n<li>W pierwsz\u0105 sobot\u0119 miesi\u0105ca na modlitw\u0119 r\u00f3\u017ca\u0144cow\u0105 i Msz\u0119 \u015bw. w spos\u00f3b szczeg\u00f3lny zapraszam Ko\u0142a \u017bywego R\u00f3\u017ca\u0144ca.<\/li>\n<li>W przysz\u0142\u0105 niedziel\u0119 6 pa\u017adziernika z racji I-ej niedzieli miesi\u0105ca po Mszy \u015bw. o godz. 11.00 wystawienie Naj\u015bwi\u0119tszego Sakramentu i modlitwa r\u00f3\u017ca\u0144cowa. W tym dniu\u00a0 ofiary na tac\u0119 przeznaczamy na dom siostry Faustyny Kowalskiej w Ostr\u00f3wku.<\/li>\n<li>Wszystkim parafianom, dzia\u0142kowiczom i go\u015bciom \u017cycz\u0119 dobrego duchowego prze\u017cycia niedzieli\u00a0 i\u00a0 b\u0142ogos\u0142awionego tygodnia.<\/li>\n<li>Zach\u0119camy do czytania prasy katolickiej.<\/li>\n<\/ol>\n<p><strong>Intencje Mszalne <\/strong><strong>22 wrzesie\u0144 \u2013 06 pa\u017adziernik\u00a0 2019<\/strong><\/p>\n<p><strong><span style=\"color: #ff0000;\">Nd. 29. IX. 2019\u00a0\u00a0\u00a0 26 Niedziela Zwyk\u0142a<br \/>\n<\/span><\/strong>g. 9.00\u00a0 Dzi\u0119k.- b\u0142ag. o Bo\u017ce b\u0142ogos\u0142awie\u0144stwo i \u0142aski, opiek\u0119 Matki\u00a0Bo\u017cej dla p. Magdy i Andrzeja z racji 50 rocznicy \u015blubu, z pro\u015bb\u0105 o dalsz\u0105 opiek\u0119.<br \/>\ng. 11.00 + Stanis\u0142awa\u00a0 Py\u015bkiewicza<br \/>\n<strong>Pn.\u00a0\u00a0\u00a0 30. IX<\/strong>\u00a0\u00a0\u00a0 g. 19.00\u00a0 + Hieronima Ga\u0142eckiego \/10\/<br \/>\n<strong>Wt.\u00a0\u00a0 01. X\u00a0\u00a0\u00a0 \u00a0<\/strong>g.\u00a0\u00a0 7.00\u00a0 + Hieronima Ga\u0142eckiego \/11\/<br \/>\n<strong>\u015ar.\u00a0\u00a0\u00a0 02. X\u00a0\u00a0 <\/strong>\u00a0\u00a0g. 18.00\u00a0 Za zm. polecanych w rocz. wypominkach.<br \/>\n<strong>Czw. 03. X\u00a0 \u00a0\u00a0<\/strong>g.\u00a0\u00a0 7.00\u00a0 + Hieronima Ga\u0142eckiego \/12\/<br \/>\n<strong>Pt.\u00a0\u00a0\u00a0 04. X\u00a0\u00a0 \u00a0<\/strong>g. 18.00\u00a0 + Teres\u0119 Jusi\u0144sk\u0105<br \/>\n<strong>Sob. 05. X<\/strong>\u00a0 \u00a0\u00a0g<strong>. <\/strong>19.00\u00a0 Dzi\u0119k. O Bo\u017ce b\u0142og. i \u0142aski dla Ma\u0142gorzaty z racji urodzin.<br \/>\n<strong><span style=\"color: #ff0000;\">Nd. 06. X. 2019\u00a0 27\u00a0 Niedziela Zwyk\u0142a<br \/>\n<\/span><\/strong>g. 9.00 \u00a0Int. zam.<br \/>\ng. 11.00\u00a0 + Salome\u0119 i Boles\u0142awa Mianowskich<\/p>\n","protected":false},"excerpt":{"rendered":"<p>Dzi\u015b po Mszy \u015bw. o godz. 11.00 zapraszam Rad\u0119 Duszpastersk\u0105 na kr\u00f3tkie spotkanie. Przypominamy, \u017ce od pa\u017adziernika tak, jak w latach poprzednich zmieni si\u0119 organizacja S\u0142u\u017cby Bo\u017cej w naszej parafii. W niedziel\u0119 pozostan\u0105 dwie Msze \u015bw. o godz. 9.00 i \u00a000. W dni powszednie: poniedzia\u0142ki, \u015brody, pi\u0105tki \u00a0i \u00a0soboty Msza [&hellip;]<\/p>\n","protected":false},"author":2,"featured_media":0,"comment_status":"closed","ping_status":"closed","sticky":false,"template":"","format":"standard","meta":[],"categories":[2],"tags":[],"_links":{"self":[{"href":"http:\/\/www.parafiakuligow.pl\/index.php\/wp-json\/wp\/v2\/posts\/1354"}],"collection":[{"href":"http:\/\/www.parafiakuligow.pl\/index.php\/wp-json\/wp\/v2\/posts"}],"about":[{"href":"http:\/\/www.parafiakuligow.pl\/index.php\/wp-json\/wp\/v2\/types\/post"}],"author":[{"embeddable":true,"href":"http:\/\/www.parafiakuligow.pl\/index.php\/wp-json\/wp\/v2\/users\/2"}],"replies":[{"embeddable":true,"href":"http:\/\/www.parafiakuligow.pl\/index.php\/wp-json\/wp\/v2\/comments?post=1354"}],"version-history":[{"count":1,"href":"http:\/\/www.parafiakuligow.pl\/index.php\/wp-json\/wp\/v2\/posts\/1354\/revisions"}],"predecessor-version":[{"id":1355,"href":"http:\/\/www.parafiakuligow.pl\/index.php\/wp-json\/wp\/v2\/posts\/1354\/revisions\/1355"}],"wp:attachment":[{"href":"http:\/\/www.parafiakuligow.pl\/index.php\/wp-json\/wp\/v2\/media?parent=1354"}],"wp:term":[{"taxonomy":"category","embeddable":true,"href":"http:\/\/www.parafiakuligow.pl\/index.php\/wp-json\/wp\/v2\/categories?post=1354"},{"taxonomy":"post_tag","embeddable":true,"href":"http:\/\/www.parafiakuligow.pl\/index.php\/wp-json\/wp\/v2\/tags?post=1354"}],"curies":[{"name":"wp","href":"https:\/\/api.w.org\/{rel}","templated":true}]}}