{"id":1349,"date":"2019-09-19T00:18:19","date_gmt":"2019-09-18T22:18:19","guid":{"rendered":"http:\/\/www.parafiakuligow.pl\/?p=1349"},"modified":"2019-09-19T00:18:19","modified_gmt":"2019-09-18T22:18:19","slug":"15-wrzesien-2019-24-niedziela-zwykla","status":"publish","type":"post","link":"http:\/\/www.parafiakuligow.pl\/index.php\/2019\/09\/19\/15-wrzesien-2019-24-niedziela-zwykla\/","title":{"rendered":"15 Wrzesie\u0144 2019 &#8211; 24  NIEDZIELA ZWYK\u0141A"},"content":{"rendered":"<ol>\n<li><strong>\u00a0<\/strong>Dzisiaj po Mszy \u015bw. o godz. 11.00 spotkanie dla Rodzic\u00f3w i dzieci przygotowuj\u0105cych si\u0119 do \u00a0I Komunii \u015bwi\u0119tej.<\/li>\n<li>Rozpoczynamy w naszej parafii przygotowanie m\u0142odzie\u017cy do sakramentu bierzmowania. Najm\u0142odsi kandydaci to VIII klasa szko\u0142y podstawowej. Zapraszam te\u017c starszych licealist\u00f3w i uczni\u00f3w innych szk\u00f3\u0142, a tak\u017ce wszystkich, kt\u00f3rzy bierzmowania jeszcze nie przyj\u0119li. Pierwsze spotkanie odb\u0119dzie si\u0119 w przysz\u0142\u0105 niedziel\u0119 22 wrze\u015bnia po Mszy \u015bw. o godz. 11.00. Do tego czasu prosz\u0119 o zg\u0142aszanie si\u0119 do ksi\u0119dza proboszcza i zapisanie do grona kandydat\u00f3w.<\/li>\n<li>W \u015brod\u0119 18 wrze\u015bnia przypada liturgiczne \u015bwi\u0119to \u015bw. Stanis\u0142awa Kostki, zakonnika, patrona Polski, a 21 wrze\u015bnia w sobot\u0119, \u015bwi\u0119to \u015bw. Mateusza,\u00a0 Aposto\u0142a \u00a0i \u00a0Ewangelisty.<\/li>\n<li>Serdecznie dzi\u0119kuj\u0119 tym wszystkim parafianom i go\u015bciom, kt\u00f3rzy dotychczas zasilili nasz fundusz przeznaczony na sprz\u0105tanie i dekoracj\u0119 Ko\u015bcio\u0142a. Przypominam i zach\u0119cam te rodziny i osoby, kt\u00f3re jeszcze tego nie uczyni\u0142y, a kt\u00f3rych sytuacja materialna na to pozwala, aby sk\u0142ada\u0142y zdeklarowan\u0105 kwot\u0119.<\/li>\n<li>Wszystkim naszym parafianom i go\u015bciom \u017cyczymy dobrego wypoczynku, udanej niedzieli i b\u0142ogos\u0142awionego tygodnia.<\/li>\n<li>Zach\u0119camy do czytania prasy katolickiej.<\/li>\n<\/ol>\n<p><strong>Intencje Mszalne <\/strong><strong>15 \u2013 22\u00a0 Wrzesie\u0144\u00a0 2019<\/strong><\/p>\n<p><strong><span style=\"color: #ff0000;\">Nd. 15.IX. 2019\u00a0\u00a0\u00a0\u00a0 24\u00a0 Niedziela Zwyk\u0142a<br \/>\n<\/span><\/strong>g. 9.00\u00a0 + Ann\u0119, Zygmunta i Jadwig\u0119 Liszewskich.<br \/>\ng. 11.00 + Aniel\u0119 i Wac\u0142awa Ga\u0142eckich<br \/>\n<strong>Pn.\u00a0\u00a0\u00a0 16. IX<\/strong>\u00a0\u00a0\u00a0 g. 19.00\u00a0 Int. zam.<br \/>\n<strong>Wt.\u00a0\u00a0 17. IX\u00a0\u00a0\u00a0 <\/strong>g.\u00a0\u00a0 7.00\u00a0 + Hieronima Ga\u0142eckiego \/2\/<br \/>\n<strong>\u015ar.\u00a0\u00a0\u00a0 18. IX\u00a0\u00a0 <\/strong>\u00a0g. 19.00\u00a0 + Andrzeja Saks<br \/>\n<strong>Czw. 19. IX\u00a0 \u00a0<\/strong>g.\u00a0\u00a0 7.00\u00a0 + Hieronima Ga\u0142eckiego \/3\/<br \/>\n<strong>Pt.\u00a0\u00a0\u00a0 20. IX\u00a0\u00a0 <\/strong>g. 19.00\u00a0 + Hieronima Ga\u0142eckiego \/4\/<br \/>\n<strong>Sob. 21. IX<\/strong>\u00a0\u00a0 g<strong>. <\/strong>19.00\u00a0 + Bogdana Korneman w 2 rocz. \u015bm. i zm. z rodz. Korneman\u00f3w<\/p>\n<p><strong><span style=\"color: #ff0000;\">Nd. 22.IX. 2019\u00a0\u00a0 \u00a0\u00a025 Niedziela Zwyk\u0142a<br \/>\n<\/span><\/strong>g. 9.00 \u00a0+ Bernardyna Mianowskiego w 1 rocz. \u015bm. i jego rodzic\u00f3w: Bernarda i Janin\u0119<br \/>\ng. 11.00\u00a0 + Stanis\u0142awa Gawlika; Juliana i Stefani\u0119 Gawlik<\/p>\n","protected":false},"excerpt":{"rendered":"<p>\u00a0Dzisiaj po Mszy \u015bw. o godz. 11.00 spotkanie dla Rodzic\u00f3w i dzieci przygotowuj\u0105cych si\u0119 do \u00a0I Komunii \u015bwi\u0119tej. Rozpoczynamy w naszej parafii przygotowanie m\u0142odzie\u017cy do sakramentu bierzmowania. Najm\u0142odsi kandydaci to VIII klasa szko\u0142y podstawowej. Zapraszam te\u017c starszych licealist\u00f3w i uczni\u00f3w innych szk\u00f3\u0142, a tak\u017ce wszystkich, kt\u00f3rzy bierzmowania jeszcze nie przyj\u0119li. [&hellip;]<\/p>\n","protected":false},"author":2,"featured_media":0,"comment_status":"closed","ping_status":"closed","sticky":false,"template":"","format":"standard","meta":[],"categories":[2],"tags":[],"_links":{"self":[{"href":"http:\/\/www.parafiakuligow.pl\/index.php\/wp-json\/wp\/v2\/posts\/1349"}],"collection":[{"href":"http:\/\/www.parafiakuligow.pl\/index.php\/wp-json\/wp\/v2\/posts"}],"about":[{"href":"http:\/\/www.parafiakuligow.pl\/index.php\/wp-json\/wp\/v2\/types\/post"}],"author":[{"embeddable":true,"href":"http:\/\/www.parafiakuligow.pl\/index.php\/wp-json\/wp\/v2\/users\/2"}],"replies":[{"embeddable":true,"href":"http:\/\/www.parafiakuligow.pl\/index.php\/wp-json\/wp\/v2\/comments?post=1349"}],"version-history":[{"count":1,"href":"http:\/\/www.parafiakuligow.pl\/index.php\/wp-json\/wp\/v2\/posts\/1349\/revisions"}],"predecessor-version":[{"id":1350,"href":"http:\/\/www.parafiakuligow.pl\/index.php\/wp-json\/wp\/v2\/posts\/1349\/revisions\/1350"}],"wp:attachment":[{"href":"http:\/\/www.parafiakuligow.pl\/index.php\/wp-json\/wp\/v2\/media?parent=1349"}],"wp:term":[{"taxonomy":"category","embeddable":true,"href":"http:\/\/www.parafiakuligow.pl\/index.php\/wp-json\/wp\/v2\/categories?post=1349"},{"taxonomy":"post_tag","embeddable":true,"href":"http:\/\/www.parafiakuligow.pl\/index.php\/wp-json\/wp\/v2\/tags?post=1349"}],"curies":[{"name":"wp","href":"https:\/\/api.w.org\/{rel}","templated":true}]}}