{"id":1344,"date":"2019-09-02T13:40:13","date_gmt":"2019-09-02T11:40:13","guid":{"rendered":"http:\/\/www.parafiakuligow.pl\/?p=1344"},"modified":"2019-09-02T13:40:13","modified_gmt":"2019-09-02T11:40:13","slug":"01-wrzesien-2019-22-niedziela-zwykla","status":"publish","type":"post","link":"http:\/\/www.parafiakuligow.pl\/index.php\/2019\/09\/02\/01-wrzesien-2019-22-niedziela-zwykla\/","title":{"rendered":"01 Wrzesie\u0144 2019 &#8211; 22 NIEDZIELA ZWYK\u0141A"},"content":{"rendered":"<ol>\n<li>Z racji I\u00a0 niedzieli miesi\u0105ca po Mszy \u015bw. o godz. 11.00 wystawienie Naj\u015bwi\u0119tszego Sakramentu i Adoracja Eucharystyczna. Po Mszy \u015bw. spotkanie Rady Duszpasterskiej w domu parafialnym.<\/li>\n<li>1 wrze\u015bnia przypada 80 rocznica wybuchu II wojny \u015bwiatowej. W swoich modlitwach pami\u0119tajmy o tych, kt\u00f3rzy oddali swoje \u017cycie w obronie Ojczyzny.<\/li>\n<li>Dzisiaj zbi\u00f3rka do puszek na Katolicki O\u015brodek Adopcyjny, a za tydzie\u0144 taca na Wy\u017csze Seminarium Duchowne.<\/li>\n<li>Pocz\u0105wszy od dnia dzisiejszego mo\u017cemy zamawia\u0107 intencje mszalne na rok 2020<\/li>\n<li>W tym tygodniu rozpoczyna si\u0119 nowy rok szkolny. Pami\u0119tajmy, by rozpocz\u0105\u0107 go wstanie \u0142aski u\u015bwi\u0119caj\u0105cej. Po\u015bwi\u0119cenie przybor\u00f3w szkolnych w zwi\u0105zku z nowym rokiem szkolnym w przysz\u0142\u0105 niedziel\u0119 8 wrze\u015bnia na Mszy \u015bw. o godz. 11.00. Zapraszamy w spos\u00f3b szczeg\u00f3lny dzieci z klas 0\u00a0 i\u00a0 I.<\/li>\n<li>W pierwsz\u0105 \u015brod\u0119 miesi\u0105ca w naszych modlitwach pami\u0119tajmy o zmar\u0142ych, kt\u00f3rych wspominamy w rocznych wypominkach. Msza \u015bw. o godz. 19.00 po\u0142\u0105czona jest z nowenn\u0105 do Matki Bo\u017cej Nieustaj\u0105cej Pomocy. Serdecznie zapraszamy.<\/li>\n<li>6 wrze\u015bnia przypada pierwszy pi\u0105tek miesi\u0105ca, okazja i mo\u017cliwo\u015b\u0107 spowiedzi od godz.18.30. Msza \u015bwi\u0119ta do Naj\u015bwi\u0119tszego Serca Pana Jezusa o godz. 19.00.<\/li>\n<li>W tym tygodniu przypada I sobota miesi\u0105ca. Msza \u015bw. o Niepokalanym Sercu\u00a0 Naj\u015bwi\u0119tszej\u00a0 Maryi Panny o godz. 19.00. Przed Msz\u0105 \u015bw. o godz. 18.30 modlitwa r\u00f3\u017ca\u0144cowa.<\/li>\n<li>Pierwsze powakacyjne spotkanie S\u0142u\u017cby Liturgicznej O\u0142tarza w najbli\u017csz\u0105 niedziel\u0119 po mszy \u015bw. o godzinie 11.00. Zapraszam wszystkich ch\u0119tnych ch\u0142opc\u00f3w i m\u0142odzie\u0144c\u00f3w.<\/li>\n<li>Od 8 wrze\u015bnia nie b\u0119dzie ju\u017c dodatkowej Mszy \u015bw. o godz. 13.00 tylko o godz. 9.00 11.00.<\/li>\n<li>Ze wzgl\u0119du na podj\u0119cie nowej pracy, z dniem 31 sierpnia pani Ilona Pi\u00f3rkowska ko\u0144czy pos\u0142ug\u0119 sprz\u0105tania naszej \u015bwi\u0105tyni i troski o teren przyko\u015bcielny. Bardzo dzi\u0119kujemy za jej oddanie, dyspozycyjno\u015b\u0107 i ofiarn\u0105 ponad dwuletni\u0105 prac\u0119. Ta praca wymagaj\u0105ca po\u015bwi\u0119cenia, bo du\u017cej mierze wykonywania w soboty, niedziel i \u015bwi\u0119ta. Serdecznie dzi\u0119kujemy.<\/li>\n<li>Wszystkim naszym parafianom i go\u015bciom odpoczywaj\u0105cym w Kuligowie \u017cycz\u0119 mi\u0142ej niedzieli oraz dobrego i\u00a0 b\u0142ogos\u0142awionego tygodnia.<\/li>\n<li>Zach\u0119cam do czytania prasy katolickiej.<\/li>\n<\/ol>\n<p><strong>Intencje Mszalne <\/strong><strong>01 \u2013 08\u00a0 Wrzesie\u0144\u00a0 2019<\/strong><\/p>\n<p><strong><span style=\"color: #ff0000;\">Nd. 01.IX. 2019\u00a0\u00a0\u00a0\u00a0 22\u00a0 Niedziela Zwyk\u0142a<br \/>\n<\/span><\/strong>g. 9.00\u00a0 Dzi\u0119k. \u2013 b\u0142ag. w\u00a0 int. Wandy i Wiktora<br \/>\ng. 11.00 Int. zam.<br \/>\ng. 13.00 + Mari\u0119 Dobek<br \/>\n<strong>Pn.\u00a0\u00a0\u00a0 02. IX<\/strong>\u00a0\u00a0\u00a0 g. 19.00\u00a0 + Halin\u0119 Iren\u0119 D\u0105browsk\u0105\u00a0 \/4\/<br \/>\n<strong>Wt.\u00a0\u00a0 03. IX\u00a0\u00a0\u00a0 <\/strong>g.\u00a0\u00a0 7.00\u00a0 + Halin\u0119 Iren\u0119 D\u0105browsk\u0105\u00a0 \/5\/<br \/>\n<strong>\u015ar.\u00a0\u00a0\u00a0 04. IX\u00a0\u00a0 <\/strong>\u00a0g. 19.00\u00a0 + Halin\u0119 Iren\u0119 D\u0105browsk\u0105\u00a0 \/6\/<br \/>\n<strong>Czw. 05. IX\u00a0 \u00a0<\/strong>g.\u00a0\u00a0 7.00\u00a0 + Halin\u0119 Iren\u0119 D\u0105browsk\u0105 \/7\/<br \/>\n<strong>Pt.\u00a0\u00a0\u00a0 06. IX\u00a0\u00a0 <\/strong>g. 19.00\u00a0 + Halin\u0119 Iren\u0119 D\u0105browsk\u0105 \/8\/<br \/>\n<strong>Sob. 07. IX<\/strong>\u00a0\u00a0 g. 19.00\u00a0 Int. zam.<br \/>\n<strong><span style=\"color: #ff0000;\">Nd. 08.IX. 2019\u00a0\u00a0 \u00a0\u00a023 Niedziela Zwyk\u0142a<\/span><br \/>\n<\/strong>g. 9.00 \u00a0Int. zam.<br \/>\ng. 11.00\u00a0 + Jadwig\u0119 i Kazimierza Jab\u0142o\u0144skich<\/p>\n","protected":false},"excerpt":{"rendered":"<p>Z racji I\u00a0 niedzieli miesi\u0105ca po Mszy \u015bw. o godz. 11.00 wystawienie Naj\u015bwi\u0119tszego Sakramentu i Adoracja Eucharystyczna. Po Mszy \u015bw. spotkanie Rady Duszpasterskiej w domu parafialnym. 1 wrze\u015bnia przypada 80 rocznica wybuchu II wojny \u015bwiatowej. W swoich modlitwach pami\u0119tajmy o tych, kt\u00f3rzy oddali swoje \u017cycie w obronie Ojczyzny. Dzisiaj zbi\u00f3rka [&hellip;]<\/p>\n","protected":false},"author":2,"featured_media":0,"comment_status":"closed","ping_status":"closed","sticky":false,"template":"","format":"standard","meta":[],"categories":[2],"tags":[],"_links":{"self":[{"href":"http:\/\/www.parafiakuligow.pl\/index.php\/wp-json\/wp\/v2\/posts\/1344"}],"collection":[{"href":"http:\/\/www.parafiakuligow.pl\/index.php\/wp-json\/wp\/v2\/posts"}],"about":[{"href":"http:\/\/www.parafiakuligow.pl\/index.php\/wp-json\/wp\/v2\/types\/post"}],"author":[{"embeddable":true,"href":"http:\/\/www.parafiakuligow.pl\/index.php\/wp-json\/wp\/v2\/users\/2"}],"replies":[{"embeddable":true,"href":"http:\/\/www.parafiakuligow.pl\/index.php\/wp-json\/wp\/v2\/comments?post=1344"}],"version-history":[{"count":1,"href":"http:\/\/www.parafiakuligow.pl\/index.php\/wp-json\/wp\/v2\/posts\/1344\/revisions"}],"predecessor-version":[{"id":1345,"href":"http:\/\/www.parafiakuligow.pl\/index.php\/wp-json\/wp\/v2\/posts\/1344\/revisions\/1345"}],"wp:attachment":[{"href":"http:\/\/www.parafiakuligow.pl\/index.php\/wp-json\/wp\/v2\/media?parent=1344"}],"wp:term":[{"taxonomy":"category","embeddable":true,"href":"http:\/\/www.parafiakuligow.pl\/index.php\/wp-json\/wp\/v2\/categories?post=1344"},{"taxonomy":"post_tag","embeddable":true,"href":"http:\/\/www.parafiakuligow.pl\/index.php\/wp-json\/wp\/v2\/tags?post=1344"}],"curies":[{"name":"wp","href":"https:\/\/api.w.org\/{rel}","templated":true}]}}