{"id":1339,"date":"2019-08-20T21:21:59","date_gmt":"2019-08-20T19:21:59","guid":{"rendered":"http:\/\/www.parafiakuligow.pl\/?p=1339"},"modified":"2019-08-20T21:21:59","modified_gmt":"2019-08-20T19:21:59","slug":"18-sierpien-2019-20-niedziela-zwykla","status":"publish","type":"post","link":"http:\/\/www.parafiakuligow.pl\/index.php\/2019\/08\/20\/18-sierpien-2019-20-niedziela-zwykla\/","title":{"rendered":"18  Sierpie\u0144  2019 20  NIEDZIELA ZWYK\u0141A"},"content":{"rendered":"<p><strong>\u00a0\u00a0\u00a0\u00a0\u00a0\u00a0\u00a0\u00a0\u00a0\u00a0\u00a0\u00a0\u00a0 I &#8211; MISJE \u015aWI\u0118TE \u00a018 \u2013 22 SIERPIE\u0143 2019<\/strong><\/p>\n<ol>\n<li>Dzisiaj w naszej parafii obchodzimy odpust ku czci Matki Bo\u017cej Loreta\u0144skiej. Rozpoczynamy r\u00f3wnie\u017c <strong>Pierwsze Misje \u015awi\u0119te<\/strong>. B\u0119d\u0105 one trwa\u0142y do <strong>22 sierpnia<\/strong>. Sum\u0119 odpustow\u0105 <strong>o godz. 12.30 <\/strong>odprawi i kazanie wyg\u0142osi ks. Edmund \u00a0Modzelewski \u2013 Salezjanin, proboszcz <strong>\u00a0<\/strong>parafii NSP Jezusa, Dziekan Dekanatu Praskiego z Warszawy. Po Mszy \u015bwi\u0119tej uroczysta procesja. W ramach Misji \u015bw. w czwartek 22 sierpnia po <strong>Mszy \u015bw.<\/strong><strong>o godz.16.00<\/strong>\u00a0 <strong>Droga Krzy\u017cowa <\/strong>ulicami parafii. Tradycyjnie zatroszczmy si\u0119 o odnowienie i dekoracj\u0119 naszych krzy\u017cy. Wyrazimy w ten spos\u00f3b nasze \u015bwiadectwo wiary. Do wsp\u00f3lnej modlitwy i orszaku procesyjnego serdecznie zapraszam asyst\u0119 liturgiczn\u0105, Ochotnicz\u0105 Stra\u017c Po\u017carn\u0105, dzieci, m\u0142odzie\u017c, parafian i wszystkich go\u015bci.<\/li>\n<li>W sobot\u0119 24 sierpnia przypada liturgiczne \u015bwi\u0119to \u015bw. Bart\u0142omieja Aposto\u0142a. W tym dniu odb\u0119dzie si\u0119 organizowana przez nasz\u0105 Gmin\u0119 impreza plenerowa \u201e Husarzy w Kuligowie. Policjanci w obronie ojczyzny w sierpniu 1920 roku\u201d, pod\u00a0 honorowym patronatem Ministra Spraw Wewn\u0119trznych i Administracji. To wydarzenie rozpocznie si\u0119 w naszym Ko\u015bciele <strong>o godz. 15.00<\/strong>\u00a0 Msz\u0105 \u015bw. w intencji Ojczyzny i\u00a0 jej Obro\u0144c\u00f3w.<\/li>\n<li>31 sierpnia przypadaj\u0105 tegoroczne do\u017cynki diecezji Warszawsko \u2013 Praskiej. Odb\u0119d\u0105 si\u0119 one w sanktuarium \u015bw. Faustyny w Ostr\u00f3wku, w Parafii NM Panny Matki Ko\u015bcio\u0142a. Uroczyst\u0105 Msz\u0105 \u015bw. podzi\u0119kujemy Bogu za tegoroczne zbiory.<\/li>\n<li>Wszystkim naszym parafianom, dzia\u0142kowiczom i go\u015bciom odpoczywaj\u0105cym w Kuligowie \u017cycz\u0119 mi\u0142ej niedzieli oraz dobrego i b\u0142ogos\u0142awionego tygodnia.<\/li>\n<li>Zach\u0119camy do czytania prasy katolickiej<\/li>\n<\/ol>\n<p><strong>Intencje Mszalne <\/strong><strong>18 \u2013 25 sierpie\u0144\u00a0 2019<\/strong><\/p>\n<p><span style=\"color: #ff0000;\"><strong>Nd. 18.VIII. 2019\u00a0\u00a0\u00a0 20 Niedziela Zwyk\u0142a\u00a0 \/Odpust\/<\/strong><\/span><\/p>\n<p style=\"text-align: center;\"><strong><u>MISJE \u015aWI\u0118TE\u00a0\u00a0 18 \u2013 22 sierpie\u0144 2019<\/u><\/strong><\/p>\n<p>g. 10.00 Int. zam.<br \/>\ng. 12.30 W int. parafian + Ann\u0119 Karasiewicz<br \/>\n<strong>Pn.\u00a0\u00a0\u00a0 19. VIII<\/strong><br \/>\ng. 10.00\u00a0 W int. dobrych owoc\u00f3w i bezpiecznego przeprowadzenia wydarze\u0144 \u201ePolicjanci w obronie Ojczyzny w sierpniu 1920r.<br \/>\ng. 18.00\u00a0 + Boles\u0142awa, Zofi\u0119 i Eugeniusza Czerwi\u0144skich<br \/>\n<strong>Wt.\u00a0\u00a0 20. VIII<br \/>\n<\/strong>g. 10.00\u00a0 Int. wolna<br \/>\ng. 18.00 + Ann\u0119, Zygmunta Jadwig\u0119 Liszewskich<br \/>\n<strong>\u015ar.\u00a0\u00a0\u00a0 21. VIII\u00a0\u00a0 <\/strong><br \/>\ng. 10.00\u00a0 Int. wolna<br \/>\ng. 18.00 Int. zam.<br \/>\n<strong>Czw. 22. VIII<br \/>\n<\/strong>g. 10.00\u00a0 Int. wolna<br \/>\ng. 18.00 O Bo\u017ce b\u0142ogos\u0142awie\u0144stwo i \u0142aski, opiek\u0119 Matki Bo\u017cej\u00a0dla cz\u0142onki\u0144 K\u017bR MB Bolesnej<br \/>\n<strong>Pt.\u00a0\u00a0\u00a0 23. VIII\u00a0\u00a0 <\/strong>g. 19.00\u00a0 Int. wolna<br \/>\n<strong>Sob. 24. VIII<\/strong><br \/>\ng. 15.00 W int. Ojczyzny i jej Obro\u0144c\u00f3w<br \/>\ng. 19.00 Int. zam.<br \/>\n<strong><span style=\"color: #ff0000;\">Nd. 25.VIII. 2019\u00a0\u00a0\u00a0 21 Niedziela Zwyk\u0142a<\/span><br \/>\n<\/strong>g, 9.00\u00a0 + Jadwig\u0119 i Jerzego Mianowskich<br \/>\ng. 11.00\u00a0 Int. zam.<br \/>\ng. 13.00 + El\u017cbiet\u0119 Gajdek w 9 rocz. \u015bm.<\/p>\n","protected":false},"excerpt":{"rendered":"<p>\u00a0\u00a0\u00a0\u00a0\u00a0\u00a0\u00a0\u00a0\u00a0\u00a0\u00a0\u00a0\u00a0 I &#8211; MISJE \u015aWI\u0118TE \u00a018 \u2013 22 SIERPIE\u0143 2019 Dzisiaj w naszej parafii obchodzimy odpust ku czci Matki Bo\u017cej Loreta\u0144skiej. Rozpoczynamy r\u00f3wnie\u017c Pierwsze Misje \u015awi\u0119te. B\u0119d\u0105 one trwa\u0142y do 22 sierpnia. Sum\u0119 odpustow\u0105 o godz. 12.30 odprawi i kazanie wyg\u0142osi ks. Edmund \u00a0Modzelewski \u2013 Salezjanin, proboszcz \u00a0parafii NSP Jezusa, [&hellip;]<\/p>\n","protected":false},"author":2,"featured_media":0,"comment_status":"closed","ping_status":"closed","sticky":false,"template":"","format":"standard","meta":[],"categories":[2],"tags":[],"_links":{"self":[{"href":"http:\/\/www.parafiakuligow.pl\/index.php\/wp-json\/wp\/v2\/posts\/1339"}],"collection":[{"href":"http:\/\/www.parafiakuligow.pl\/index.php\/wp-json\/wp\/v2\/posts"}],"about":[{"href":"http:\/\/www.parafiakuligow.pl\/index.php\/wp-json\/wp\/v2\/types\/post"}],"author":[{"embeddable":true,"href":"http:\/\/www.parafiakuligow.pl\/index.php\/wp-json\/wp\/v2\/users\/2"}],"replies":[{"embeddable":true,"href":"http:\/\/www.parafiakuligow.pl\/index.php\/wp-json\/wp\/v2\/comments?post=1339"}],"version-history":[{"count":1,"href":"http:\/\/www.parafiakuligow.pl\/index.php\/wp-json\/wp\/v2\/posts\/1339\/revisions"}],"predecessor-version":[{"id":1340,"href":"http:\/\/www.parafiakuligow.pl\/index.php\/wp-json\/wp\/v2\/posts\/1339\/revisions\/1340"}],"wp:attachment":[{"href":"http:\/\/www.parafiakuligow.pl\/index.php\/wp-json\/wp\/v2\/media?parent=1339"}],"wp:term":[{"taxonomy":"category","embeddable":true,"href":"http:\/\/www.parafiakuligow.pl\/index.php\/wp-json\/wp\/v2\/categories?post=1339"},{"taxonomy":"post_tag","embeddable":true,"href":"http:\/\/www.parafiakuligow.pl\/index.php\/wp-json\/wp\/v2\/tags?post=1339"}],"curies":[{"name":"wp","href":"https:\/\/api.w.org\/{rel}","templated":true}]}}