{"id":1336,"date":"2019-08-11T14:05:23","date_gmt":"2019-08-11T12:05:23","guid":{"rendered":"http:\/\/www.parafiakuligow.pl\/?p=1336"},"modified":"2019-08-11T14:05:23","modified_gmt":"2019-08-11T12:05:23","slug":"program-misji-swietych-w-parafii-matki-bozej-loretanskiej-w-kuligowie","status":"publish","type":"post","link":"http:\/\/www.parafiakuligow.pl\/index.php\/2019\/08\/11\/program-misji-swietych-w-parafii-matki-bozej-loretanskiej-w-kuligowie\/","title":{"rendered":"PROGRAM MISJI \u015aWI\u0118TYCH W PARAFII MATKI BO\u017bEJ LORETA\u0143SKIEJ   W  KULIGOWIE"},"content":{"rendered":"<p style=\"text-align: center;\"><strong>PROGRAM MISJI \u015aWI\u0118TYCH W PARAFII MATKI BO\u017bEJ LORETA\u0143SKIEJ\u00a0\u00a0 W\u00a0 KULIGOWIE<br \/>\n<\/strong><strong>18 &#8211; 22 sierpnia 2019r.<\/strong><\/p>\n<p><strong>NIEDZIELA\u00a0 &#8211; 18 sierpnia\u00a0 2019r.<\/strong><\/p>\n<p>\u201e <em>Jam jest Pan B\u00f3g tw\u00f3j\u201d <\/em><\/p>\n<p><em>\u00a0\u00a0\u00a0\u00a0\u00a0\u00a0\u00a0\u00a0\u00a0\u00a0\u00a0\u00a0\u00a0\u00a0 ( Wj\u00a0 20, 2 ).<\/em><\/p>\n<p><strong>Msza\u00a0 \u015bw.\u00a0 z\u00a0 nauk\u0105\u00a0 og\u00f3ln\u0105: <\/strong><strong>10.00;\u00a0 12.30<\/strong><\/p>\n<p><strong>PONIEDZIA\u0141EK\u00a0 &#8211; 19\u00a0 sierpnia\u00a0 2019r.<\/strong><\/p>\n<p><em>\u00a0\u00a0\u00a0\u00a0\u00a0\u00a0\u00a0\u00a0\u00a0\u00a0\u00a0\u00a0\u00a0\u00a0 \u201e tak B\u00f3g umi\u0142owa\u0142 \u015bwiat, \u017ce Syna Swego Jednorodzonego\u00a0 da\u0142, aby ka\u017cdy kto wierzy w Niego nie zgin\u0105\u0142, ale mia\u0142 \u017cycie wieczne\u201d\u00a0 <\/em><\/p>\n<p><em>\u00a0\u00a0\u00a0\u00a0\u00a0\u00a0\u00a0\u00a0\u00a0\u00a0\u00a0\u00a0\u00a0\u00a0\u00a0\u00a0\u00a0\u00a0\u00a0\u00a0\u00a0\u00a0\u00a0\u00a0\u00a0\u00a0\u00a0\u00a0\u00a0\u00a0\u00a0\u00a0\u00a0\u00a0\u00a0\u00a0\u00a0\u00a0\u00a0\u00a0\u00a0\u00a0\u00a0\u00a0\u00a0\u00a0\u00a0\u00a0\u00a0\u00a0\u00a0\u00a0\u00a0\u00a0\u00a0\u00a0\u00a0\u00a0\u00a0\u00a0\u00a0\u00a0\u00a0\u00a0\u00a0\u00a0\u00a0 ( J 3, 16 ).<\/em><\/p>\n<p><strong>10.00\u00a0 <\/strong><strong>Msza \u015bw. z nauk\u0105 do chorych<br \/>\n<\/strong><strong>18.00 <\/strong>\u00a0<strong>Msza \u015bw. z nauk\u0105 og\u00f3ln\u0105<\/strong><\/p>\n<p><strong>WTOREK &#8211; 20\u00a0 sierpnia\u00a0 2019r.<\/strong><\/p>\n<p><strong>\u00a0\u00a0\u00a0\u00a0\u00a0\u00a0\u00a0\u00a0 <\/strong>\u00a0<em>\u201e My\u015bmy poznali i uwierzyli Mi\u0142o\u015bci, jak\u0105 B\u00f3g ma \u201d<\/em><\/p>\n<p><em>\u00a0\u00a0\u00a0\u00a0\u00a0\u00a0\u00a0\u00a0\u00a0\u00a0\u00a0\u00a0\u00a0\u00a0\u00a0\u00a0\u00a0\u00a0\u00a0\u00a0\u00a0\u00a0\u00a0\u00a0\u00a0\u00a0\u00a0\u00a0\u00a0\u00a0\u00a0\u00a0\u00a0\u00a0\u00a0\u00a0\u00a0\u00a0\u00a0\u00a0\u00a0\u00a0\u00a0\u00a0\u00a0\u00a0\u00a0\u00a0 ( 1J\u00a0 4.16). <\/em><\/p>\n<p><strong>Msza\u00a0 \u015bw.\u00a0 z\u00a0 nauk\u0105\u00a0 og\u00f3ln\u0105: <\/strong><strong>10.00;\u00a0 18.00 <\/strong><\/p>\n<p><strong><u>( Na zako\u0144czenie Mszy \u015bw. nabo\u017ce\u0144stwo przeb\u0142agalne za grzechy pope\u0142nione <\/u><\/strong><strong><u>w ca\u0142ej parafii ).<\/u><\/strong><\/p>\n<p><strong>\u00a0<\/strong><strong>\u015aRODA\u00a0 &#8211; 21\u00a0 sierpnia\u00a0 2019r.<\/strong><\/p>\n<p><strong>\u00a0<\/strong><strong>\u00a0\u00a0\u00a0\u00a0\u00a0\u00a0\u00a0\u00a0\u00a0 <\/strong><strong>DZIE\u0143 RODZIN KATOLICKICH<\/strong><\/p>\n<p><strong>Msza\u00a0 \u015bw.\u00a0 z\u00a0 nauk\u0105\u00a0 og\u00f3ln\u0105: <\/strong><strong>10.00 ; 18.00<\/strong><\/p>\n<p><strong><u>( ODNOWIENIE PRZYRZECZE\u0143 MA\u0141\u017bE\u0143SKICH ) <\/u><\/strong><\/p>\n<p><strong>CZWARTEK &#8211; 22\u00a0 sierpnia\u00a0 2019r.<\/strong><\/p>\n<p><em>\u00a0\u00a0\u00a0\u00a0\u00a0\u00a0\u00a0\u00a0\u00a0\u00a0\u00a0 \u201e To czy\u0144cie na moj\u0105 pami\u0105tk\u0119 \u201e<\/em><\/p>\n<p><em>\u00a0\u00a0\u00a0\u00a0\u00a0\u00a0\u00a0\u00a0\u00a0\u00a0\u00a0\u00a0\u00a0\u00a0\u00a0\u00a0\u00a0\u00a0\u00a0\u00a0\u00a0\u00a0\u00a0\u00a0\u00a0\u00a0 ( \u0141k\u00a0 22, 45 ).<\/em><\/p>\n<p><strong>10.00\u00a0 <\/strong><strong>Msza \u015bw. z nauk\u0105 og\u00f3ln\u0105<\/strong><strong>\u00a0\u00a0 <u>(Ofiarowanie parafii Sercu Jezusowemu).<\/u><\/strong><\/p>\n<p style=\"text-align: center;\"><strong>UROCZYSTE ZAKO\u0143CZENIE MISJI\u00a0 \u015aWI\u0118TYCH<\/strong><\/p>\n<p><strong>\u00a0<\/strong><strong>16.00 <\/strong>\u00a0<strong>Msza \u015bw.<br \/>\n<\/strong>Po Mszy \u015bw. <strong>DROGA KRZY\u017bOWA<\/strong> ulicami parafii.<br \/>\n<strong><u>(Odnowienie przyrzecze\u0144 wierno\u015bci Krzy\u017cowi\u00a0 i\u00a0 Ewangelii).<br \/>\n<\/u><\/strong>&#8211; S\u0142owo Bo\u017ce przy <strong>Krzy\u017cu Misyjnym<br \/>\n<\/strong>&#8211; Na\u00a0 zako\u0144czenie &#8211; <strong>Apel Jasnog\u00f3rski<\/strong><\/p>\n","protected":false},"excerpt":{"rendered":"<p>PROGRAM MISJI \u015aWI\u0118TYCH W PARAFII MATKI BO\u017bEJ LORETA\u0143SKIEJ\u00a0\u00a0 W\u00a0 KULIGOWIE 18 &#8211; 22 sierpnia 2019r. NIEDZIELA\u00a0 &#8211; 18 sierpnia\u00a0 2019r. \u201e Jam jest Pan B\u00f3g tw\u00f3j\u201d \u00a0\u00a0\u00a0\u00a0\u00a0\u00a0\u00a0\u00a0\u00a0\u00a0\u00a0\u00a0\u00a0\u00a0 ( Wj\u00a0 20, 2 ). Msza\u00a0 \u015bw.\u00a0 z\u00a0 nauk\u0105\u00a0 og\u00f3ln\u0105: 10.00;\u00a0 12.30 PONIEDZIA\u0141EK\u00a0 &#8211; 19\u00a0 sierpnia\u00a0 2019r. \u00a0\u00a0\u00a0\u00a0\u00a0\u00a0\u00a0\u00a0\u00a0\u00a0\u00a0\u00a0\u00a0\u00a0 \u201e tak B\u00f3g umi\u0142owa\u0142 \u015bwiat, [&hellip;]<\/p>\n","protected":false},"author":2,"featured_media":0,"comment_status":"closed","ping_status":"closed","sticky":false,"template":"","format":"standard","meta":[],"categories":[2],"tags":[],"_links":{"self":[{"href":"http:\/\/www.parafiakuligow.pl\/index.php\/wp-json\/wp\/v2\/posts\/1336"}],"collection":[{"href":"http:\/\/www.parafiakuligow.pl\/index.php\/wp-json\/wp\/v2\/posts"}],"about":[{"href":"http:\/\/www.parafiakuligow.pl\/index.php\/wp-json\/wp\/v2\/types\/post"}],"author":[{"embeddable":true,"href":"http:\/\/www.parafiakuligow.pl\/index.php\/wp-json\/wp\/v2\/users\/2"}],"replies":[{"embeddable":true,"href":"http:\/\/www.parafiakuligow.pl\/index.php\/wp-json\/wp\/v2\/comments?post=1336"}],"version-history":[{"count":1,"href":"http:\/\/www.parafiakuligow.pl\/index.php\/wp-json\/wp\/v2\/posts\/1336\/revisions"}],"predecessor-version":[{"id":1337,"href":"http:\/\/www.parafiakuligow.pl\/index.php\/wp-json\/wp\/v2\/posts\/1336\/revisions\/1337"}],"wp:attachment":[{"href":"http:\/\/www.parafiakuligow.pl\/index.php\/wp-json\/wp\/v2\/media?parent=1336"}],"wp:term":[{"taxonomy":"category","embeddable":true,"href":"http:\/\/www.parafiakuligow.pl\/index.php\/wp-json\/wp\/v2\/categories?post=1336"},{"taxonomy":"post_tag","embeddable":true,"href":"http:\/\/www.parafiakuligow.pl\/index.php\/wp-json\/wp\/v2\/tags?post=1336"}],"curies":[{"name":"wp","href":"https:\/\/api.w.org\/{rel}","templated":true}]}}