{"id":1334,"date":"2019-08-11T14:01:04","date_gmt":"2019-08-11T12:01:04","guid":{"rendered":"http:\/\/www.parafiakuligow.pl\/?p=1334"},"modified":"2019-08-11T14:01:04","modified_gmt":"2019-08-11T12:01:04","slug":"zaproszenie-do-parafian-misje","status":"publish","type":"post","link":"http:\/\/www.parafiakuligow.pl\/index.php\/2019\/08\/11\/zaproszenie-do-parafian-misje\/","title":{"rendered":"ZAPROSZENIE do parafian-MISJE"},"content":{"rendered":"<p style=\"text-align: center;\"><em><strong>Drodzy Parafianie<\/strong><\/em><\/p>\n<p><em><strong>Z<\/strong><strong>apraszam Was do wzi<\/strong><strong>\u0119<\/strong><strong>cia udzia<\/strong><strong>\u0142<\/strong><strong>u w Misjach <\/strong><strong>\u015a<\/strong><strong>wi<\/strong><strong>\u0119<\/strong><strong>tych <\/strong><strong>w dniach 18\u00f722 sierpnia, kt\u00f3re b<\/strong><strong>\u0119<\/strong><strong>d<\/strong><strong>\u0105<\/strong><strong> dobr<\/strong><strong>\u0105<\/strong><strong> okazj<\/strong><strong>\u0105<\/strong><strong> do ponownego odkrycia Mi<\/strong><strong>\u0142<\/strong><strong>o<\/strong><strong>\u015b<\/strong><strong>ci Boga oraz odnowienia<\/strong><strong>\u00a0<\/strong> <strong>\u017c<\/strong><strong>ycia osobistego, rodzinnego i parafialnego. <\/strong><\/em><\/p>\n<p><em><strong>Pragniemy prze<\/strong><strong>\u017cy\u0107 <\/strong><strong>je w <\/strong><strong>\u0142\u0105<\/strong><strong>czno<\/strong><strong>\u015b<\/strong><strong>ci z Maryj<\/strong><strong>\u0105\u00a0 nasz\u0105 Matk\u0105, kt\u00f3r\u0105 <\/strong><strong>czcimy \u00a0w wizerunku MB Loreta<\/strong><strong>\u0144skiej\u00a0 <\/strong><strong>i kt\u00f3ra spogl<\/strong><strong>\u0105<\/strong><strong>da na nas <\/strong><strong>z mi<\/strong><strong>\u0142<\/strong><strong>o<\/strong><strong>\u015b<\/strong><strong>ci<\/strong><strong>\u0105, <\/strong><strong>zrozumieniem i zach<\/strong><strong>\u0119<\/strong><strong>ca do zadania sobie uczciwego pytania o nasz<\/strong><strong>\u0105<\/strong><strong> wierno<\/strong><strong>\u015b\u0107<\/strong><strong> Chrystusowi. Misje to r<\/strong><strong>\u00f3<\/strong><strong>wnie<\/strong><strong>\u017c<\/strong><strong> wielka modlitwa za osoby konsekrowane,\u00a0 odgrywaj<\/strong><strong>\u0105<\/strong><strong>ce<\/strong><strong> wa<\/strong><strong>\u017c<\/strong><strong>n<\/strong><strong>\u0105<\/strong><strong> rol<\/strong><strong>\u0119<\/strong><strong> w <\/strong><strong>\u017c<\/strong><strong>yciu Ko<\/strong><strong>\u015b<\/strong><strong>cio<\/strong><strong>\u0142<\/strong><strong>a, a kt<\/strong><strong>\u00f3<\/strong><strong>re nara<\/strong><strong>\u017c<\/strong><strong>one s<\/strong><strong>\u0105<\/strong><strong> na wiele niebezpiecze<\/strong><strong>\u0144<\/strong><strong>stw.<\/strong><\/em><\/p>\n<p><em><strong>Przyjd<\/strong><strong>\u017a<\/strong><strong>my na spotkanie z Jezusem. Pozw<\/strong><strong>\u00f3<\/strong><strong>lmy, aby Pan <\/strong><strong>przem<\/strong><strong>\u00f3<\/strong><strong>wi<\/strong><strong>\u0142<\/strong><strong> do naszych serc. Niech nasza przysz<\/strong><strong>\u0142<\/strong><strong>o<\/strong><strong>\u015b\u0107<\/strong><strong> b<\/strong><strong>\u0119<\/strong><strong>dzie <\/strong><strong>przylgni<\/strong><strong>\u0119<\/strong><strong>ciem do Jezusa, kt<\/strong><strong>\u00f3<\/strong><strong>ry jest Drog<\/strong><strong>\u0105<\/strong><strong>, Prawd<\/strong><strong>\u0105<\/strong><strong> i <\/strong><strong>\u017b<\/strong><strong>yciem. Maryja pomaga nam znale<\/strong><strong>\u017a\u0107<\/strong><strong> Jezusa. Ona wspiera nas aby<\/strong><strong>\u015b<\/strong><strong>my nie zw<\/strong><strong>\u0105<\/strong><strong>tpili.\u00a0 Jej matczyna opieka uczy nas jak chroni<\/strong><strong>\u0107<\/strong><strong> siebie i innych od z<\/strong><strong>\u0142<\/strong><strong>a, oboj<\/strong><strong>\u0119<\/strong><strong>tno<\/strong><strong>\u015b<\/strong><strong>ci, biernego dryfowania w <\/strong><strong>\u017c<\/strong><strong>yciu, zw<\/strong><strong>\u0105<\/strong><strong>tpienia, <\/strong><strong>powierzchownego poszukiwania namiastek szcz<\/strong><strong>\u0119\u015b<\/strong><strong>cia.<\/strong><\/em><\/p>\n<p><em><strong>\u00a0<\/strong><strong>B<\/strong><strong>\u0105<\/strong><strong>d<\/strong><strong>\u017a<\/strong><strong>my na modlitwie razem. Matka Jezusa jest nasz<\/strong><strong>\u0105 <\/strong><strong>pomoc<\/strong><strong>\u0105<\/strong><strong>.\u00a0 Pragniemy na nowo obudzi<\/strong><strong>\u0107<\/strong><strong> w nas wiar<\/strong><strong>\u0119<\/strong><strong>, nadziej<\/strong><strong>\u0119 <\/strong><strong>i mi<\/strong><strong>\u0142<\/strong><strong>o<\/strong><strong>\u015b<\/strong><strong>\u0107.<\/strong><strong> Chce chroni<\/strong><strong>\u0107<\/strong><strong> nas od burz i niepokoj<\/strong><strong>\u00f3<\/strong><strong>w, aby ka<\/strong><strong>\u017c<\/strong><strong>dy z nas <\/strong><strong>wyruszy<\/strong><strong>\u0142<\/strong><strong> z Dobr<\/strong><strong>\u0105<\/strong><strong> Nowin<\/strong><strong>\u0105<\/strong> <strong>\u00a0<\/strong><strong>o Jezusie Chrystusie, jedynym <\/strong><strong>Zbawicielu cz<\/strong><strong>\u0142<\/strong><strong>owieka.<\/strong><\/em><\/p>\n<p><em><strong>\u00a0<\/strong><strong>Zwracam si<\/strong><strong>\u0119<\/strong><strong> z pro<\/strong><strong>\u015b<\/strong><strong>b<\/strong><strong>\u0105<\/strong><strong> do wszystkich<\/strong><strong>\u00a0 o w<\/strong><strong>\u0142<\/strong><strong>a<\/strong><strong>\u015b<\/strong><strong>ciwe zorganizowanie <\/strong><strong>swoich zaj<\/strong><strong>\u0119\u0107<\/strong><strong>, by znale<\/strong><strong>\u017a\u0107<\/strong><strong> czas na Misje <\/strong><strong>\u015a<\/strong><strong>wi<\/strong><strong>\u0119<\/strong><strong>te.<\/strong><strong>\u00a0<\/strong><\/em><\/p>\n<p><em><strong>Pros<\/strong><strong>z\u0119<\/strong><strong> Was o modlitw<\/strong><strong>\u0119<\/strong><strong>, umartwienia<\/strong><strong>\u00a0w intencji Misji <\/strong><strong>\u015a<\/strong><strong>wi<\/strong><strong>\u0119<\/strong><strong>tych.<\/strong><\/em><\/p>\n<p><em><strong>\u00a0<\/strong><strong>Prosz<\/strong><strong>\u0119<\/strong><strong> te<\/strong><strong>\u017c<\/strong><strong> o apostolstwo<\/strong><strong>\u00a0\u2013 mo<\/strong><strong>\u017c<\/strong><strong>e dzi<\/strong><strong>\u0119<\/strong><strong>ki Tobie kto<\/strong><strong>\u015b<\/strong><strong> odnajdzie drog<\/strong><strong>\u0119<\/strong><strong> do Boga.<\/strong><\/em><\/p>\n<p style=\"text-align: right;\"><em><strong>\u00a0\u00a0\u00a0\u00a0\u00a0\u00a0\u00a0\u00a0\u00a0\u00a0\u00a0\u00a0\u00a0\u00a0\u00a0\u00a0\u00a0\u00a0\u00a0\u00a0 Ks.\u00a0Proboszcz<\/strong><\/em><\/p>\n","protected":false},"excerpt":{"rendered":"<p>Drodzy Parafianie Zapraszam Was do wzi\u0119cia udzia\u0142u w Misjach \u015awi\u0119tych w dniach 18\u00f722 sierpnia, kt\u00f3re b\u0119d\u0105 dobr\u0105 okazj\u0105 do ponownego odkrycia Mi\u0142o\u015bci Boga oraz odnowienia\u00a0 \u017cycia osobistego, rodzinnego i parafialnego. Pragniemy prze\u017cy\u0107 je w \u0142\u0105czno\u015bci z Maryj\u0105\u00a0 nasz\u0105 Matk\u0105, kt\u00f3r\u0105 czcimy \u00a0w wizerunku MB Loreta\u0144skiej\u00a0 i kt\u00f3ra spogl\u0105da na nas [&hellip;]<\/p>\n","protected":false},"author":2,"featured_media":0,"comment_status":"closed","ping_status":"closed","sticky":false,"template":"","format":"standard","meta":[],"categories":[2],"tags":[],"_links":{"self":[{"href":"http:\/\/www.parafiakuligow.pl\/index.php\/wp-json\/wp\/v2\/posts\/1334"}],"collection":[{"href":"http:\/\/www.parafiakuligow.pl\/index.php\/wp-json\/wp\/v2\/posts"}],"about":[{"href":"http:\/\/www.parafiakuligow.pl\/index.php\/wp-json\/wp\/v2\/types\/post"}],"author":[{"embeddable":true,"href":"http:\/\/www.parafiakuligow.pl\/index.php\/wp-json\/wp\/v2\/users\/2"}],"replies":[{"embeddable":true,"href":"http:\/\/www.parafiakuligow.pl\/index.php\/wp-json\/wp\/v2\/comments?post=1334"}],"version-history":[{"count":1,"href":"http:\/\/www.parafiakuligow.pl\/index.php\/wp-json\/wp\/v2\/posts\/1334\/revisions"}],"predecessor-version":[{"id":1335,"href":"http:\/\/www.parafiakuligow.pl\/index.php\/wp-json\/wp\/v2\/posts\/1334\/revisions\/1335"}],"wp:attachment":[{"href":"http:\/\/www.parafiakuligow.pl\/index.php\/wp-json\/wp\/v2\/media?parent=1334"}],"wp:term":[{"taxonomy":"category","embeddable":true,"href":"http:\/\/www.parafiakuligow.pl\/index.php\/wp-json\/wp\/v2\/categories?post=1334"},{"taxonomy":"post_tag","embeddable":true,"href":"http:\/\/www.parafiakuligow.pl\/index.php\/wp-json\/wp\/v2\/tags?post=1334"}],"curies":[{"name":"wp","href":"https:\/\/api.w.org\/{rel}","templated":true}]}}