{"id":1332,"date":"2019-08-11T13:57:37","date_gmt":"2019-08-11T11:57:37","guid":{"rendered":"http:\/\/www.parafiakuligow.pl\/?p=1332"},"modified":"2019-08-11T13:57:37","modified_gmt":"2019-08-11T11:57:37","slug":"11-sierpien-2019-19-niedziela-zwykla","status":"publish","type":"post","link":"http:\/\/www.parafiakuligow.pl\/index.php\/2019\/08\/11\/11-sierpien-2019-19-niedziela-zwykla\/","title":{"rendered":"11 Sierpie\u0144 2019 -19 Niedziela Zwyk\u0142a"},"content":{"rendered":"<ol>\n<li>W czwartek 15 sierpnia przypada Uroczysto\u015b\u0107 Wniebowzi\u0119cia NMP, Matki Bo\u017cej Zwyci\u0119skiej Patronki Diecezji i \u015awi\u0119to Wojska polskiego. Msze \u015bw. o godz. 9.00, 11.00\u00a0 i 13.00. Na ka\u017cdej Mszy \u015bw. po\u015bwi\u0119cenie zi\u00f3\u0142 i kwiat\u00f3w.<\/li>\n<li>W sobot\u0119 17 sierpnia b\u0119dziemy prze\u017cywa\u0107 diecezjalny dzie\u0144 skupienia;<br \/>\nDzie\u0142o Modlitwy Diecezji Warszawsko \u2013 Praskiej.<br \/>\nRozpoczniemy godzinkami ku czci NM Panny o godz. 7.45.Przez ca\u0142odzienn\u0105 Adoracj\u0119 przed Naj\u015bwi\u0119tszym Sakramentem, Msz\u0119 \u015bwi\u0119t\u0105 oraz\u00a0 wsp\u00f3ln\u0105 i \u00a0indywidualn\u0105 modlitw\u0119 b\u0119dziemy prosi\u0107 o Bo\u017ce b\u0142ogos\u0142awie\u0144stwo dla naszych rodzin, pog\u0142\u0119bienie wiary i duchowe prze\u017cycie i owoce pierwszych Misji \u015bwi\u0119tych w naszej parafii. Do wsp\u00f3lnej modlitwy zapraszamy parafian, w szczeg\u00f3lno\u015bci dzieci, m\u0142odzie\u017c, wszystkie zespo\u0142y modlitewne,dzia\u0142kowicz\u00f3w i go\u015bci. Szczeg\u00f3\u0142y programu w gablocie przy wej\u015bciu do ko\u015bcio\u0142a i na stronie internetowej parafii.<\/li>\n<li><strong>I Misje \u015bw<\/strong>. w parafii MB Loreta\u0144skiej w Kuligowie rozpoczniemy w Uroczysto\u015b\u0107 Odpustow\u0105 18 sierpnia i b\u0119d\u0105 trwa\u0142y do czwartku 22 sierpnia. Poprowadzi je ks. Edmund \u00a0Modzelewski \u2013 salezjanin. W ramach Misji \u015bw. w czwartek 22 sierpnia po <strong>Mszy \u015bw. o godz. 16.00<\/strong> \u00a0<strong>Droga Krzy\u017cowa <\/strong>ulicami parafii. Tradycyjnie zatroszczmy si\u0119 o odnowienie i dekoracj\u0119 naszych krzy\u017cy. Wyrazimy w ten spos\u00f3b nasze \u015bwiadectwo wiary.\u00a0 Wszystkich parafian i go\u015bci serdecznie zapraszam.<\/li>\n<li>W sobot\u0119 24 sierpnia odb\u0119dzie si\u0119 organizowana przez nasz\u0105 Gmin\u0119 impreza plenerowa \u201e Husarzy w Kuligowie. Policjanci w obronie ojczyzny w sierpniu 1920 roku\u201d, pod\u00a0 honorowym patronatem Ministra Spraw Wewn\u0119trznych i Administracji. To wydarzenie rozpocznie si\u0119 w naszym Ko\u015bciele <strong>o godz. 15.00<\/strong>\u00a0 Msz\u0105 \u015bw. w intencji Ojczyzny i\u00a0 jej Obro\u0144c\u00f3w.<\/li>\n<li>Wszystkim naszym parafianom, dzia\u0142kowiczom i go\u015bciom odpoczywaj\u0105cym w Kuligowie \u017cycz\u0119 mi\u0142ej niedzieli oraz dobrego i b\u0142ogos\u0142awionego tygodnia.<\/li>\n<\/ol>\n<p><strong>\u00a0<\/strong><strong>Intencje Mszalne <\/strong><strong>11 \u2013 18 sierpie\u0144\u00a0 2019<\/strong><\/p>\n<p><span style=\"color: #ff0000;\"><strong>Nd. 11.VIII. 2019\u00a0\u00a0\u00a0 19\u00a0 Niedziela Zwyk\u0142a<br \/>\n<\/strong><\/span>g. 9.00\u00a0 + Edmunda i Teres\u0119 \u00a0\u017bmijewskichZ<br \/>\ng. 11.00 + Adama Wieteska w 12 rocz. \u015bm.<br \/>\ng. 13.00 + Aleksandra i Halin\u0119 Tarasiuk<br \/>\n<strong>Pn.\u00a0\u00a0\u00a0 12. VIII<\/strong>\u00a0\u00a0 \u00a0g. 19.00\u00a0 + Tadeusza Sylwestra Wi\u0119ch \/5\/<br \/>\n<strong>Wt.\u00a0\u00a0 13. VIII\u00a0\u00a0 \u00a0<\/strong>g.\u00a0\u00a0 7.00\u00a0 + Tadeusza Sylwestra Wi\u0119ch \/6\/<br \/>\n<strong>\u015ar.\u00a0\u00a0\u00a0 14. VIII\u00a0\u00a0 <\/strong>\u00a0g. 19.00\u00a0 + Tadeusza Sylwestra Wi\u0119ch \/7\/<br \/>\n<span style=\"color: #ff0000;\"><strong>Czw. 15. VIII\u00a0 \u00a0Wniebowzi\u0119cie NM Panny<br \/>\n<\/strong><\/span>g. 9.00\u00a0 Int. zam.<br \/>\ng. 11.00 Int. zam.<br \/>\ng. 13.00 + Mariann\u0119, Franciszka D\u0105browskich; El\u017cbiet\u0119 Gajewsk\u0105<br \/>\n<strong>Pt.\u00a0\u00a0\u00a0 16. VIII\u00a0\u00a0 <\/strong>g. 19.00\u00a0 + Mariann\u0119 i Lecha Bruszewskich<br \/>\n<strong>Sob. 17. VIII<\/strong>\u00a0\u00a0 <strong>Dzie\u0142o modlitwy Diecezji Warszawsko Praskiej <\/strong><strong>w parafii MB Loreta\u0144skiej w Kuligowie<br \/>\n<\/strong>g. 8.00 Int. wolna<br \/>\ng. 18.00 Int. zam.<br \/>\n<span style=\"color: #ff0000;\"><strong>Nd. 18.VIII. 2019\u00a0\u00a0\u00a0 20 Niedziela Zwyk\u0142a\u00a0 \/Odpust\/<\/strong><\/span><\/p>\n<p><strong>MISJE \u015aWI\u0118TE\u00a0 \u00a018 \u2013 22 sierpie\u0144 2019<br \/>\n<\/strong>g. 10.00 Int. zam.<br \/>\ng. 12.30\u00a0 + Ann\u0119 Karasiewicz<\/p>\n","protected":false},"excerpt":{"rendered":"<p>W czwartek 15 sierpnia przypada Uroczysto\u015b\u0107 Wniebowzi\u0119cia NMP, Matki Bo\u017cej Zwyci\u0119skiej Patronki Diecezji i \u015awi\u0119to Wojska polskiego. Msze \u015bw. o godz. 9.00, 11.00\u00a0 i 13.00. Na ka\u017cdej Mszy \u015bw. po\u015bwi\u0119cenie zi\u00f3\u0142 i kwiat\u00f3w. W sobot\u0119 17 sierpnia b\u0119dziemy prze\u017cywa\u0107 diecezjalny dzie\u0144 skupienia; Dzie\u0142o Modlitwy Diecezji Warszawsko \u2013 Praskiej. Rozpoczniemy godzinkami [&hellip;]<\/p>\n","protected":false},"author":2,"featured_media":0,"comment_status":"closed","ping_status":"closed","sticky":false,"template":"","format":"standard","meta":[],"categories":[2],"tags":[],"_links":{"self":[{"href":"http:\/\/www.parafiakuligow.pl\/index.php\/wp-json\/wp\/v2\/posts\/1332"}],"collection":[{"href":"http:\/\/www.parafiakuligow.pl\/index.php\/wp-json\/wp\/v2\/posts"}],"about":[{"href":"http:\/\/www.parafiakuligow.pl\/index.php\/wp-json\/wp\/v2\/types\/post"}],"author":[{"embeddable":true,"href":"http:\/\/www.parafiakuligow.pl\/index.php\/wp-json\/wp\/v2\/users\/2"}],"replies":[{"embeddable":true,"href":"http:\/\/www.parafiakuligow.pl\/index.php\/wp-json\/wp\/v2\/comments?post=1332"}],"version-history":[{"count":1,"href":"http:\/\/www.parafiakuligow.pl\/index.php\/wp-json\/wp\/v2\/posts\/1332\/revisions"}],"predecessor-version":[{"id":1333,"href":"http:\/\/www.parafiakuligow.pl\/index.php\/wp-json\/wp\/v2\/posts\/1332\/revisions\/1333"}],"wp:attachment":[{"href":"http:\/\/www.parafiakuligow.pl\/index.php\/wp-json\/wp\/v2\/media?parent=1332"}],"wp:term":[{"taxonomy":"category","embeddable":true,"href":"http:\/\/www.parafiakuligow.pl\/index.php\/wp-json\/wp\/v2\/categories?post=1332"},{"taxonomy":"post_tag","embeddable":true,"href":"http:\/\/www.parafiakuligow.pl\/index.php\/wp-json\/wp\/v2\/tags?post=1332"}],"curies":[{"name":"wp","href":"https:\/\/api.w.org\/{rel}","templated":true}]}}