{"id":1327,"date":"2019-08-04T11:44:46","date_gmt":"2019-08-04T09:44:46","guid":{"rendered":"http:\/\/www.parafiakuligow.pl\/?p=1327"},"modified":"2019-08-04T11:45:13","modified_gmt":"2019-08-04T09:45:13","slug":"diecezjalna-modlitwa-o-powolania-kaplanskie-i-zakonne-2","status":"publish","type":"post","link":"http:\/\/www.parafiakuligow.pl\/index.php\/2019\/08\/04\/diecezjalna-modlitwa-o-powolania-kaplanskie-i-zakonne-2\/","title":{"rendered":"Diecezjalna modlitwa o powo\u0142ania kap\u0142a\u0144skie i zakonne"},"content":{"rendered":"<p>Warszawa, 25 lipca 2019 roku<\/p>\n<p>Wielebni Duszpasterze,<br \/>\nCzcigodne Osoby \u017bycia Konsekrowanego,<br \/>\nUmi\u0142owani Diecezjanie,<\/p>\n<p>Okres wakacji to szczeg\u00f3lnie czas wytchnienia, odpoczynku, ale dla wielu \u2013 szczeg\u00f3lnie dla ludzi m\u0142odych \u2013 jest czasem do podejmowania wa\u017cnych decyzji.<\/p>\n<p>Wszyscy jeste\u015bmy za siebie wsp\u00f3\u0142odpowiedzialni. W\u00a0my\u015bl s\u0142\u00f3w \u015bw. Paw\u0142a: \u201eJeden drugiego brzemiona no\u015bcie\u201d (Ga 6,2) starajmy si\u0119 pomaga\u0107 innym w\u00a0podejmowaniu przez nich wa\u017cnych decyzji. W\u015br\u00f3d tych decyzji bardzo wa\u017cne s\u0105 te, kt\u00f3re dotycz\u0105 drogi powo\u0142ania. Dotyczy to szczeg\u00f3lnie wyboru drogi do \u017cycia ma\u0142\u017ce\u0144skiego, rodzinnego, powo\u0142ania kap\u0142a\u0144skiego, do \u017cycia konsekrowanego, pracy na misjach i\u00a0ka\u017cdego innego, b\u0119d\u0105cego wype\u0142nieniem zaproszenia samego Boga.<\/p>\n<p>Z trosk\u0105 spogl\u0105dam na potrzeby naszej Wsp\u00f3lnoty diecezjalnej. Diecezja, w\u00a0kt\u00f3rej niemal z\u00a0ka\u017cdym dniem przybywa mieszka\u0144c\u00f3w, ci\u0105gle ma za ma\u0142o kap\u0142an\u00f3w i\u00a0os\u00f3b \u017cycia konsekrowanego, aby owocnie podejmowa\u0107 zadania ewangelizacyjne. Zwracam si\u0119 do Was, Czcigodni Diecezjanie, z\u00a0serdeczn\u0105 pro\u015bb\u0105 o\u00a0ufn\u0105 modlitw\u0119 w\u00a0intencji powo\u0142a\u0144 kap\u0142a\u0144skich, do \u017cycia konsekrowanego i\u00a0do pos\u0142ugi na misjach.<\/p>\n<p>Zwracam si\u0119 do Was m\u0142odzi, kt\u00f3rzy ws\u0142uchujecie si\u0119 w\u00a0g\u0142os Boga, kt\u00f3ry kieruje naszymi drogami. Nie l\u0119kajcie si\u0119 odpowiedzie\u0107 na Jego wezwanie. Im s\u0105 trudniejsze czasy, tym potrzeba wierniejszych \u015bwiadk\u00f3w. Trzeba naprawd\u0119 zaufa\u0107, \u017ce to B\u00f3g prowadzi. Ludzkie s\u0142abo\u015bci s\u0105 nam wszystkim znane i\u00a0na wszystkich drogach ludzkiego powo\u0142ania daj\u0105 o\u00a0sobie zna\u0107. Jeste\u015bmy Bogu potrzebni z\u00a0naszym dzieci\u0119cym zaufaniem i\u00a0rado\u015bci\u0105 s\u0142u\u017cby.<\/p>\n<p>Niebawem rozpocznie si\u0119 nowy rok akademicki w\u00a0naszym Wy\u017cszym Seminarium Duchownym. Pragnieniem wszystkich, kt\u00f3rym na sercu le\u017cy dobro ludu Bo\u017cego naszej Wsp\u00f3lnoty diecezjalnej jest, aby nasze Seminarium Duchowne przygotowa\u0142o jak najlepiej i\u00a0jak najliczniejsz\u0105 grup\u0119 m\u0142odych kap\u0142an\u00f3w.<\/p>\n<p>Prosz\u0119 zatem ka\u017cdego z\u00a0Was o\u00a0modlitw\u0119, ofiarowanie cierpie\u0144 i\u00a0dobrych uczynk\u00f3w w\u00a0intencji uproszenia powo\u0142a\u0144. Do tej pro\u015bby zach\u0119ca nas sam Jezus: \u201e\u017bniwo wprawdzie wielkie, ale robotnik\u00f3w ma\u0142o. Pro\u015bcie Pana \u017cniwa, aby pos\u0142a\u0142 robotnik\u00f3w na swoje \u017cniwo\u201d (por. Mt 9,36-10,8). Cenne jest tak\u017ce dobre s\u0142owo zach\u0119ty wobec m\u0142odych i\u00a0towarzyszenie im w\u00a0podejmowaniu, a\u00a0potem w\u00a0realizacji ich powo\u0142ania.<\/p>\n<p>Z serca dzi\u0119kuj\u0119 za wsparcie modlitewne, ka\u017cdy dobry czyn i\u00a0s\u0142owo w\u00a0intencji powo\u0142a\u0144.<\/p>\n<p>Z modlitw\u0105 i\u00a0pasterskim b\u0142ogos\u0142awie\u0144stwem<\/p>\n<p><em>+ Romuald Kami\u0144ski<br \/>\nBiskup Warszawsko-Praski<\/em><\/p>\n","protected":false},"excerpt":{"rendered":"<p>Warszawa, 25 lipca 2019 roku Wielebni Duszpasterze, Czcigodne Osoby \u017bycia Konsekrowanego, Umi\u0142owani Diecezjanie, Okres wakacji to szczeg\u00f3lnie czas wytchnienia, odpoczynku, ale dla wielu \u2013 szczeg\u00f3lnie dla ludzi m\u0142odych \u2013 jest czasem do podejmowania wa\u017cnych decyzji. Wszyscy jeste\u015bmy za siebie wsp\u00f3\u0142odpowiedzialni. W\u00a0my\u015bl s\u0142\u00f3w \u015bw. Paw\u0142a: \u201eJeden drugiego brzemiona no\u015bcie\u201d (Ga 6,2) [&hellip;]<\/p>\n","protected":false},"author":2,"featured_media":0,"comment_status":"closed","ping_status":"closed","sticky":false,"template":"","format":"standard","meta":[],"categories":[2],"tags":[],"_links":{"self":[{"href":"http:\/\/www.parafiakuligow.pl\/index.php\/wp-json\/wp\/v2\/posts\/1327"}],"collection":[{"href":"http:\/\/www.parafiakuligow.pl\/index.php\/wp-json\/wp\/v2\/posts"}],"about":[{"href":"http:\/\/www.parafiakuligow.pl\/index.php\/wp-json\/wp\/v2\/types\/post"}],"author":[{"embeddable":true,"href":"http:\/\/www.parafiakuligow.pl\/index.php\/wp-json\/wp\/v2\/users\/2"}],"replies":[{"embeddable":true,"href":"http:\/\/www.parafiakuligow.pl\/index.php\/wp-json\/wp\/v2\/comments?post=1327"}],"version-history":[{"count":2,"href":"http:\/\/www.parafiakuligow.pl\/index.php\/wp-json\/wp\/v2\/posts\/1327\/revisions"}],"predecessor-version":[{"id":1329,"href":"http:\/\/www.parafiakuligow.pl\/index.php\/wp-json\/wp\/v2\/posts\/1327\/revisions\/1329"}],"wp:attachment":[{"href":"http:\/\/www.parafiakuligow.pl\/index.php\/wp-json\/wp\/v2\/media?parent=1327"}],"wp:term":[{"taxonomy":"category","embeddable":true,"href":"http:\/\/www.parafiakuligow.pl\/index.php\/wp-json\/wp\/v2\/categories?post=1327"},{"taxonomy":"post_tag","embeddable":true,"href":"http:\/\/www.parafiakuligow.pl\/index.php\/wp-json\/wp\/v2\/tags?post=1327"}],"curies":[{"name":"wp","href":"https:\/\/api.w.org\/{rel}","templated":true}]}}