{"id":1318,"date":"2019-07-22T15:54:15","date_gmt":"2019-07-22T13:54:15","guid":{"rendered":"http:\/\/www.parafiakuligow.pl\/?p=1318"},"modified":"2019-07-22T15:54:15","modified_gmt":"2019-07-22T13:54:15","slug":"21-lipiec-2019-16-niedziela-zwykla","status":"publish","type":"post","link":"http:\/\/www.parafiakuligow.pl\/index.php\/2019\/07\/22\/21-lipiec-2019-16-niedziela-zwykla\/","title":{"rendered":"21 Lipiec 2019 &#8211; 16 Niedziela Zwyk\u0142a"},"content":{"rendered":"<ol>\n<li>W czwartek 25 lipca przypada liturgiczne \u015bwi\u0119to \u015bw. Jakuba aposto\u0142a, a 26 lipca wspomnienie \u015awi\u0119tych Joachima i Anny , rodzic\u00f3w NMPanny.<\/li>\n<li>W przysz\u0142\u0105 niedziel\u0119 28 lipca po ka\u017cdej Mszy \u015bw. b\u0142ogos\u0142awie\u0144stwo kierowc\u00f3w i po\u015bwi\u0119cenie pojazd\u00f3w z racji\u00a0 \u015bw. Krzysztofa patrona podr\u00f3\u017cuj\u0105cych. Dzi\u0119kuj\u0105c Panu Bogu za Jego opiek\u0119 mo\u017cemy wesprze\u0107 polskich misjonarzy ofiar\u0105 na zakup transportu.<\/li>\n<li>W dniach 27-28 lipca organizowana jest pielgrzymka z Warszawy\u00a0 do Ostr\u00f3wka w ramach 9-cio letniej nowenny w intencji powo\u0142a\u0144 do Kap\u0142a\u0144stwa i \u017cycia konsekrowanego. W tym roku to ju\u017c sz\u00f3sta pielgrzymka. Szczeg\u00f3\u0142y na plakacie w gablocie przy wej\u015bciu do\u00a0 ko\u015bcio\u0142a.<\/li>\n<li>Wszystkim naszym go\u015bciom, dzia\u0142kowiczom i parafianom, a szczeg\u00f3lnie tym, kt\u00f3rzy b\u0119d\u0105 w najbli\u017cszym czasie obchodzi\u0107 swoje imieniny \u017cycz\u0119 mi\u0142ej niedzieli oraz dobrego i b\u0142ogos\u0142awionego tygodnia.<\/li>\n<li>Zach\u0119camy do czytania prasy katolickiej.\n<p><strong>Intencje Mszalne <\/strong><strong>21 \u2013 28 lipiec\u00a0 2019<\/strong><\/li>\n<\/ol>\n<p><span style=\"color: #ff0000;\"><strong>Nd. 21.VII. 2019 &#8211; 16 Niedziela Zwyk\u0142a<br \/>\n<\/strong><\/span>g. 9.00\u00a0\u00a0 + Franciszka Czarnowskiego<br \/>\ng. 11.00 + Feliksa, Mariann\u0119 i W\u0142odzimierza Piwowarskich<br \/>\ng. 13.00 + Czes\u0142aw\u0119 Mianowsk\u0105<br \/>\n<strong>Pn.\u00a0\u00a0\u00a0 22. VII<\/strong>\u00a0\u00a0 g. 19.00\u00a0 + Krzysztofa Augustyniak\u00a0 \/6\/<br \/>\n<strong>Wt.\u00a0\u00a0 23. VII\u00a0\u00a0 <\/strong>g.\u00a0\u00a0 7.00\u00a0 + Krzysztofa Augustyniak\u00a0 \/7\/<br \/>\n<strong>\u015ar.\u00a0\u00a0\u00a0 24. VII\u00a0\u00a0 <\/strong>\u00a0g. 19.00\u00a0 + Krzysztofa Augustyniak\u00a0 \/8\/<br \/>\n<strong>Czw. 25. VII\u00a0\u00a0 <\/strong>g.\u00a0\u00a0 7.00\u00a0 + Leontyn\u0119 Puchalsk\u0105<br \/>\n<strong>Pt.\u00a0\u00a0\u00a0 26. VII\u00a0\u00a0\u00a0 <\/strong>g. 19.00\u00a0 + Krzysztofa Augustyniak\u00a0 \/9\/<br \/>\n<strong>Sob. 27. VII<\/strong>\u00a0\u00a0 \u00a0g. 19.00\u00a0 + Krzysztofa Augustyniak\u00a0 \/10\/<br \/>\n<strong><span style=\"color: #ff0000;\">Nd. 28.VII. 2019 &#8211; 17 Niedziela Zwyk\u0142a<\/span><br \/>\n<\/strong>g. 9.00\u00a0\u00a0 Int. zam.<br \/>\ng. 11.00\u00a0\u00a0 + Ann\u0119, Zygmunta i Jadwig\u0119 Liszewskich<br \/>\ng. 13.00\u00a0\u00a0 + Jadwig\u0119 i Kazimierza Ma\u0144k; J\u00f3zef\u0119, Aleksandra i Tadeusza Wi\u0119cek<\/p>\n","protected":false},"excerpt":{"rendered":"<p>W czwartek 25 lipca przypada liturgiczne \u015bwi\u0119to \u015bw. Jakuba aposto\u0142a, a 26 lipca wspomnienie \u015awi\u0119tych Joachima i Anny , rodzic\u00f3w NMPanny. W przysz\u0142\u0105 niedziel\u0119 28 lipca po ka\u017cdej Mszy \u015bw. b\u0142ogos\u0142awie\u0144stwo kierowc\u00f3w i po\u015bwi\u0119cenie pojazd\u00f3w z racji\u00a0 \u015bw. Krzysztofa patrona podr\u00f3\u017cuj\u0105cych. Dzi\u0119kuj\u0105c Panu Bogu za Jego opiek\u0119 mo\u017cemy wesprze\u0107 polskich [&hellip;]<\/p>\n","protected":false},"author":2,"featured_media":0,"comment_status":"closed","ping_status":"closed","sticky":false,"template":"","format":"standard","meta":[],"categories":[2],"tags":[],"_links":{"self":[{"href":"http:\/\/www.parafiakuligow.pl\/index.php\/wp-json\/wp\/v2\/posts\/1318"}],"collection":[{"href":"http:\/\/www.parafiakuligow.pl\/index.php\/wp-json\/wp\/v2\/posts"}],"about":[{"href":"http:\/\/www.parafiakuligow.pl\/index.php\/wp-json\/wp\/v2\/types\/post"}],"author":[{"embeddable":true,"href":"http:\/\/www.parafiakuligow.pl\/index.php\/wp-json\/wp\/v2\/users\/2"}],"replies":[{"embeddable":true,"href":"http:\/\/www.parafiakuligow.pl\/index.php\/wp-json\/wp\/v2\/comments?post=1318"}],"version-history":[{"count":1,"href":"http:\/\/www.parafiakuligow.pl\/index.php\/wp-json\/wp\/v2\/posts\/1318\/revisions"}],"predecessor-version":[{"id":1319,"href":"http:\/\/www.parafiakuligow.pl\/index.php\/wp-json\/wp\/v2\/posts\/1318\/revisions\/1319"}],"wp:attachment":[{"href":"http:\/\/www.parafiakuligow.pl\/index.php\/wp-json\/wp\/v2\/media?parent=1318"}],"wp:term":[{"taxonomy":"category","embeddable":true,"href":"http:\/\/www.parafiakuligow.pl\/index.php\/wp-json\/wp\/v2\/categories?post=1318"},{"taxonomy":"post_tag","embeddable":true,"href":"http:\/\/www.parafiakuligow.pl\/index.php\/wp-json\/wp\/v2\/tags?post=1318"}],"curies":[{"name":"wp","href":"https:\/\/api.w.org\/{rel}","templated":true}]}}