{"id":1312,"date":"2019-07-09T08:44:51","date_gmt":"2019-07-09T06:44:51","guid":{"rendered":"http:\/\/www.parafiakuligow.pl\/?p=1312"},"modified":"2019-07-09T08:45:06","modified_gmt":"2019-07-09T06:45:06","slug":"07-lipiec-2019-14-niedziela-zwykla","status":"publish","type":"post","link":"http:\/\/www.parafiakuligow.pl\/index.php\/2019\/07\/09\/07-lipiec-2019-14-niedziela-zwykla\/","title":{"rendered":"07  Lipiec  2019 &#8211; 14 Niedziela Zwyk\u0142a"},"content":{"rendered":"<ol>\n<li>Dzi\u015b z racji I niedzieli miesi\u0105ca po Mszy \u015bwi\u0119tej o godz. 11.00 wystawienie Naj\u015bwi\u0119tszego Sakramentu i adoracja eucharystyczna.<\/li>\n<li>Msza \u015bw. w int. ofiarodawc\u00f3w dekoracji i kwiat\u00f3w na uroczysto\u015b\u0107 Bo\u017cego Cia\u0142a w poniedzia\u0142ek 8 lipca o godz. 19.00.<\/li>\n<li>W czwartek 11 lipca przypada liturgiczne \u015bwi\u0119to \u015bw. Benedykta, patrona Europy.<\/li>\n<li>Msza \u015bw. w int. uczestnik\u00f3w nabo\u017ce\u0144stw czerwcowych w pi\u0105tek 12 lipca o godz. 19.00.<\/li>\n<li>Po\u015bwi\u0119cenie pojazd\u00f3w i b\u0142ogos\u0142awie\u0144stwo kierowc\u00f3w z racji \u015bw. Krzysztofa patrona podr\u00f3\u017cuj\u0105cych, odb\u0119dzie si\u0119 w naszej parafii w niedziel\u0119 28 lipca po ka\u017cdej Mszy \u015bw.<\/li>\n<li>W dniach 27-28 lipca b. roku organizowana jest pielgrzymka z Warszawy do Ostr\u00f3wka w ramach 9-cio letniej nowenny w intencji powo\u0142a\u0144 do kap\u0142a\u0144stwa i \u017cycia konsekrowanego. W tym roku to ju\u017c sz\u00f3sta pielgrzymka. Szczeg\u00f3\u0142y na plakacie w gablocie przy wej\u015bciu do\u00a0 ko\u015bcio\u0142a.<\/li>\n<li>Przypominamy, \u017ce zwyczajem lat ubieg\u0142ych w okresie od 1 maja do\u00a0 30 wrze\u015bnia wieczorna\u00a0 Msza \u015bw. w dni powszednie b\u0119dzie odprawiana\u00a0 godzin\u0119 p\u00f3\u017aniej, tj. o godzinie 19.00. Od pierwszej niedzieli czerwca i w okresie wakacyjnym odprawiana jest w naszym ko\u015bciele dodatkowa trzecia Msza \u015bw. <strong>o godz. 13.00<\/strong>. Nie b\u0119dzie Mszy \u015bw. o godz. 15.00.<\/li>\n<li>Wszystkim naszym parafianom i go\u015bciom odpoczywaj\u0105cym w Kuligowie \u017cycz\u0119 mi\u0142ej niedzieli oraz dobrego i b\u0142ogos\u0142awionego tygodnia.<\/li>\n<li>Zach\u0119camy do czytania prasy katolickiej.<\/li>\n<\/ol>\n<p><strong>Intencje Mszalne <\/strong><strong>07 \u2013 14 lipiec\u00a0 2019<\/strong><\/p>\n<p><span style=\"color: #ff0000;\"><strong>Nd. 07.VII. 2019\u00a0\u00a0 14 Niedziela Zwyk\u0142a<br \/>\n<\/strong><\/span>g. 9.00\u00a0\u00a0 + Jadwig\u0119 i Jerzego Mianowskich<br \/>\ng. 11.00 + Zdzis\u0142awa Czarneckiego w 2 rocz. \u015bm.<br \/>\ng. 13.00 + Mariann\u0119 i Apolinarego \u0141aszcz; Czes\u0142awa Szpadkiewicza<br \/>\n<strong>Pn.\u00a0\u00a0\u00a0 08. VII<\/strong>\u00a0\u00a0 g. 19.00\u00a0 W int. ofiarodawc\u00f3w dekoracji i kwiat\u00f3w na uroczysto\u015b\u0107 Bo\u017cego Cia\u0142a<br \/>\n<strong>Wt.\u00a0\u00a0 09. VII\u00a0\u00a0 <\/strong>g.\u00a0 \u00a07.00 \u00a0\u00a0+ Krzysztofa Augustyniak\u00a0 \/1\/<br \/>\n<strong>\u015ar.\u00a0\u00a0\u00a0 10. VII\u00a0\u00a0 <\/strong>\u00a0g. 19.00\u00a0 Int. wolna<br \/>\n<strong>Czw. 11. VII\u00a0 \u00a0<\/strong>g.\u00a0\u00a0 7.00\u00a0 + Krzysztofa Augustyniak\u00a0 \/2\/<br \/>\n<strong>Pt.\u00a0\u00a0\u00a0 12. VII\u00a0 \u00a0\u00a0<\/strong>g. 19.00 \u00a0W int. uczestnik\u00f3w nabo\u017ce\u0144stw czerwcowych<br \/>\n<strong>Sob. 13. VII<\/strong> \u00a0\u00a0\u00a0g. 19.00\u00a0 + Jana Staszkiewicza w 3 rocz. \u015bm.<br \/>\n<strong><span style=\"color: #ff0000;\">Nd. 14.VII. 2019\u00a0\u00a0 15 Niedziela Zwyk\u0142a<\/span><br \/>\n<\/strong>g. 9.00\u00a0 \u00a0Int. zam.<br \/>\ng. 11.00 Int. zam.<br \/>\ng. 13.00\u00a0\u00a0 King\u0119 Wi\u0119ch w rocz. \u015bm.<\/p>\n","protected":false},"excerpt":{"rendered":"<p>Dzi\u015b z racji I niedzieli miesi\u0105ca po Mszy \u015bwi\u0119tej o godz. 11.00 wystawienie Naj\u015bwi\u0119tszego Sakramentu i adoracja eucharystyczna. Msza \u015bw. w int. ofiarodawc\u00f3w dekoracji i kwiat\u00f3w na uroczysto\u015b\u0107 Bo\u017cego Cia\u0142a w poniedzia\u0142ek 8 lipca o godz. 19.00. W czwartek 11 lipca przypada liturgiczne \u015bwi\u0119to \u015bw. Benedykta, patrona Europy. Msza \u015bw. [&hellip;]<\/p>\n","protected":false},"author":2,"featured_media":0,"comment_status":"closed","ping_status":"closed","sticky":false,"template":"","format":"standard","meta":[],"categories":[2],"tags":[],"_links":{"self":[{"href":"http:\/\/www.parafiakuligow.pl\/index.php\/wp-json\/wp\/v2\/posts\/1312"}],"collection":[{"href":"http:\/\/www.parafiakuligow.pl\/index.php\/wp-json\/wp\/v2\/posts"}],"about":[{"href":"http:\/\/www.parafiakuligow.pl\/index.php\/wp-json\/wp\/v2\/types\/post"}],"author":[{"embeddable":true,"href":"http:\/\/www.parafiakuligow.pl\/index.php\/wp-json\/wp\/v2\/users\/2"}],"replies":[{"embeddable":true,"href":"http:\/\/www.parafiakuligow.pl\/index.php\/wp-json\/wp\/v2\/comments?post=1312"}],"version-history":[{"count":2,"href":"http:\/\/www.parafiakuligow.pl\/index.php\/wp-json\/wp\/v2\/posts\/1312\/revisions"}],"predecessor-version":[{"id":1314,"href":"http:\/\/www.parafiakuligow.pl\/index.php\/wp-json\/wp\/v2\/posts\/1312\/revisions\/1314"}],"wp:attachment":[{"href":"http:\/\/www.parafiakuligow.pl\/index.php\/wp-json\/wp\/v2\/media?parent=1312"}],"wp:term":[{"taxonomy":"category","embeddable":true,"href":"http:\/\/www.parafiakuligow.pl\/index.php\/wp-json\/wp\/v2\/categories?post=1312"},{"taxonomy":"post_tag","embeddable":true,"href":"http:\/\/www.parafiakuligow.pl\/index.php\/wp-json\/wp\/v2\/tags?post=1312"}],"curies":[{"name":"wp","href":"https:\/\/api.w.org\/{rel}","templated":true}]}}