{"id":1310,"date":"2019-07-09T08:40:30","date_gmt":"2019-07-09T06:40:30","guid":{"rendered":"http:\/\/www.parafiakuligow.pl\/?p=1310"},"modified":"2019-07-09T08:40:30","modified_gmt":"2019-07-09T06:40:30","slug":"30-czerwiec-2019-13-niedziela-zwykla","status":"publish","type":"post","link":"http:\/\/www.parafiakuligow.pl\/index.php\/2019\/07\/09\/30-czerwiec-2019-13-niedziela-zwykla\/","title":{"rendered":"30 Czerwiec 2019 &#8211; 13 Niedziela Zwyk\u0142a"},"content":{"rendered":"<ol>\n<li>W ubieg\u0142\u0105 niedziel\u0119 wspierali\u015bmy finansowo rodzin\u0119 z Ko\u0142akowa, kt\u00f3ra na skutek po\u017caru\u00a0 utraci\u0142a dorobek swojego \u017cycia. Na ten cel zebrali\u015bmy 1685 z\u0142otych. Serdeczne B\u00f3g zap\u0142a\u0107 za wsparcie.<\/li>\n<li>W przysz\u0142\u0105 niedziel\u0119 przypada pierwsza niedziela miesi\u0105ca. Po Mszy \u015bw. o godz. 11.00 wystawienie Naj\u015bwi\u0119tszego Sakramentu i adoracja Eucharystyczna.<\/li>\n<li>W \u015brod\u0119 3 lipca przypada \u015bwi\u0119to \u015bw. Tomasza Aposto\u0142a.<\/li>\n<li>5 lipca przypada pierwszy pi\u0105tek miesi\u0105ca, okazja i mo\u017cliwo\u015b\u0107 spowiedzi od godz. 18.30. Msza \u015bwi\u0119ta do Naj\u015bwi\u0119tszego Serca Pana Jezusa o godz. 19.00.<\/li>\n<li>W tym tygodniu przypada pierwsza sobota miesi\u0105ca. Msza \u015bw. o Niepokalanym sercu Naj\u015bwi\u0119tszej Maryi Panny o godz. 19.00. Na Msz\u0119 \u015bw. w spos\u00f3b szczeg\u00f3lny zapraszam Ko\u0142a \u017bywego R\u00f3\u017ca\u0144ca.<\/li>\n<li>Przypominamy, \u017ce zwyczajem lat ubieg\u0142ych w okresie od 1 maja do\u00a0 30 wrze\u015bnia wieczorna\u00a0 Msza \u015bw. w dni powszednie b\u0119dzie odprawiana\u00a0 godzin\u0119 p\u00f3\u017aniej, tj. o godzinie 19.00. Od pierwszej niedzieli czerwca i w okresie wakacyjnym odprawiana jest w naszym ko\u015bciele dodatkowa trzecia Msza \u015bw. <strong>o godz. 13.00<\/strong>. Nie b\u0119dzie Mszy \u015bw. o godz. 15.00.<\/li>\n<li>Serdecznie dzi\u0119kuj\u0119 tym wszystkim parafianom i go\u015bciom, kt\u00f3rzy dotychczas zasilili nasz fundusz przeznaczony na sprz\u0105tanie i dekoracj\u0119 ko\u015bcio\u0142a. Przypominam i zach\u0119cam te rodziny i osoby, kt\u00f3re jeszcze tego nie uczyni\u0142y, a kt\u00f3rych sytuacja materialna na to pozwala, aby sk\u0142ada\u0142y zdeklarowan\u0105 kwot\u0119.<\/li>\n<li>Wszystkim naszym parafianom i go\u015bciom odpoczywaj\u0105cym w Kuligowie \u017cycz\u0119 mi\u0142ej niedzieli oraz dobrego i b\u0142ogos\u0142awionego tygodnia.<\/li>\n<li>Zach\u0119camy do czytania prasy katolickiej.<\/li>\n<\/ol>\n<p>&nbsp;<\/p>\n<p><strong>Intencje Mszalne <\/strong><strong>30 czerwiec \u2013 07 lipiec\u00a0 2019<\/strong><\/p>\n<p><span style=\"color: #ff0000;\"><strong>Nd. 30.VI. 2019\u00a0\u00a0 13 Niedziela Zwyk\u0142a<br \/>\n<\/strong><\/span>g. 9.00\u00a0\u00a0 Int. zam.<br \/>\ng. 11.00 + Aniel\u0119 i Aleksandra Py\u015bkiewicz\u00f3w<br \/>\ng. 13.00 + Jadwig\u0119 i Jana Getka, Iren\u0119 Malesa; z rodziny Rzempo\u0142uch\u00f3w<br \/>\n<strong>Pn.\u00a0\u00a0\u00a0 01. VII<\/strong><br \/>\ng. 18.30\u00a0 \u00a0+ Henryka Garbacz<br \/>\ng. 19.00\u00a0 Int. zam.<br \/>\n<strong>Wt.\u00a0\u00a0 02. VII\u00a0\u00a0 <\/strong>g.\u00a0 \u00a07.00 \u00a0\u00a0+ Tadeusz Kapeckiego\u00a0 \/12\/<br \/>\n<strong>\u015ar.\u00a0\u00a0\u00a0 03. VII\u00a0\u00a0 <\/strong>\u00a0g. 19.00\u00a0 + El\u017cbiet\u0119 Hann\u0119 Ros\u0142on w 1 rocz. \u015bm.<br \/>\n<strong>Czw. 04. VII\u00a0 \u00a0<\/strong>g.\u00a0\u00a0 7.00\u00a0 Int. wolna<br \/>\n<strong>Pt.\u00a0\u00a0\u00a0 05. VII\u00a0 \u00a0\u00a0<\/strong>g. 19.00 \u00a0+ Teres\u0119 Jusi\u0144sk\u0105<br \/>\n<strong>Sob. 06. VII<\/strong> \u00a0\u00a0\u00a0g. 19.00\u00a0 + Ew\u0119 Diakowsk\u0105; J\u00f3zefa Jusi\u0144skiego; Leszka Klimkiewicz <span style=\"color: #ff0000;\"><strong>Nd. 07.VII. 2019\u00a0\u00a0 14 Niedziela Zwyk\u0142a<br \/>\n<\/strong><\/span>g. 9.00\u00a0\u00a0 + Jadwig\u0119 i Jerzego Mianowskich<br \/>\ng. 11.00 + Int. zam.<br \/>\ng. 13.00\u00a0\u00a0 Int. zam.<\/p>\n","protected":false},"excerpt":{"rendered":"<p>W ubieg\u0142\u0105 niedziel\u0119 wspierali\u015bmy finansowo rodzin\u0119 z Ko\u0142akowa, kt\u00f3ra na skutek po\u017caru\u00a0 utraci\u0142a dorobek swojego \u017cycia. Na ten cel zebrali\u015bmy 1685 z\u0142otych. Serdeczne B\u00f3g zap\u0142a\u0107 za wsparcie. W przysz\u0142\u0105 niedziel\u0119 przypada pierwsza niedziela miesi\u0105ca. Po Mszy \u015bw. o godz. 11.00 wystawienie Naj\u015bwi\u0119tszego Sakramentu i adoracja Eucharystyczna. W \u015brod\u0119 3 lipca [&hellip;]<\/p>\n","protected":false},"author":2,"featured_media":0,"comment_status":"closed","ping_status":"closed","sticky":false,"template":"","format":"standard","meta":[],"categories":[2],"tags":[],"_links":{"self":[{"href":"http:\/\/www.parafiakuligow.pl\/index.php\/wp-json\/wp\/v2\/posts\/1310"}],"collection":[{"href":"http:\/\/www.parafiakuligow.pl\/index.php\/wp-json\/wp\/v2\/posts"}],"about":[{"href":"http:\/\/www.parafiakuligow.pl\/index.php\/wp-json\/wp\/v2\/types\/post"}],"author":[{"embeddable":true,"href":"http:\/\/www.parafiakuligow.pl\/index.php\/wp-json\/wp\/v2\/users\/2"}],"replies":[{"embeddable":true,"href":"http:\/\/www.parafiakuligow.pl\/index.php\/wp-json\/wp\/v2\/comments?post=1310"}],"version-history":[{"count":1,"href":"http:\/\/www.parafiakuligow.pl\/index.php\/wp-json\/wp\/v2\/posts\/1310\/revisions"}],"predecessor-version":[{"id":1311,"href":"http:\/\/www.parafiakuligow.pl\/index.php\/wp-json\/wp\/v2\/posts\/1310\/revisions\/1311"}],"wp:attachment":[{"href":"http:\/\/www.parafiakuligow.pl\/index.php\/wp-json\/wp\/v2\/media?parent=1310"}],"wp:term":[{"taxonomy":"category","embeddable":true,"href":"http:\/\/www.parafiakuligow.pl\/index.php\/wp-json\/wp\/v2\/categories?post=1310"},{"taxonomy":"post_tag","embeddable":true,"href":"http:\/\/www.parafiakuligow.pl\/index.php\/wp-json\/wp\/v2\/tags?post=1310"}],"curies":[{"name":"wp","href":"https:\/\/api.w.org\/{rel}","templated":true}]}}