{"id":1307,"date":"2019-06-24T15:44:58","date_gmt":"2019-06-24T13:44:58","guid":{"rendered":"http:\/\/www.parafiakuligow.pl\/?p=1307"},"modified":"2019-06-24T15:44:58","modified_gmt":"2019-06-24T13:44:58","slug":"23-czerwiec-2019-12-niedziela-zwykla","status":"publish","type":"post","link":"http:\/\/www.parafiakuligow.pl\/index.php\/2019\/06\/24\/23-czerwiec-2019-12-niedziela-zwykla\/","title":{"rendered":"23 Czerwiec 2019 &#8211; 12 Niedziela Zwyk\u0142a"},"content":{"rendered":"<ol>\n<li>Bardzo dzi\u0119kuj\u0119 wszystkim, kt\u00f3rzy w jakikolwiek spos\u00f3b przyczynili si\u0119 do organizacji i pi\u0119knego przebiegu Uroczysto\u015bci Bo\u017cego Cia\u0142a. Dzi\u0119kuj\u0119 tym, kt\u00f3rzy ofiarowali sw\u00f3j czas, prac\u0119, zdolno\u015bci, a tak\u017ce \u015brodki materialne. Na ten cel zebrali\u015bmy 920 z\u0142otych.<\/li>\n<li>Dzi\u015b obchodzimy Dzie\u0144 Ojca. Wszystkim Ojcom sk\u0142adamy serdeczne \u017cyczenia: \u017cyczymy im zdrowia,opieki Matki Bo\u017cej i wsparcia od najbli\u017cszych.<\/li>\n<li>Zgodnie z zapowiedzi\u0105, po Mszach \u015bw. w dniu dzisiejszym pragniemy wesprze\u0107 finansowo rodzin\u0119 z Ko\u0142akowa, kt\u00f3ra na skutek po\u017caru utraci\u0142a dorobek swojego \u017cycia. B\u00f3g zap\u0142a\u0107 za wsparcie.<\/li>\n<li>Zarz\u0105d Wsp\u00f3lnoty Gruntowej wsi Kulig\u00f3w w dniu dzisiejszym o godz. 12.30 zwo\u0142uje zwyczajne, og\u00f3lne zebranie cz\u0142onk\u00f3w Wsp\u00f3lnoty Gruntowej w budynku OSP w Kuligowie.<\/li>\n<li>W poniedzia\u0142ek 24 czerwca Uroczysto\u015b\u0107 \u015bw. Jana Chrzciciela. Wieczorna Msza \u015bw. wyj\u0105tkowo o godz. 18.00. Nabo\u017ce\u0144stwo czerwcowe o godz.17.30.<\/li>\n<li>W czwartek zako\u0144czenie Oktawy Bo\u017cego Cia\u0142a. Msza \u015bw. po\u0142\u0105czona z b\u0142ogos\u0142awie\u0144stwem wiank\u00f3w o godz. 7.00.<\/li>\n<li>W pi\u0105tek 28 czerwca Uroczysto\u015b\u0107 Naj\u015bwi\u0119tszego Serca Pana Jezusa. Dzie\u0144 modlitw o \u015bwi\u0119to\u015b\u0107 kap\u0142an\u00f3w. Z racji uroczysto\u015bci mo\u017cna spo\u017cywa\u0107 pokarmy mi\u0119sne.<\/li>\n<li>W sobot\u0119 29 czerwca Uroczysto\u015b\u0107 \u015bw. Aposto\u0142\u00f3w Piotra i Paw\u0142a. W tym dniu udziela si\u0119 odpustu zupe\u0142nego wiernym, kt\u00f3rzy pos\u0142uguj\u0105c si\u0119 pobo\u017cnie przedmiotami kultu pob\u0142ogos\u0142awionymi przez ojca \u015bwi\u0119tego lub biskupa dodadz\u0105 do swoich modlitw wyznanie wiary, ponadto udziela si\u0119 odpustu zupe\u0142nego wiernym kt\u00f3rzy nawiedz\u0105 dzisiaj katedr\u0119, konkatedr\u0119 lub bazylik\u0119 mniejsz\u0105 i tam pobo\u017cnie odm\u00f3wi\u0105 modlitw\u0119 Ojcze nasz i Wierz\u0119. Taca z tego dnia przeznaczona jest na konserwacj\u0119\u00a0 Bazyliki \u015bw. Piotra oraz Dzia\u0142alno\u015b\u0107 apostolsk\u0105 i charytatywn\u0105 Stolicy Apostolskiej.<\/li>\n<li>Solenizantkom i solenizantom tego tygodnia \u017cyczymy du\u017co zdrowia, Bo\u017cego B\u0142ogos\u0142awie\u0144stwa i opieki \u015bw. patron\u00f3w, a naszym parafianom, dzia\u0142kowiczom i go\u015bciom dobrego wypoczynku, udanej niedzieli i b\u0142ogos\u0142awionego tygodnia.<\/li>\n<\/ol>\n<p>&nbsp;<\/p>\n<p><strong>Intencje Mszalne <\/strong><strong>23 \u2013 30 czerwiec\u00a0 2019<\/strong><\/p>\n<p><span style=\"color: #ff0000;\"><strong>Nd. 23.VI. 2019\u00a0\u00a0 12 Niedziela Zwyk\u0142a<br \/>\n<\/strong><\/span>g. 9.00\u00a0\u00a0 + Jana Getka<br \/>\ng. 11.00 Int. zam.<br \/>\ng. 13.00 Dzi\u0119k. O Bo\u017ce b\u0142og. i \u0142aski, opiek\u0119 Matki Bo\u017cej dla Beaty i Micha\u0142a w 9 rocznic\u0119 \u015blubu. O zdrowie i \u0142aski dla ich dzieci<strong><u>.<br \/>\n<\/u><\/strong><strong>Pn.\u00a0\u00a0\u00a0 24. VI<\/strong>\u00a0\u00a0 g. 18.00\u00a0 \u00a0+ Tadeusza Kapeckiego\u00a0 \/9\/<br \/>\n<strong>Wt.\u00a0\u00a0 25. VI\u00a0\u00a0 <\/strong>g.\u00a0 \u00a07.00 \u00a0\u00a0+ Tadeusz Kapeckiego\u00a0 \/10\/<br \/>\n<strong>\u015ar.\u00a0\u00a0\u00a0 26. VI\u00a0\u00a0 <\/strong>\u00a0g. 19.00\u00a0 + Int. zam.<br \/>\n<strong>Czw. 27. VI\u00a0 \u00a0<\/strong>g.\u00a0\u00a0 7.00\u00a0 + Tadeusza Kapeckiego \/11\/<br \/>\n<strong>Pt.\u00a0\u00a0\u00a0 28. VI\u00a0 \u00a0\u00a0<\/strong>g. 19.00 \u00a0+ Janin\u0119 i Ireneusza Rudzkich z racji imienin<br \/>\n<strong>Sob. 29. VI<\/strong> \u00a0\u00a0\u00a0g. 19.00\u00a0 + Wiktora i Antonin\u0119 Tarasiuk<br \/>\n<strong><span style=\"color: #ff0000;\">Nd. 30.VI. 2019\u00a0\u00a0 13 Niedziela Zwyk\u0142a<\/span><br \/>\n<\/strong>g. 9.00\u00a0\u00a0 Int. zam.<br \/>\ng. 11.00 + Aniel\u0119 i Aleksandra Pysiewicz\u00f3w<br \/>\ng. 13.00\u00a0\u00a0 + Jadwig\u0119 i Jana Getka, Iren\u0119 Malesa; zm z rodziny Rzempo\u0142uch\u00f3w<\/p>\n","protected":false},"excerpt":{"rendered":"<p>Bardzo dzi\u0119kuj\u0119 wszystkim, kt\u00f3rzy w jakikolwiek spos\u00f3b przyczynili si\u0119 do organizacji i pi\u0119knego przebiegu Uroczysto\u015bci Bo\u017cego Cia\u0142a. Dzi\u0119kuj\u0119 tym, kt\u00f3rzy ofiarowali sw\u00f3j czas, prac\u0119, zdolno\u015bci, a tak\u017ce \u015brodki materialne. Na ten cel zebrali\u015bmy 920 z\u0142otych. Dzi\u015b obchodzimy Dzie\u0144 Ojca. Wszystkim Ojcom sk\u0142adamy serdeczne \u017cyczenia: \u017cyczymy im zdrowia,opieki Matki Bo\u017cej i [&hellip;]<\/p>\n","protected":false},"author":2,"featured_media":0,"comment_status":"closed","ping_status":"closed","sticky":false,"template":"","format":"standard","meta":[],"categories":[2],"tags":[],"_links":{"self":[{"href":"http:\/\/www.parafiakuligow.pl\/index.php\/wp-json\/wp\/v2\/posts\/1307"}],"collection":[{"href":"http:\/\/www.parafiakuligow.pl\/index.php\/wp-json\/wp\/v2\/posts"}],"about":[{"href":"http:\/\/www.parafiakuligow.pl\/index.php\/wp-json\/wp\/v2\/types\/post"}],"author":[{"embeddable":true,"href":"http:\/\/www.parafiakuligow.pl\/index.php\/wp-json\/wp\/v2\/users\/2"}],"replies":[{"embeddable":true,"href":"http:\/\/www.parafiakuligow.pl\/index.php\/wp-json\/wp\/v2\/comments?post=1307"}],"version-history":[{"count":1,"href":"http:\/\/www.parafiakuligow.pl\/index.php\/wp-json\/wp\/v2\/posts\/1307\/revisions"}],"predecessor-version":[{"id":1308,"href":"http:\/\/www.parafiakuligow.pl\/index.php\/wp-json\/wp\/v2\/posts\/1307\/revisions\/1308"}],"wp:attachment":[{"href":"http:\/\/www.parafiakuligow.pl\/index.php\/wp-json\/wp\/v2\/media?parent=1307"}],"wp:term":[{"taxonomy":"category","embeddable":true,"href":"http:\/\/www.parafiakuligow.pl\/index.php\/wp-json\/wp\/v2\/categories?post=1307"},{"taxonomy":"post_tag","embeddable":true,"href":"http:\/\/www.parafiakuligow.pl\/index.php\/wp-json\/wp\/v2\/tags?post=1307"}],"curies":[{"name":"wp","href":"https:\/\/api.w.org\/{rel}","templated":true}]}}