{"id":1294,"date":"2019-05-29T13:18:33","date_gmt":"2019-05-29T11:18:33","guid":{"rendered":"http:\/\/www.parafiakuligow.pl\/?p=1294"},"modified":"2019-05-29T13:18:33","modified_gmt":"2019-05-29T11:18:33","slug":"26-maj-2019-vi-niedziela-wielkanocy","status":"publish","type":"post","link":"http:\/\/www.parafiakuligow.pl\/index.php\/2019\/05\/29\/26-maj-2019-vi-niedziela-wielkanocy\/","title":{"rendered":"26 Maj 2019 &#8211; VI  NIEDZIELA WIELKANOCY"},"content":{"rendered":"<ol>\n<li>Dzi\u015b przypada Dzie\u0144 Wszystkim mamom sk\u0142adamy serdeczne \u017cyczenia: by by\u0142y dumne ze swoich dzieci, aby cieszy\u0142y si\u0119 ich mi\u0142o\u015bci\u0105 i wdzi\u0119czno\u015bci\u0105. \u017byczymy im zdrowia, opieki Matki Bo\u017cej \u00a0i \u00a0wsparcia od najbli\u017cszych.<\/li>\n<li>W pi\u0105tek 31 maja rozpoczyna si\u0119 nowenna do Ducha\u00a0 \u015awi\u0119tego\u00a0 przed Uroczysto\u015bci\u0105\u00a0 Zes\u0142ania\u00a0 Ducha\u00a0 \u015awi\u0119tego. R\u00f3wnie\u017c w tym dniu przypada liturgiczne \u015bwi\u0119to \u00a0Nawiedzenie Naj\u015bwi\u0119tszej Maryi Panny\u00a0 i\u00a0 ostatnie nabo\u017ce\u0144stwo majowe. Msza \u015bw. wyj\u0105tkowo w tym dniu o <strong>godz. 18.00<\/strong>.<\/li>\n<li>W tym tygodniu przypada I sobota miesi\u0105ca. Msza \u015bw. o Niepokalanym Sercu\u00a0 Naj\u015bwi\u0119tszej \u00a0Maryi Panny o godz. 19.00.<\/li>\n<li>Od 1 czerwca rozpoczynamy nabo\u017ce\u0144stwa czerwcowe z litani\u0105 do NSP Jezusa. B\u0119d\u0105 odprawiane przed Msz\u0105 \u015bw. w poniedzia\u0142ek, \u015brod\u0119, pi\u0105tek i sobot\u0119 o godz. 18.30; we wtorek i czwartek po Mszy \u015bw. o godz. 7.00.<\/li>\n<li>Przysz\u0142a niedziela to I niedziela miesi\u0105ca Po Mszy \u015bw. o godz. 11.00 wystawienie Naj\u015bwi\u0119tszego sakramentu \u00a0i\u00a0 litania do NSP Jezusa.<\/li>\n<li>Od pierwszej niedzieli czerwca w okresie wakacyjnym b\u0119dzie w naszym ko\u015bciele dodatkowa trzecia Msza \u015bw. o godz. 13.00. Nie b\u0119dzie Mszy \u015bw. o godz. 15.00.<\/li>\n<li>W niedziel\u0119 2 czerwca b\u0119dziemy obchodzi\u0107 Uroczysto\u015b\u0107 Wniebowst\u0105pienia Pa\u0144skiego. Zbi\u00f3rka do puszek\u00a0 tego dnia w naszej diecezji przeznaczamy na budow\u0119 \u015awi\u0105tyni Opatrzno\u015bci Bo\u017cej.<\/li>\n<li>Wszystkim naszym parafianom i go\u015bciom \u017cyczymy dobrego wypoczynku, udanej niedzieli\u00a0 i\u00a0 b\u0142ogos\u0142awionego tygodnia.<\/li>\n<\/ol>\n<p><strong>Intencje Mszalne <\/strong><strong>26 maj \u2013 02 czerwiec\u00a0 2019<\/strong><\/p>\n<p><strong><span style=\"color: #ff0000;\">Nd.\u00a0 26. V. 2019\u00a0\u00a0 \u00a0VI\u00a0 Niedziela Wielkanocy<\/span><br \/>\n<\/strong>g. 9.00\u00a0\u00a0 Int. zam.<br \/>\ng. 11.00 + Zofi\u0119\u00a0 Czerwi\u0144sk\u0105 w 8 rocz. \u015bm.<br \/>\n<strong>Pn.\u00a0\u00a0\u00a0 27. V<\/strong>\u00a0\u00a0 g. 19.00\u00a0 \u00a0+ Teres\u0119 Jusi\u0144sk\u0105\u00a0 \/10\/<br \/>\n<strong>Wt.\u00a0\u00a0 28. V\u00a0\u00a0 <\/strong>g.\u00a0 \u00a07.00 \u00a0\u00a0Int. wolna<br \/>\n<strong>\u015ar.\u00a0\u00a0\u00a0 29. V\u00a0\u00a0 <\/strong>\u00a0g. 19.00\u00a0 Int. wolna<br \/>\n<strong>Czw. 30. V\u00a0 \u00a0\u00a0<\/strong>g.\u00a0 7.00 <strong>\u00a0<\/strong>Int. wolna<br \/>\n<strong>Pt.\u00a0\u00a0\u00a0 31. V<br \/>\n<\/strong>g. 18.00 Dzi\u0119kczynna, w podzi\u0119kowaniu za dobre przeprowadzenie i owoce wydarzenia \u2013 Huzarzy w Kuligowie.<br \/>\n<strong>Sob. 01. VI<\/strong>\u00a0 \u00a0\u00a0g. 19.00\u00a0 + Stanis\u0142aw\u0119\u00a0 i\u00a0 Mariana\u00a0 Chaci\u0144skich<br \/>\n<span style=\"color: #ff0000;\"><strong>Nd. 02. VI. 2019\u00a0\u00a0 WNIEBOWST\u0104PIENIE\u00a0 PA\u0143SKIE<br \/>\n<\/strong><\/span>g. 9.00\u00a0\u00a0 + Zm. rodzic\u00f3w: Weronik\u0119 i J\u00f3zefa Jurek; Konstancje i Henryka\u00a0 Sadzy\u0144skich<br \/>\ng. 11.00 + Henryka i Leokadi\u0119\u00a0 Ole\u015bkiewicz<br \/>\ng. 13.00 Int. zam.<\/p>\n","protected":false},"excerpt":{"rendered":"<p>Dzi\u015b przypada Dzie\u0144 Wszystkim mamom sk\u0142adamy serdeczne \u017cyczenia: by by\u0142y dumne ze swoich dzieci, aby cieszy\u0142y si\u0119 ich mi\u0142o\u015bci\u0105 i wdzi\u0119czno\u015bci\u0105. \u017byczymy im zdrowia, opieki Matki Bo\u017cej \u00a0i \u00a0wsparcia od najbli\u017cszych. W pi\u0105tek 31 maja rozpoczyna si\u0119 nowenna do Ducha\u00a0 \u015awi\u0119tego\u00a0 przed Uroczysto\u015bci\u0105\u00a0 Zes\u0142ania\u00a0 Ducha\u00a0 \u015awi\u0119tego. R\u00f3wnie\u017c w tym dniu [&hellip;]<\/p>\n","protected":false},"author":2,"featured_media":0,"comment_status":"closed","ping_status":"closed","sticky":false,"template":"","format":"standard","meta":[],"categories":[2],"tags":[],"_links":{"self":[{"href":"http:\/\/www.parafiakuligow.pl\/index.php\/wp-json\/wp\/v2\/posts\/1294"}],"collection":[{"href":"http:\/\/www.parafiakuligow.pl\/index.php\/wp-json\/wp\/v2\/posts"}],"about":[{"href":"http:\/\/www.parafiakuligow.pl\/index.php\/wp-json\/wp\/v2\/types\/post"}],"author":[{"embeddable":true,"href":"http:\/\/www.parafiakuligow.pl\/index.php\/wp-json\/wp\/v2\/users\/2"}],"replies":[{"embeddable":true,"href":"http:\/\/www.parafiakuligow.pl\/index.php\/wp-json\/wp\/v2\/comments?post=1294"}],"version-history":[{"count":1,"href":"http:\/\/www.parafiakuligow.pl\/index.php\/wp-json\/wp\/v2\/posts\/1294\/revisions"}],"predecessor-version":[{"id":1295,"href":"http:\/\/www.parafiakuligow.pl\/index.php\/wp-json\/wp\/v2\/posts\/1294\/revisions\/1295"}],"wp:attachment":[{"href":"http:\/\/www.parafiakuligow.pl\/index.php\/wp-json\/wp\/v2\/media?parent=1294"}],"wp:term":[{"taxonomy":"category","embeddable":true,"href":"http:\/\/www.parafiakuligow.pl\/index.php\/wp-json\/wp\/v2\/categories?post=1294"},{"taxonomy":"post_tag","embeddable":true,"href":"http:\/\/www.parafiakuligow.pl\/index.php\/wp-json\/wp\/v2\/tags?post=1294"}],"curies":[{"name":"wp","href":"https:\/\/api.w.org\/{rel}","templated":true}]}}