{"id":1291,"date":"2019-05-20T22:08:13","date_gmt":"2019-05-20T20:08:13","guid":{"rendered":"http:\/\/www.parafiakuligow.pl\/?p=1291"},"modified":"2019-05-20T22:08:13","modified_gmt":"2019-05-20T20:08:13","slug":"19-maj-2019-v-niedziela-wielkanocy","status":"publish","type":"post","link":"http:\/\/www.parafiakuligow.pl\/index.php\/2019\/05\/20\/19-maj-2019-v-niedziela-wielkanocy\/","title":{"rendered":"19 Maj 2019 &#8211; V NIEDZIELA WIELKANOCY"},"content":{"rendered":"<ol>\n<li>Dzi\u015b po \u00a0Mszy \u015bw. o godz. 11.00 spotkanie Rady Duszpasterskiej w domu parafialnym.<\/li>\n<li>W pi\u0105tek 24 maja wspomnienie NMP Wspomo\u017cycielki Msza \u015bw. o godz. 19.00.<\/li>\n<li>W przysz\u0142\u0105 niedziel\u0119 26 maja przypada Dzie\u0144 Pami\u0119tajmy o Nich w naszych modlitwach.<\/li>\n<li>Od pierwszej niedzieli czerwca w okresie wakacyjnym b\u0119dzie w naszym ko\u015bciele dodatkowa trzecia Msza \u015bw. o godz. 13.00.<\/li>\n<li>Wszystkim naszym parafianom i go\u015bciom \u017cyczymy dobrego odpoczynku, udanej niedzieli\u00a0 i\u00a0 b\u0142ogos\u0142awionego tygodnia.<\/li>\n<li>Zach\u0119camy do czytania prasy katolickiej.<\/li>\n<\/ol>\n<p><strong>Intencje Mszalne <\/strong><strong>19 \u2013\u00a0 26 maj\u00a0 2019<\/strong><\/p>\n<p><strong><span style=\"color: #ff0000;\">Nd.\u00a0 19. V. 2019\u00a0\u00a0 \u00a0V\u00a0 Niedziela Wielkanocy<\/span><br \/>\n<\/strong>g. 9.00\u00a0\u00a0 Int. zam.<br \/>\ng. 11.00 Int. zam<strong><u>.<br \/>\n<\/u><\/strong><strong>Pn.\u00a0\u00a0\u00a0 20. V<\/strong>\u00a0\u00a0 g. 19.00\u00a0 \u00a0+ Teres\u0119 Jusi\u0144sk\u0105\u00a0 \/5\/<br \/>\n<strong>Wt.\u00a0\u00a0 21. V\u00a0\u00a0 <\/strong>g.\u00a0 \u00a07.00 \u00a0\u00a0+ Teres\u0119 Jusi\u0144sk\u0105\u00a0 \/6\/<br \/>\n<strong>\u015ar.\u00a0\u00a0\u00a0 22. V\u00a0\u00a0 <\/strong>\u00a0g. 19.00\u00a0 + Teres\u0119 Jusi\u0144sk\u0105\u00a0 \/7\/<br \/>\n<strong>Czw. 23. V\u00a0 \u00a0\u00a0<\/strong>g.\u00a0 7.00 <strong>\u00a0\u00a0<\/strong>+ Teres\u0119 Jusi\u0144sk\u0105\u00a0 \/8\/<br \/>\n<strong>Pt.\u00a0\u00a0\u00a0 24. V<br \/>\n<\/strong>g. 18.00 \u015alub: Maciej Chech\u0142owski\u00a0 i\u00a0 Izabela Wal<br \/>\ng. 19.00 \u00a0+ Teres\u0119 Jusi\u0144sk\u0105\u00a0 \/9\/<br \/>\n<strong>Sob. 25. V<\/strong>\u00a0 \u00a0\u00a0g. 19.00\u00a0\u00a0 + W\u0142odzimierza Pielaka<br \/>\n<strong><span style=\"color: #ff0000;\">Nd.\u00a0 26. V. 2019\u00a0\u00a0 \u00a0VI \u00a0Niedziela Wielkanocy<\/span><br \/>\n<\/strong>g. 9.00\u00a0\u00a0 Int. zam.<br \/>\ng. 11.00 + Zofi\u0119\u00a0 Czerwi\u0144sk\u0105 w 8 rocz. \u015bm.<\/p>\n","protected":false},"excerpt":{"rendered":"<p>Dzi\u015b po \u00a0Mszy \u015bw. o godz. 11.00 spotkanie Rady Duszpasterskiej w domu parafialnym. W pi\u0105tek 24 maja wspomnienie NMP Wspomo\u017cycielki Msza \u015bw. o godz. 19.00. W przysz\u0142\u0105 niedziel\u0119 26 maja przypada Dzie\u0144 Pami\u0119tajmy o Nich w naszych modlitwach. Od pierwszej niedzieli czerwca w okresie wakacyjnym b\u0119dzie w naszym ko\u015bciele dodatkowa [&hellip;]<\/p>\n","protected":false},"author":2,"featured_media":0,"comment_status":"closed","ping_status":"closed","sticky":false,"template":"","format":"standard","meta":[],"categories":[2],"tags":[],"_links":{"self":[{"href":"http:\/\/www.parafiakuligow.pl\/index.php\/wp-json\/wp\/v2\/posts\/1291"}],"collection":[{"href":"http:\/\/www.parafiakuligow.pl\/index.php\/wp-json\/wp\/v2\/posts"}],"about":[{"href":"http:\/\/www.parafiakuligow.pl\/index.php\/wp-json\/wp\/v2\/types\/post"}],"author":[{"embeddable":true,"href":"http:\/\/www.parafiakuligow.pl\/index.php\/wp-json\/wp\/v2\/users\/2"}],"replies":[{"embeddable":true,"href":"http:\/\/www.parafiakuligow.pl\/index.php\/wp-json\/wp\/v2\/comments?post=1291"}],"version-history":[{"count":1,"href":"http:\/\/www.parafiakuligow.pl\/index.php\/wp-json\/wp\/v2\/posts\/1291\/revisions"}],"predecessor-version":[{"id":1292,"href":"http:\/\/www.parafiakuligow.pl\/index.php\/wp-json\/wp\/v2\/posts\/1291\/revisions\/1292"}],"wp:attachment":[{"href":"http:\/\/www.parafiakuligow.pl\/index.php\/wp-json\/wp\/v2\/media?parent=1291"}],"wp:term":[{"taxonomy":"category","embeddable":true,"href":"http:\/\/www.parafiakuligow.pl\/index.php\/wp-json\/wp\/v2\/categories?post=1291"},{"taxonomy":"post_tag","embeddable":true,"href":"http:\/\/www.parafiakuligow.pl\/index.php\/wp-json\/wp\/v2\/tags?post=1291"}],"curies":[{"name":"wp","href":"https:\/\/api.w.org\/{rel}","templated":true}]}}