{"id":1289,"date":"2019-05-15T16:42:42","date_gmt":"2019-05-15T14:42:42","guid":{"rendered":"http:\/\/www.parafiakuligow.pl\/?p=1289"},"modified":"2019-05-15T16:42:42","modified_gmt":"2019-05-15T14:42:42","slug":"12-maj-2019-iv-niedziela-wielkanocy","status":"publish","type":"post","link":"http:\/\/www.parafiakuligow.pl\/index.php\/2019\/05\/15\/12-maj-2019-iv-niedziela-wielkanocy\/","title":{"rendered":"12 Maj 2019 &#8211; IV NIEDZIELA WIELKANOCY"},"content":{"rendered":"<ol>\n<li>Dzi\u015b po \u00a0Mszy \u015bw. o godz. 11.00 spotkanie dla\u00a0 Rodzic\u00f3w i dzieci, kt\u00f3re w tym roku obchodzi\u0107 b\u0119d\u0105 rocznic\u0119 \u00a0I \u00a0Komunii \u015bw.<\/li>\n<li>W dniu dzisiejszym ofiary sk\u0142adane na tac\u0119 przeznaczamy na Wy\u017csze Seminarium Duchowne naszej Diecezji.<\/li>\n<li>We wtorek 14 maja \u015awi\u0119to \u015bw. Macieja Aposto\u0142a; w czwartek 16 maja Uroczysto\u015b\u0107 \u015bw. Andrzeja Boboli, prezbitera i \u00a0m\u0119czennika, patrona Polski i metropolii warszawskiej.<\/li>\n<li>W przysz\u0142\u0105 niedziel\u0119 19 \u00a0maja po Mszy \u015bw. o godz. 11.00 zapraszam na spotkanie Rad\u0119 Duszpastersk\u0105.<\/li>\n<li>Rozpoczynamy nasze duchowe przygotowania do prze\u017cycia w dnach od 18 do 22 sierpnia b. roku pierwszych <strong>MISJI \u015aWI\u0118TYCH <\/strong>\u00a0w naszej parafii.Po ka\u017cdej Mszy \u015bwi\u0119tej b\u0119dziemy odmawia\u0107 specjalnie przygotowan\u0105 modlitw\u0119 o \u0142aski misyjne. Jest ona dost\u0119pna wraz z folderem na stoliku przy wyj\u015bciu z ko\u015bcio\u0142a. Serdecznie zapraszam \u00a0wszystkich \u00a0parafian, dzia\u0142kowicz\u00f3w i go\u015bci \u00a0do zaanga\u017cowania si\u0119 w to wa\u017cne wydarzenie.<\/li>\n<li>Wszystkim naszym parafianom i go\u015bciom \u017cyczymy mi\u0142ej niedzieli oraz dobrego i b\u0142ogos\u0142awionego tygodnia.<\/li>\n<li>Zach\u0119cam do czytania prasy katolickiej.<\/li>\n<\/ol>\n<p>&nbsp;<\/p>\n<p><strong>Intencje Mszalne <\/strong><strong>12 \u2013\u00a0 19 maj\u00a0 2019<\/strong><\/p>\n<p><span style=\"color: #ff0000;\"><strong>Nd.\u00a0 12. V. 2019\u00a0\u00a0 \u00a0IV\u00a0 Niedziela Wielkanocy<br \/>\n<\/strong><\/span>g. 9.00\u00a0\u00a0 + Stanis\u0142awa Jusi\u0144skiego w dniu imienin: Teres\u0119 Jusi\u0144sk\u0105.<br \/>\ng. 11.00 Int. zam.<br \/>\n<strong>Pn.\u00a0\u00a0\u00a0 13. <\/strong>V\u00a0\u00a0 g. 19.00\u00a0 \u00a0+ Teres\u0119 Jusi\u0144sk\u0105\u00a0 \/1\/<br \/>\n<strong>Wt.\u00a0\u00a0 14. V\u00a0\u00a0 <\/strong>g.\u00a0 \u00a07.00 \u00a0\u00a0+ Teres\u0119 Jusi\u0144sk\u0105\u00a0 \/2\/<br \/>\n<strong>\u015ar.\u00a0\u00a0\u00a0 15. V\u00a0\u00a0 <\/strong>\u00a0g. 19.00\u00a0 + Teres\u0119 Jusi\u0144sk\u0105\u00a0 \/3\/<br \/>\n<strong>Czw. 16. V\u00a0 \u00a0\u00a0<\/strong>g.\u00a0 7.00 <strong>\u00a0\u00a0<\/strong>+ Teres\u0119 Jusi\u0144sk\u0105\u00a0 \/4\/<br \/>\n<strong>Pt.\u00a0\u00a0\u00a0 17. V\u00a0 \u00a0\u00a0<\/strong>g. 19.00\u00a0 \u00a0+ Teres\u0119 Jusi\u0144sk\u0105\u00a0 \/5\/<br \/>\n<strong>Sob. 18. V<\/strong><br \/>\ng. 17.00\u00a0 \u015alub: Piotr\u00a0 Jaworski\u00a0 i\u00a0 Anna Aneta \u00a0Szyd\u0142owska<br \/>\ng. 19.00 + Franciszka Karasiewicza<br \/>\n<span style=\"color: #ff0000;\"><strong>Nd.\u00a0 19. V. 2019\u00a0\u00a0 \u00a0V \u00a0Niedziela Wielkanocy<br \/>\n<\/strong><\/span>g. 9.00\u00a0\u00a0 Int. zam.<br \/>\ng. 11.00 Int. zam.<\/p>\n","protected":false},"excerpt":{"rendered":"<p>Dzi\u015b po \u00a0Mszy \u015bw. o godz. 11.00 spotkanie dla\u00a0 Rodzic\u00f3w i dzieci, kt\u00f3re w tym roku obchodzi\u0107 b\u0119d\u0105 rocznic\u0119 \u00a0I \u00a0Komunii \u015bw. W dniu dzisiejszym ofiary sk\u0142adane na tac\u0119 przeznaczamy na Wy\u017csze Seminarium Duchowne naszej Diecezji. We wtorek 14 maja \u015awi\u0119to \u015bw. Macieja Aposto\u0142a; w czwartek 16 maja Uroczysto\u015b\u0107 \u015bw. [&hellip;]<\/p>\n","protected":false},"author":2,"featured_media":0,"comment_status":"closed","ping_status":"closed","sticky":false,"template":"","format":"standard","meta":[],"categories":[2],"tags":[],"_links":{"self":[{"href":"http:\/\/www.parafiakuligow.pl\/index.php\/wp-json\/wp\/v2\/posts\/1289"}],"collection":[{"href":"http:\/\/www.parafiakuligow.pl\/index.php\/wp-json\/wp\/v2\/posts"}],"about":[{"href":"http:\/\/www.parafiakuligow.pl\/index.php\/wp-json\/wp\/v2\/types\/post"}],"author":[{"embeddable":true,"href":"http:\/\/www.parafiakuligow.pl\/index.php\/wp-json\/wp\/v2\/users\/2"}],"replies":[{"embeddable":true,"href":"http:\/\/www.parafiakuligow.pl\/index.php\/wp-json\/wp\/v2\/comments?post=1289"}],"version-history":[{"count":1,"href":"http:\/\/www.parafiakuligow.pl\/index.php\/wp-json\/wp\/v2\/posts\/1289\/revisions"}],"predecessor-version":[{"id":1290,"href":"http:\/\/www.parafiakuligow.pl\/index.php\/wp-json\/wp\/v2\/posts\/1289\/revisions\/1290"}],"wp:attachment":[{"href":"http:\/\/www.parafiakuligow.pl\/index.php\/wp-json\/wp\/v2\/media?parent=1289"}],"wp:term":[{"taxonomy":"category","embeddable":true,"href":"http:\/\/www.parafiakuligow.pl\/index.php\/wp-json\/wp\/v2\/categories?post=1289"},{"taxonomy":"post_tag","embeddable":true,"href":"http:\/\/www.parafiakuligow.pl\/index.php\/wp-json\/wp\/v2\/tags?post=1289"}],"curies":[{"name":"wp","href":"https:\/\/api.w.org\/{rel}","templated":true}]}}