{"id":1286,"date":"2019-05-06T15:45:49","date_gmt":"2019-05-06T13:45:49","guid":{"rendered":"http:\/\/www.parafiakuligow.pl\/?p=1286"},"modified":"2019-05-06T15:45:49","modified_gmt":"2019-05-06T13:45:49","slug":"05-maj-2019-iii-niedziela-wielkanocy","status":"publish","type":"post","link":"http:\/\/www.parafiakuligow.pl\/index.php\/2019\/05\/06\/05-maj-2019-iii-niedziela-wielkanocy\/","title":{"rendered":"05 Maj 2019 &#8211; III NIEDZIELA WIELKANOCY"},"content":{"rendered":"<ol>\n<li>Dzi\u015b po Mszy \u015bw. o godz. 11.00 zapraszam na kr\u00f3tkie spotkanie Rad\u0119 Duszpastersk\u0105.<\/li>\n<li>Przypominamy, \u017ce od 1 maja do ko\u0144ca wrze\u015bnia tak jak w latach minionych wieczorna Msza \u015bw. w tygodniu b\u0119dzie sprawowana o godzin\u0119 p\u00f3\u017aniej ni\u017c do tej pory, czyli nie o 18.00, ale o godz. 19.00. W niedziel\u0119 i \u015bwi\u0119ta porz\u0105dek bez zmian.<\/li>\n<li>Nabo\u017ce\u0144stwa majowe z litani\u0105 do NMP odprawiamy w tygodniu bezpo\u015brednio po Mszy \u015bw. a w niedziele i \u015bwi\u0119ta po Mszy \u015bw. o godz. 11.00. Serdecznie zapraszamy wszystkich do wsp\u00f3lnej modlitwy.<\/li>\n<li>W przysz\u0142\u0105 niedziel\u0119 12 maja po Mszy \u015bw. o godz. 11.00 spotkanie dla Rodzic\u00f3w i dzieci, kt\u00f3re w tym roku obchodzi\u0107 b\u0119d\u0105 rocznic\u0119 I Komunii \u015bw.<\/li>\n<li>W dnach od 18 do 22 sierpnia b. roku nasza parafia \u00a0prze\u017cywa\u0107 \u00a0b\u0119dzie\u00a0 <strong>PIERWSZE MISJE \u015aWI\u0118TE.<br \/>\n<\/strong>W ramach duchowego przygotowania \u00a0do tej parafialnej uroczysto\u015bci od najbli\u017cszej niedzieli 12 maja podczas \u00a0ka\u017cdej Mszy \u015bwi\u0119tej b\u0119dziemy odmawia\u0107 specjalnie przygotowan\u0105 modlitw\u0119 \u201eo \u0142aski misyjne\u201d. B\u0119dzie ona dost\u0119pna wraz z folderem na stoliku przy wyj\u015bciu z ko\u015bcio\u0142a. Serdecznie zapraszam \u00a0wszystkich \u00a0parafian, , dzia\u0142kowicz\u00f3w i go\u015bci \u00a0do zaanga\u017cowania si\u0119 w to wa\u017cne wydarzenie.<\/li>\n<li>W poniedzia\u0142ek 6 maja przypada \u015bwi\u0119to \u015bw. Aposto\u0142\u00f3w Filipa i Jakuba, a w \u015brod\u0119 8 maja uroczysto\u015b\u0107\u00a0 \u015bw. Stanis\u0142awa biskupa i m\u0119czennika, g\u0142\u00f3wnego patrona Polski. Msze \u015bw. w tych dniach o godz. 19.00.<\/li>\n<li>W przysz\u0142\u0105 niedziel\u0119 ofiary na tac\u0119 przeznaczamy na Wy\u017csze Seminarium Duchowne naszej Diecezji.<\/li>\n<li>Dzi\u0119kuj\u0119 wszystkim osobom i rodzinom, kt\u00f3rzy troszcz\u0105 si\u0119 o czysto\u015b\u0107 i wystr\u00f3j naszej \u015bwi\u0105tyni a tak\u017ce terenu wok\u00f3\u0142 ko\u015bcio\u0142a \u00a0wspomagaj\u0105c finansowo.<\/li>\n<li>Wszystkim solenizantom, naszym parafianom i go\u015bciom \u017cyczymy dobrego wypoczynku i b\u0142ogos\u0142awionego tygodnia.<\/li>\n<li>Zach\u0119cam do czytania prasy katolickiej.<\/li>\n<\/ol>\n<p><strong>Intencje Mszalne <\/strong><strong>05 \u2013\u00a0 12 maj\u00a0 2019<\/strong><\/p>\n<p><span style=\"color: #ff0000;\"><strong>Nd.\u00a0 05. V. 2019\u00a0\u00a0 \u00a0III \u00a0Niedziela Wielkanocy<br \/>\n<\/strong><\/span>g. 9.00\u00a0\u00a0 + J\u00f3zefa Karasiewicz<br \/>\ng. 11.00 + Iren\u0119 i Aleksandra Bogdan<strong><u><br \/>\n<\/u><\/strong><strong>Pn.\u00a0\u00a0\u00a0 06. <\/strong>V\u00a0\u00a0 g. 19.00\u00a0 Int. wolna<br \/>\n<strong>Wt.\u00a0\u00a0 07. V\u00a0\u00a0 <\/strong>g.\u00a0 \u00a07.00 \u00a0\u00a0Int. wolna<br \/>\n<strong>\u015ar.\u00a0\u00a0\u00a0 08. V\u00a0\u00a0 <\/strong>\u00a0g. 19.00\u00a0 Int. wolna<br \/>\n<strong>Czw. 09. V\u00a0 \u00a0\u00a0<\/strong>g.\u00a0 7.00 <strong>\u00a0<\/strong>Int. wolna<br \/>\n<strong>Pt.\u00a0\u00a0\u00a0 10. V\u00a0 \u00a0\u00a0<\/strong>g. 19.00\u00a0 + Stanis\u0142aw\u0119 Jankowsk\u0105<br \/>\n<strong>Sob.\u00a0 11. V<\/strong><br \/>\ng. 17.00\u00a0 \u015alub: Patryk Janusz Jaworski i Aleksandra Magdalena Owczarek<br \/>\ng. 19.00 Int. wolna<br \/>\n<span style=\"color: #ff0000;\"><strong>Nd.\u00a0 12. V. 2019\u00a0\u00a0 \u00a0IV \u00a0Niedziela Wielkanocy<br \/>\n<\/strong><\/span>g. 9.00\u00a0\u00a0 Int. zam.<br \/>\ng. 11.00 Int. zam.<\/p>\n","protected":false},"excerpt":{"rendered":"<p>Dzi\u015b po Mszy \u015bw. o godz. 11.00 zapraszam na kr\u00f3tkie spotkanie Rad\u0119 Duszpastersk\u0105. Przypominamy, \u017ce od 1 maja do ko\u0144ca wrze\u015bnia tak jak w latach minionych wieczorna Msza \u015bw. w tygodniu b\u0119dzie sprawowana o godzin\u0119 p\u00f3\u017aniej ni\u017c do tej pory, czyli nie o 18.00, ale o godz. 19.00. W niedziel\u0119 [&hellip;]<\/p>\n","protected":false},"author":2,"featured_media":0,"comment_status":"closed","ping_status":"closed","sticky":false,"template":"","format":"standard","meta":[],"categories":[2],"tags":[],"_links":{"self":[{"href":"http:\/\/www.parafiakuligow.pl\/index.php\/wp-json\/wp\/v2\/posts\/1286"}],"collection":[{"href":"http:\/\/www.parafiakuligow.pl\/index.php\/wp-json\/wp\/v2\/posts"}],"about":[{"href":"http:\/\/www.parafiakuligow.pl\/index.php\/wp-json\/wp\/v2\/types\/post"}],"author":[{"embeddable":true,"href":"http:\/\/www.parafiakuligow.pl\/index.php\/wp-json\/wp\/v2\/users\/2"}],"replies":[{"embeddable":true,"href":"http:\/\/www.parafiakuligow.pl\/index.php\/wp-json\/wp\/v2\/comments?post=1286"}],"version-history":[{"count":1,"href":"http:\/\/www.parafiakuligow.pl\/index.php\/wp-json\/wp\/v2\/posts\/1286\/revisions"}],"predecessor-version":[{"id":1287,"href":"http:\/\/www.parafiakuligow.pl\/index.php\/wp-json\/wp\/v2\/posts\/1286\/revisions\/1287"}],"wp:attachment":[{"href":"http:\/\/www.parafiakuligow.pl\/index.php\/wp-json\/wp\/v2\/media?parent=1286"}],"wp:term":[{"taxonomy":"category","embeddable":true,"href":"http:\/\/www.parafiakuligow.pl\/index.php\/wp-json\/wp\/v2\/categories?post=1286"},{"taxonomy":"post_tag","embeddable":true,"href":"http:\/\/www.parafiakuligow.pl\/index.php\/wp-json\/wp\/v2\/tags?post=1286"}],"curies":[{"name":"wp","href":"https:\/\/api.w.org\/{rel}","templated":true}]}}