{"id":1281,"date":"2019-04-27T21:00:37","date_gmt":"2019-04-27T19:00:37","guid":{"rendered":"http:\/\/www.parafiakuligow.pl\/?p=1281"},"modified":"2019-04-27T21:00:37","modified_gmt":"2019-04-27T19:00:37","slug":"21-kwiecien-2019-niedziela-zmartwychwstania-panskiego","status":"publish","type":"post","link":"http:\/\/www.parafiakuligow.pl\/index.php\/2019\/04\/27\/21-kwiecien-2019-niedziela-zmartwychwstania-panskiego\/","title":{"rendered":"21 Kwiecie\u0144 2019 &#8211; NIEDZIELA  ZMARTWYCHWSTANIA PA\u0143SKIEGO"},"content":{"rendered":"<ol>\n<li>Jutro II dzie\u0144 \u015awi\u0105t Wielkanocnych i czwarty dzie\u0144 Nowenny do Mi\u0142osierdzia Bo\u017cego. Msze \u015bw. w\/g porz\u0105dku niedzielnego o godz. 9.00 i 11.00. Taca na Katolicki Uniwersytet lubelski.<\/li>\n<li>W najbli\u017cszy pi\u0105tek 26\u00a0 kwietnia\u00a0 z\u00a0 racji Oktawy Wielkanocy mo\u017cna spo\u017cywa\u0107 pokarmy mi\u0119sne.<\/li>\n<li>Za tydzie\u0144 28 \u00a0kwietnia \u015awi\u0119to Mi\u0142osierdzia Bo\u017cego. Taca na dzie\u0142a charytatywne\u00a0 Caritas\u00a0 w\u00a0 naszej diecezji.<\/li>\n<li>Pragn\u0119 serdecznie podzi\u0119kowa\u0107 wszystkim, kt\u00f3rzy po\u015bwi\u0119cili sw\u00f3j czas, prac\u0119 i \u015brodki\u00a0 by\u00a0 pom\u00f3c ca\u0142ej naszej wsp\u00f3lnocie w prze\u017cywaniu Wielkiego Tygodnia\u00a0 i\u00a0 \u015awi\u0105t Wielkanocnych. Dzi\u0119kuj\u0119 paniom z Towarzystwa Gospody\u0144 Wiejskich, za trud i przygotowanie palm. Dzi\u0119kuj\u0119 wszystkim kt\u00f3rzy z\u0142o\u017cyli i zbierali ofiary na kwiaty do Grobu Pa\u0144skiego: za przywiezienie kwiat\u00f3w, prac\u0119 przy dekoracji o\u0142tarza, grobu i ciemnicy. W spos\u00f3b szczeg\u00f3lny dzi\u0119kuj\u0119 pani Miros\u0142awie Karasiewicz, kt\u00f3ra koordynowa\u0142a ca\u0142o\u015bci\u0105 prac. Dzi\u0119kuj\u0119 naszej Ochotniczej Stra\u017cy Po\u017carnej w\u00a0 Kuligowie i wszystkim stra\u017cakom kt\u00f3rzy pe\u0142nili wart\u0119 przy grobie, udzia\u0142 w\u00a0 Rezurekcji, oraz za u\u017cyczenie sto\u0142\u00f3w na \u015bwi\u0119cenie pokarm\u00f3w. Dzi\u0119kuj\u0119 asy\u015bcie ko\u015bcielnej, paniom z k\u00f3\u0142ka r\u00f3\u017ca\u0144cowego, m\u0142odzie\u017cy, lektorom, ministrantom, bielankom\u00a0 w\u00a0 przygotowaniu liturgii. Dzi\u0119kuj\u0119 panu organi\u015bcie i tym, kt\u00f3rzy z \u017cyczliwo\u015bci\u0105 nas wspomagali. Serdeczne B\u00f3g zap\u0142a\u0107.<\/li>\n<li>Wszystkim naszym parafianom i go\u015bciom \u017cycz\u0119 zdrowych, b\u0142ogos\u0142awionych i\u00a0 duchowo owocnych \u015awi\u0105t Wielkanocnych, oraz dobrego wypoczynku i mi\u0142ych spotka\u0144 z bliskimi.<\/li>\n<li>Zach\u0119camy do czytania prasy katolickiej; dzi\u015b \u015bwi\u0105teczne wydanie tygodnika \u201eIdziemy\u201d.<\/li>\n<\/ol>\n<p><strong>Intencje Mszalne <\/strong><strong>21\u00a0 \u2013\u00a0 28\u00a0 Kwiecie\u0144\u00a0 2019<\/strong><\/p>\n<p><span style=\"color: #ff0000;\"><strong>Nd.\u00a0 21.IV\u00a0\u00a0\u00a0\u00a0\u00a0 <u>Niedziela Zmartwychwstania Pa\u0144skiego<br \/>\n<\/u><\/strong><\/span>g. 6.00\u00a0\u00a0 <strong>REZUREKCJA<\/strong> \u2013 W int.\u00a0 Parafian<br \/>\ng. 11.00 + Adama Getka w 9 rocz. \u015bm., Klotyld\u0119 Mianowsk\u0105<br \/>\n<strong><u><span style=\"color: #ff0000;\">II Dzie\u0144 \u015awi\u0105t Wielkanocnych<\/span><br \/>\n<\/u><\/strong><strong>Pn.\u00a0\u00a0\u00a0 22. IV <\/strong><br \/>\ng.\u00a0\u00a0 9.00\u00a0 + Piotra Grabskiego w 4 roz. \u015bm.<br \/>\ng. 11.00 + Kazimier\u0119\u00a0 Bieleck\u0105<br \/>\n<strong>Wt.\u00a0\u00a0 23. IV\u00a0\u00a0 <\/strong>g.\u00a0 7.00 Int. wolna<br \/>\n<strong>\u015ar.\u00a0\u00a0\u00a0 24. IV\u00a0\u00a0 <\/strong>g. 18.00 + Janin\u0119 Garbacz<br \/>\n<strong>Czw. 25. IV\u00a0 \u00a0<\/strong>g.\u00a0\u00a0 7.00 <strong>\u00a0<\/strong>Int. wolna<br \/>\n<strong>Pt.\u00a0\u00a0\u00a0 26. IV\u00a0 \u00a0<\/strong>g. 18.00\u00a0 Int. wolna<br \/>\n<strong>Sob. 27. IV<\/strong>\u00a0 \u00a0g. 18.00 + Krzysztofa Jankowskiego<br \/>\n<span style=\"color: #ff0000;\"><strong>Nd.\u00a0 28. IV. 2018\u00a0\u00a0\u00a0 <u>Niedziela Mi\u0142osierdzia Bo\u017cego<br \/>\n<\/u><\/strong><\/span>g. 9.00\u00a0\u00a0 + Piotra Zieli\u0144skiego\u00a0 i\u00a0 Stefana Blok<br \/>\ng. 11.00 Int. zam.<\/p>\n","protected":false},"excerpt":{"rendered":"<p>Jutro II dzie\u0144 \u015awi\u0105t Wielkanocnych i czwarty dzie\u0144 Nowenny do Mi\u0142osierdzia Bo\u017cego. Msze \u015bw. w\/g porz\u0105dku niedzielnego o godz. 9.00 i 11.00. Taca na Katolicki Uniwersytet lubelski. W najbli\u017cszy pi\u0105tek 26\u00a0 kwietnia\u00a0 z\u00a0 racji Oktawy Wielkanocy mo\u017cna spo\u017cywa\u0107 pokarmy mi\u0119sne. Za tydzie\u0144 28 \u00a0kwietnia \u015awi\u0119to Mi\u0142osierdzia Bo\u017cego. Taca na dzie\u0142a [&hellip;]<\/p>\n","protected":false},"author":2,"featured_media":0,"comment_status":"closed","ping_status":"closed","sticky":false,"template":"","format":"standard","meta":[],"categories":[2],"tags":[],"_links":{"self":[{"href":"http:\/\/www.parafiakuligow.pl\/index.php\/wp-json\/wp\/v2\/posts\/1281"}],"collection":[{"href":"http:\/\/www.parafiakuligow.pl\/index.php\/wp-json\/wp\/v2\/posts"}],"about":[{"href":"http:\/\/www.parafiakuligow.pl\/index.php\/wp-json\/wp\/v2\/types\/post"}],"author":[{"embeddable":true,"href":"http:\/\/www.parafiakuligow.pl\/index.php\/wp-json\/wp\/v2\/users\/2"}],"replies":[{"embeddable":true,"href":"http:\/\/www.parafiakuligow.pl\/index.php\/wp-json\/wp\/v2\/comments?post=1281"}],"version-history":[{"count":1,"href":"http:\/\/www.parafiakuligow.pl\/index.php\/wp-json\/wp\/v2\/posts\/1281\/revisions"}],"predecessor-version":[{"id":1282,"href":"http:\/\/www.parafiakuligow.pl\/index.php\/wp-json\/wp\/v2\/posts\/1281\/revisions\/1282"}],"wp:attachment":[{"href":"http:\/\/www.parafiakuligow.pl\/index.php\/wp-json\/wp\/v2\/media?parent=1281"}],"wp:term":[{"taxonomy":"category","embeddable":true,"href":"http:\/\/www.parafiakuligow.pl\/index.php\/wp-json\/wp\/v2\/categories?post=1281"},{"taxonomy":"post_tag","embeddable":true,"href":"http:\/\/www.parafiakuligow.pl\/index.php\/wp-json\/wp\/v2\/tags?post=1281"}],"curies":[{"name":"wp","href":"https:\/\/api.w.org\/{rel}","templated":true}]}}