{"id":1264,"date":"2019-03-25T11:56:53","date_gmt":"2019-03-25T10:56:53","guid":{"rendered":"http:\/\/www.parafiakuligow.pl\/?p=1264"},"modified":"2019-03-25T11:56:53","modified_gmt":"2019-03-25T10:56:53","slug":"24-marzec-2019-3-niedziela-wielkiego-postu","status":"publish","type":"post","link":"http:\/\/www.parafiakuligow.pl\/index.php\/2019\/03\/25\/24-marzec-2019-3-niedziela-wielkiego-postu\/","title":{"rendered":"24 Marzec 2019 &#8211; 3 Niedziela Wielkiego Postu"},"content":{"rendered":"<ol>\n<li>Tydzie\u0144 temu w zbi\u00f3rce do puszek na dzie\u0142o misyjne zebrali\u015bmy 400 z\u0142.Wszystkim ofiarodawcom sk\u0142adam serdeczne\u00a0 B\u00f3g zap\u0142a\u0107.<\/li>\n<li>Dzi\u015b po Mszy \u015bw. o godz.11.00 Gorzkie \u017bale.<\/li>\n<li><strong>W najbli\u017cszy czwartek 28 marca rozpoczynaj\u0105 si\u0119 trzydniowe Rekolekcje <\/strong><strong>Wielkopostne w naszej parafii.<\/strong> Serdecznie wszystkich na nie zapraszamy.<br \/>\nRekolekcje b\u0119dzie prowadzi\u0142\u00a0 ks. Przemys\u0142aw Macios,\u00a0 proboszcz z parafii b\u0142. Karoliny K\u00f3zk\u00f3wny, Bia\u0142obrzegi. Msze \u015bw. z naukami rekolekcyjnymi w czwartek, pi\u0105tek i sobot\u0119 o godz. 11.00 i 18.00; <strong>Droga Krzy\u017cowa w pi\u0105tek <\/strong><strong>o godz. 17.30.<\/strong> Spowied\u017a rekolekcyjna w pi\u0105tek przed i w czasie Mszy \u015bw.<br \/>\nZapraszamy doros\u0142ych, m\u0142odzie\u017c oraz dzieci.<br \/>\nW sobot\u0119 odwiedzimy chorych, kt\u00f3rzy nie mog\u0105 przyby\u0107 do ko\u015bcio\u0142a. Prosz\u0119 rodziny, aby zatroszczyli si\u0119 o swoich najbli\u017cszych i pomogli im przyj\u0105\u0107 sakramenty \u015bwi\u0119te.<\/li>\n<li>Zapraszamy do udzia\u0142u w wielkopostnych nabo\u017ce\u0144stwach ku czci M\u0119ki Pa\u0144skiej. Droga krzy\u017cowa w pi\u0105tki o godz. 17.30. Gorzkie \u017bale w niedziele po Mszy \u015bw. o godz. 11.00.<\/li>\n<li>W poniedzia\u0142ek 25 marca przypada Uroczysto\u015b\u0107 Zwiastowania Pa\u0144skiego i\u00a0 r\u00f3wnocze\u015bnie 28 rocznica powstania naszej diecezji.<\/li>\n<li>Wszystkim parafianom i go\u015bciom \u017cyczymy du\u017co zdrowia, dobrej niedzieli oraz b\u0142ogos\u0142awionego tygodnia.<\/li>\n<\/ol>\n<p><strong>Intencje Mszalne <\/strong><strong>24\u00a0 \u2013\u00a0 31 Marzec\u00a0 2019<br \/>\n<\/strong><span style=\"color: #ff0000;\"><strong>Nd.\u00a0 24.III.\u00a0\u00a0\u00a0 3\u00a0 Niedziela Wielkiego Postu<br \/>\n<\/strong><\/span>g. 9.00\u00a0 + Kazimierza i Mariann\u0119 Szyma\u0144skich<br \/>\ng. 11.00 + King\u0119 Wi\u0119ch\u00a0 w rocz. \u015bm.<br \/>\ng. 12.00 Gorzkie \u017bale<br \/>\ng. 12.30 + Szymona Prokopiuk\u00a0\u00a0 \/22 gr.\/<br \/>\n<strong>Pn.\u00a0\u00a0\u00a0 25. III<\/strong><br \/>\ng. 18.00\u00a0 + Szymona Prokopiuk\u00a0\u00a0 \/23 gr.\/<br \/>\n<strong>Wt.\u00a0\u00a0 26. III\u00a0 <\/strong><br \/>\ng. 7.00\u00a0 + Szymona Prokopiuk\u00a0\u00a0 \/24 gr.\/<br \/>\n<strong>\u015ar.\u00a0\u00a0\u00a0 27. III<br \/>\n<\/strong>g. 18.00\u00a0 + Szymona Prokopiuk\u00a0\u00a0 \/25 gr.\/<\/p>\n<p><strong>REOLKCJE\u00a0\u00a0 WILKOPOSTNE<br \/>\n<\/strong><strong>Czw. 28. III <\/strong><br \/>\ng. 11.00\u00a0 + Szymona\u00a0 Prokopiuk\u00a0\u00a0\u00a0 \/26 gr.\/<br \/>\ng. 18.00 + Juliana\u00a0 i\u00a0 Blandyn\u0119\u00a0 Wi\u0119ch<br \/>\n<strong>Pt.\u00a0\u00a0\u00a0\u00a0 29. III<br \/>\n<\/strong>g. 11.00\u00a0\u00a0\u00a0 Int. wolna<br \/>\ng. 17.30 Droga\u00a0 Krzy\u017cowa<br \/>\ng. 18.00 + Szymona\u00a0 Prokopiuk\u00a0\u00a0\u00a0 \/27 gr.\/<br \/>\n<strong>Sob.\u00a0 30. III<\/strong><br \/>\ng. 11.00\u00a0 + Szymona\u00a0 Prokopiuk\u00a0\u00a0\u00a0 \/28 gr.\/<br \/>\ng. 18.00 + Juliann\u0119, Kazimierza\u00a0 D\u0105browskich; Teres\u0119, Stefana\u00a0 Dygnos<\/p>\n<p><span style=\"color: #ff0000;\"><strong>Nd.\u00a0 31.III.\u00a0\u00a0\u00a0 4\u00a0 Niedziela Wielkiego Postu<br \/>\n<\/strong><\/span>g. 9.00\u00a0 + Szymona\u00a0 Prokopiuk\u00a0\u00a0\u00a0 \/29\u00a0 gr. \/<br \/>\ng. 11.00 + Henryka i Janin\u0119\u00a0 Gawlik<br \/>\ng. 12.00 Gorzkie \u017bale<\/p>\n","protected":false},"excerpt":{"rendered":"<p>Tydzie\u0144 temu w zbi\u00f3rce do puszek na dzie\u0142o misyjne zebrali\u015bmy 400 z\u0142.Wszystkim ofiarodawcom sk\u0142adam serdeczne\u00a0 B\u00f3g zap\u0142a\u0107. Dzi\u015b po Mszy \u015bw. o godz.11.00 Gorzkie \u017bale. W najbli\u017cszy czwartek 28 marca rozpoczynaj\u0105 si\u0119 trzydniowe Rekolekcje Wielkopostne w naszej parafii. Serdecznie wszystkich na nie zapraszamy. Rekolekcje b\u0119dzie prowadzi\u0142\u00a0 ks. Przemys\u0142aw Macios,\u00a0 proboszcz [&hellip;]<\/p>\n","protected":false},"author":2,"featured_media":0,"comment_status":"closed","ping_status":"closed","sticky":false,"template":"","format":"standard","meta":[],"categories":[2],"tags":[],"_links":{"self":[{"href":"http:\/\/www.parafiakuligow.pl\/index.php\/wp-json\/wp\/v2\/posts\/1264"}],"collection":[{"href":"http:\/\/www.parafiakuligow.pl\/index.php\/wp-json\/wp\/v2\/posts"}],"about":[{"href":"http:\/\/www.parafiakuligow.pl\/index.php\/wp-json\/wp\/v2\/types\/post"}],"author":[{"embeddable":true,"href":"http:\/\/www.parafiakuligow.pl\/index.php\/wp-json\/wp\/v2\/users\/2"}],"replies":[{"embeddable":true,"href":"http:\/\/www.parafiakuligow.pl\/index.php\/wp-json\/wp\/v2\/comments?post=1264"}],"version-history":[{"count":1,"href":"http:\/\/www.parafiakuligow.pl\/index.php\/wp-json\/wp\/v2\/posts\/1264\/revisions"}],"predecessor-version":[{"id":1265,"href":"http:\/\/www.parafiakuligow.pl\/index.php\/wp-json\/wp\/v2\/posts\/1264\/revisions\/1265"}],"wp:attachment":[{"href":"http:\/\/www.parafiakuligow.pl\/index.php\/wp-json\/wp\/v2\/media?parent=1264"}],"wp:term":[{"taxonomy":"category","embeddable":true,"href":"http:\/\/www.parafiakuligow.pl\/index.php\/wp-json\/wp\/v2\/categories?post=1264"},{"taxonomy":"post_tag","embeddable":true,"href":"http:\/\/www.parafiakuligow.pl\/index.php\/wp-json\/wp\/v2\/tags?post=1264"}],"curies":[{"name":"wp","href":"https:\/\/api.w.org\/{rel}","templated":true}]}}