{"id":1262,"date":"2019-03-21T12:27:41","date_gmt":"2019-03-21T11:27:41","guid":{"rendered":"http:\/\/www.parafiakuligow.pl\/?p=1262"},"modified":"2019-03-21T12:27:41","modified_gmt":"2019-03-21T11:27:41","slug":"17-marzec-2019-2-niedziela-wielkiego-postu","status":"publish","type":"post","link":"http:\/\/www.parafiakuligow.pl\/index.php\/2019\/03\/21\/17-marzec-2019-2-niedziela-wielkiego-postu\/","title":{"rendered":"17 Marzec 2019 &#8211; 2 Niedziela Wielkiego Postu"},"content":{"rendered":"<ol>\n<li>Dzi\u015b po Mszy \u015bw. o godz.11.00 Gorzkie \u017bale.<\/li>\n<li>Msza \u015bw. w \u015brody o godz. 18.00 po\u0142\u0105czona jest z nowenn\u0105 do Matki Bo\u017cej Nieustaj\u0105cej Pomocy. Serdecznie zapraszamy.<\/li>\n<li>Droga Krzy\u017cowa w pi\u0105tek o godz. 17.30. Zapraszamy doros\u0142ych, m\u0142odzie\u017c oraz dzieci.<\/li>\n<li>Dzisiaj w naszych ko\u015bcio\u0142ach zbi\u00f3rka do puszek na dzie\u0142o misyjne ad gentes. B\u00f3g zap\u0142a\u0107 za ka\u017cd\u0105 z\u0142o\u017con\u0105 ofiar\u0119 na misj\u0119<\/li>\n<li>We wtorek 19 marca przypada Uroczysto\u015b\u0107 \u015bw. J\u00f3zefa Oblubie\u0144ca NMP. Wszystkim solenizantom i solenizantkom sk\u0142adamy \u017cyczenia Bo\u017cego B\u0142ogos\u0142awie\u0144stwa i opieki patrona.<\/li>\n<li>Wszystkim parafianom i go\u015bciom \u017cyczymy du\u017co zdrowia, udanej niedzieli oraz b\u0142ogos\u0142awionego tygodnia.<\/li>\n<\/ol>\n<p><strong>Intencje Mszalne <\/strong><strong>17 \u00a0\u2013 \u00a024 Marzec\u00a0 2019<\/strong><\/p>\n<p><span style=\"color: #ff0000;\"><strong>Nd.\u00a0 17.III.\u00a0\u00a0\u00a0 2\u00a0 Niedziela Wielkiego Postu<br \/>\n<\/strong><\/span>g. 9.00\u00a0 + Int. Zam.<br \/>\ng. 11.00 + Int. zam<br \/>\ng. 12.00 Gorzkie \u017bale<br \/>\ng. 12.30 + Szymona Prokopiuk\u00a0\u00a0 \/15 gr.\/<br \/>\n<strong>Pn.\u00a0\u00a0\u00a0 18. III<\/strong><br \/>\ng. 18.00 \u00a0+ Szymona Prokopiuk\u00a0\u00a0 \/16 gr.\/<br \/>\n<strong>Wt.\u00a0\u00a0 19. III\u00a0 <\/strong><br \/>\ng. 7.00\u00a0 + Szymona Prokopiuk\u00a0\u00a0 \/17 gr.\/<br \/>\n<strong>\u015ar.\u00a0\u00a0\u00a0 20. III<br \/>\n<\/strong>g. 18.00\u00a0 + Szymona Prokopiuk\u00a0\u00a0 \/18 gr.\/<br \/>\n<strong>Czw. 21. III <\/strong><br \/>\ng. 7.00\u00a0 + Szymona Prokopiuk\u00a0\u00a0\u00a0 \/19 gr.\/<br \/>\n<strong>Pt.\u00a0\u00a0\u00a0 22. III<br \/>\n<\/strong>g. 17.30\u00a0 Droga Krzy\u017cowa<br \/>\ng. 18.00 + Szymona Prokopiuk\u00a0\u00a0 \u00a0\/20 gr.\/<br \/>\n<strong>Sob. 23. III<\/strong><br \/>\ng. 17.30\u00a0 + Szymona Prokopiuk\u00a0\u00a0 \u00a0\/21 gr.\/<br \/>\ng. 18.00 Int. Zam.<br \/>\n<strong><span style=\"color: #ff0000;\">Nd.\u00a0 24.III.\u00a0\u00a0\u00a0 3 \u00a0Niedziela Wielkiego Postu<\/span><br \/>\n<\/strong>g. 9.00\u00a0 + Kazimierza i Mariann\u0119 Szyma\u0144skich<br \/>\ng. 11.00 + King\u0119 Wi\u0119ch\u00a0 w rocz. \u015am.<br \/>\ng. 12.00 Gorzkie \u017bale<br \/>\ng. 12.30 + Szymona Prokopiuk\u00a0\u00a0 \/22 gr.\/<\/p>\n","protected":false},"excerpt":{"rendered":"<p>Dzi\u015b po Mszy \u015bw. o godz.11.00 Gorzkie \u017bale. Msza \u015bw. w \u015brody o godz. 18.00 po\u0142\u0105czona jest z nowenn\u0105 do Matki Bo\u017cej Nieustaj\u0105cej Pomocy. Serdecznie zapraszamy. Droga Krzy\u017cowa w pi\u0105tek o godz. 17.30. Zapraszamy doros\u0142ych, m\u0142odzie\u017c oraz dzieci. Dzisiaj w naszych ko\u015bcio\u0142ach zbi\u00f3rka do puszek na dzie\u0142o misyjne ad gentes. [&hellip;]<\/p>\n","protected":false},"author":2,"featured_media":0,"comment_status":"closed","ping_status":"closed","sticky":false,"template":"","format":"standard","meta":[],"categories":[2],"tags":[],"_links":{"self":[{"href":"http:\/\/www.parafiakuligow.pl\/index.php\/wp-json\/wp\/v2\/posts\/1262"}],"collection":[{"href":"http:\/\/www.parafiakuligow.pl\/index.php\/wp-json\/wp\/v2\/posts"}],"about":[{"href":"http:\/\/www.parafiakuligow.pl\/index.php\/wp-json\/wp\/v2\/types\/post"}],"author":[{"embeddable":true,"href":"http:\/\/www.parafiakuligow.pl\/index.php\/wp-json\/wp\/v2\/users\/2"}],"replies":[{"embeddable":true,"href":"http:\/\/www.parafiakuligow.pl\/index.php\/wp-json\/wp\/v2\/comments?post=1262"}],"version-history":[{"count":1,"href":"http:\/\/www.parafiakuligow.pl\/index.php\/wp-json\/wp\/v2\/posts\/1262\/revisions"}],"predecessor-version":[{"id":1263,"href":"http:\/\/www.parafiakuligow.pl\/index.php\/wp-json\/wp\/v2\/posts\/1262\/revisions\/1263"}],"wp:attachment":[{"href":"http:\/\/www.parafiakuligow.pl\/index.php\/wp-json\/wp\/v2\/media?parent=1262"}],"wp:term":[{"taxonomy":"category","embeddable":true,"href":"http:\/\/www.parafiakuligow.pl\/index.php\/wp-json\/wp\/v2\/categories?post=1262"},{"taxonomy":"post_tag","embeddable":true,"href":"http:\/\/www.parafiakuligow.pl\/index.php\/wp-json\/wp\/v2\/tags?post=1262"}],"curies":[{"name":"wp","href":"https:\/\/api.w.org\/{rel}","templated":true}]}}