{"id":1245,"date":"2019-03-06T15:41:28","date_gmt":"2019-03-06T14:41:28","guid":{"rendered":"http:\/\/www.parafiakuligow.pl\/?p=1245"},"modified":"2019-03-06T15:47:38","modified_gmt":"2019-03-06T14:47:38","slug":"3-marzec-2019-8-niedziela-zwykla","status":"publish","type":"post","link":"http:\/\/www.parafiakuligow.pl\/index.php\/2019\/03\/06\/3-marzec-2019-8-niedziela-zwykla\/","title":{"rendered":"3 Marzec 2019 &#8211; 8 Niedziela Zwyk\u0142a"},"content":{"rendered":"<ol>\n<li>Dzisiaj z racji I niedzieli miesi\u0105ca po Mszy \u015bwi\u0119tej o godz. 11.00 wystawienie Naj\u015bwi\u0119tszego Sakramentu i adoracja eucharystyczna.<\/li>\n<li>W poniedzia\u0142ek 4 marca\u00a0 liturgiczne \u015bwi\u0119to, \u015bw. Kazimierza Kr\u00f3lewicza. Msza \u015bw. o godz. 18.00. W tym dniu przypada 37 rocznica \u015bwi\u0119ce\u0144 biskupich i dzie\u0144 imienin biskupa Kazimierza Romaniuka. Do naszych modlitw do\u0142\u0105czmy modlitw\u0119 w Jego intencji. Wszystkim solenizantkom i solenizantom sk\u0142adamy serdeczne \u017cyczenia Bo\u017cego b\u0142ogos\u0142awie\u0144stwa i opieki \u015bw. Patrona.<\/li>\n<li>Najbli\u017csza \u015broda 6 marca to \u015aroda Popielcowa. Msza \u015bw. w naszym ko\u015bciele o godz. 10.00 oraz 18.00.<\/li>\n<li>Rozpoczynamy czas Wielkiego Postu \u2013 duchowego przygotowania do Obchodu Paschy\u00a0 i\u00a0 \u015awi\u0105t Wielkanocnych. Zapraszamy do udzia\u0142u w\u00a0 nabo\u017ce\u0144stwach\u00a0 ku czci\u00a0 M\u0119ki Pa\u0144skiej.<br \/>\n<strong>Droga Krzy\u017cowa <\/strong>w <strong>pi\u0105tki<\/strong> <strong>o godz. 17.30;<\/strong><br \/>\n<strong>Gorzkie \u017bale<\/strong>\u00a0 w \u00a0<strong>niedziele po \u00a0Mszy \u015bw. o godz. 11.00.<\/strong><\/li>\n<li>Przypominamy przepisy postne.<br \/>\n&#8211; Wstrzemi\u0119\u017aliwo\u015b\u0107 od pokarm\u00f3w mi\u0119snych obowi\u0105zuje wszystkich, kt\u00f3rzy uko\u0144czyli 14 rok \u017cycia we wszystkie pi\u0105tki roku\u00a0 i\u00a0 \u015arod\u0119 popielcow\u0105.<br \/>\n&#8211; Post \u015bcis\u0142y czyli ilo\u015bciowy obowi\u0105zuje w \u015arod\u0119 popielcow\u0105 i \u00a0w \u00a0Wielki Pi\u0105tek wszystkich, pomi\u0119dzy 18 a 60 rokiem \u017cycia.<br \/>\nPrzepisy postne nie obowi\u0105zuj\u0105 ludzi chorych. Uzasadniona niemo\u017cliwo\u015b\u0107 ich zachowania np. korzystanie z formy zbiorowego \u017cywienia wymaga od chrze\u015bcijanina podj\u0119cia innych form pokuty.<\/li>\n<li>Rekolekcje wielkopostne w naszej parafii odb\u0119d\u0105 si\u0119 28,29, i 30 marca; w czwartek, pi\u0105tek i sobot\u0119 \/ przed IV\u00a0 niedziel\u0105 Wielkiego Postu \/. Msze \u015bw. o godz. 11.00 i 18.00. W pi\u0105tek\u00a0 mo\u017cliwo\u015b\u0107 spowiedzi. Rekolekcje poprowadzi Proboszcz Przemys\u0142aw Macios z parafii \u00a0B\u0142. Karoliny K\u00f3zk\u00f3wny, Bia\u0142obrzegi.<br \/>\nW\u0142\u0105czmy\u00a0 to wydarzenie do naszych plan\u00f3w i do naszej modlitwy.<\/li>\n<li>Wszystkim parafianom i go\u015bciom \u017cyczymy udanej niedzieli oraz dobrego, B\u0142ogos\u0142awionego tygodnia.<\/li>\n<\/ol>\n<p><strong>Intencje Mszalne <\/strong><strong>03 \u00a0\u2013 \u00a010 Marzec\u00a0 2019<br \/>\n<\/strong><\/p>\n<p><span style=\"color: #ff0000;\"><strong>Nd.\u00a0 03.III.\u00a0\u00a0\u00a0 8\u00a0 Niedziela\u00a0 Zwyk\u0142a<br \/>\n<\/strong><\/span>g. 9.00\u00a0 + Int. zam.<br \/>\ng. 11.00 + Int. zam.<br \/>\ng. 12.00 + Szymona Prokopiuk\u00a0\u00a0 \/1 gr.\/<br \/>\n<strong>Pn.\u00a0\u00a0\u00a0 04. III<\/strong><br \/>\ng. 18.00 \u00a0+ Szymona Prokopiuk\u00a0\u00a0 \/2 gr.\/<br \/>\n<strong>Wt.\u00a0\u00a0 05. III\u00a0 <\/strong><br \/>\ng.\u00a0\u00a0 7.00\u00a0 + Szymona Prokopiuk\u00a0\u00a0 \/3 gr.\/<br \/>\n<strong>\u015ar.\u00a0\u00a0\u00a0 06. III<br \/>\n<\/strong>g. 10.00<strong>\u00a0 <\/strong>Za dusze w czy\u015b\u0107cu cierpi\u0105ce<br \/>\ng. 18.00 + Szymona Prokopiuk\u00a0\u00a0 \/4 gr.\/<br \/>\n<strong>Czw. 07. III <\/strong><br \/>\ng. 7.00\u00a0 + Szymona Prokopiuk\u00a0\u00a0 \/5 gr.\/<br \/>\n<strong>Pt.\u00a0\u00a0\u00a0 08. III<br \/>\n<\/strong>g. 17.30\u00a0 Droga Krzy\u017cowa<br \/>\ng. 18.00 + Szymona Prokopiuk\u00a0\u00a0 \/6 gr.\/<br \/>\n<strong>Sob. 09. III<\/strong><br \/>\ng. 17.30\u00a0 Int. Zam.<br \/>\ng. 18.00 \u00a0+ Szymona Prokopiuk\u00a0\u00a0 \/7 gr.\/<br \/>\n<span style=\"color: #ff0000;\"><strong>Nd.\u00a0 10.III.\u00a0\u00a0\u00a0 1\u00a0 Niedziela Wielkiego Postu<br \/>\n<\/strong><\/span>g. 9.00\u00a0 + Int. Zam.<br \/>\ng. 11.00 + Kazimierza \u0141azickiego; Klotyld\u0119 Mianowsk\u0105<br \/>\ng. 12.00 Gorzkie \u017bale<br \/>\ng. 12.30 + Szymona Prokopiuk\u00a0\u00a0 \/8 gr.\/<\/p>\n","protected":false},"excerpt":{"rendered":"<p>Dzisiaj z racji I niedzieli miesi\u0105ca po Mszy \u015bwi\u0119tej o godz. 11.00 wystawienie Naj\u015bwi\u0119tszego Sakramentu i adoracja eucharystyczna. W poniedzia\u0142ek 4 marca\u00a0 liturgiczne \u015bwi\u0119to, \u015bw. Kazimierza Kr\u00f3lewicza. Msza \u015bw. o godz. 18.00. W tym dniu przypada 37 rocznica \u015bwi\u0119ce\u0144 biskupich i dzie\u0144 imienin biskupa Kazimierza Romaniuka. Do naszych modlitw do\u0142\u0105czmy [&hellip;]<\/p>\n","protected":false},"author":2,"featured_media":0,"comment_status":"closed","ping_status":"closed","sticky":false,"template":"","format":"standard","meta":[],"categories":[2],"tags":[],"_links":{"self":[{"href":"http:\/\/www.parafiakuligow.pl\/index.php\/wp-json\/wp\/v2\/posts\/1245"}],"collection":[{"href":"http:\/\/www.parafiakuligow.pl\/index.php\/wp-json\/wp\/v2\/posts"}],"about":[{"href":"http:\/\/www.parafiakuligow.pl\/index.php\/wp-json\/wp\/v2\/types\/post"}],"author":[{"embeddable":true,"href":"http:\/\/www.parafiakuligow.pl\/index.php\/wp-json\/wp\/v2\/users\/2"}],"replies":[{"embeddable":true,"href":"http:\/\/www.parafiakuligow.pl\/index.php\/wp-json\/wp\/v2\/comments?post=1245"}],"version-history":[{"count":8,"href":"http:\/\/www.parafiakuligow.pl\/index.php\/wp-json\/wp\/v2\/posts\/1245\/revisions"}],"predecessor-version":[{"id":1253,"href":"http:\/\/www.parafiakuligow.pl\/index.php\/wp-json\/wp\/v2\/posts\/1245\/revisions\/1253"}],"wp:attachment":[{"href":"http:\/\/www.parafiakuligow.pl\/index.php\/wp-json\/wp\/v2\/media?parent=1245"}],"wp:term":[{"taxonomy":"category","embeddable":true,"href":"http:\/\/www.parafiakuligow.pl\/index.php\/wp-json\/wp\/v2\/categories?post=1245"},{"taxonomy":"post_tag","embeddable":true,"href":"http:\/\/www.parafiakuligow.pl\/index.php\/wp-json\/wp\/v2\/tags?post=1245"}],"curies":[{"name":"wp","href":"https:\/\/api.w.org\/{rel}","templated":true}]}}