{"id":1241,"date":"2019-02-25T12:38:38","date_gmt":"2019-02-25T11:38:38","guid":{"rendered":"http:\/\/www.parafiakuligow.pl\/?p=1241"},"modified":"2019-02-25T12:39:32","modified_gmt":"2019-02-25T11:39:32","slug":"24-luty-2019-7-niedziela-zwykla","status":"publish","type":"post","link":"http:\/\/www.parafiakuligow.pl\/index.php\/2019\/02\/25\/24-luty-2019-7-niedziela-zwykla\/","title":{"rendered":"24 Luty 2019 &#8211; 7 Niedziela Zwyk\u0142a"},"content":{"rendered":"<ol>\n<li>W ubieg\u0142\u0105 niedziel\u0119 podczas zbi\u00f3rki do puszek na leczenie i rehabilitacj\u0119 chorych dzieci zebrali\u015bmy 280 z\u0142otych. Wszystkim ofiarodawcom sk\u0142adam \u00a0\u00a0serdeczne B\u00f3g zap\u0142a\u0107.<\/li>\n<li>Dzi\u015b po Mszy \u015bw. o godz.11.00 zapraszam na spotkanie Rady Duszpasterskiej.<\/li>\n<li>Rocznic\u0119 I\u00a0 Komunii \u015bw. razem z dzie\u0107mi i ich rodzicami b\u0119dziemy prze\u017cywa\u0107 w naszej parafii\u00a0 20\u00a0 czerwca\u00a0 na\u00a0 Mszy \u015bw. o godz. 9.00.<\/li>\n<li>W pi\u0105tek 1 marca przypada I pi\u0105tek miesi\u0105ca. Spowied\u017a od godz. 17.30. Msza \u015bw. o Naj\u015bwi\u0119tszym Sercu Pana Jezusa o godz. 18.00.<\/li>\n<li>W pierwsz\u0105 sobot\u0119 miesi\u0105ca Msza \u015bw. o Niepokalanym sercu Naj\u015bwi\u0119tszej Maryi Panny o godz. 18.00. Przed Msz\u0105 \u015bw. o godz. 17.30 modlitwa r\u00f3\u017ca\u0144cowa.<\/li>\n<li>Przysz\u0142a niedziela\u00a0 to I niedziela miesi\u0105ca. Po Mszy \u015bw. o godz. 11.00 wystawienie Naj\u015bwi\u0119tszego sakramentu i adoracja Eucharystyczna.<\/li>\n<li>Przypominamy, \u017ce Msza \u015bw. w \u015brody o godz. 18.00 po\u0142\u0105czona jest z nowenn\u0105 do Matki Bo\u017cej Nieustaj\u0105cej Pomocy. Serdecznie zapraszamy.<\/li>\n<li>Wszystkim parafianom i go\u015bciom \u017cyczymy du\u017co zdrowia, b\u0142ogos\u0142awionej niedzieli i dobrego tygodnia.<\/li>\n<li>Zach\u0119camy do czytania prasy katolickiej.<\/li>\n<\/ol>\n<p>&nbsp;<\/p>\n<p><strong>Intencje Mszalne\u00a0<\/strong><strong>24 Luty \u2013 03 Marzec\u00a0 2019<\/strong><\/p>\n<p><span style=\"color: #ff0000;\"><strong>Nd.\u00a0 24.II.\u00a0\u00a0\u00a0 7\u00a0 Niedziela\u00a0 Zwyk\u0142a<br \/>\n<\/strong><\/span>g. 9.00\u00a0 + Romana Jaworskiego<br \/>\ng. 11.00 + Tadeusza\u00a0 Mianowskiego<br \/>\n<strong>Pn.\u00a0\u00a0\u00a0 25. II<\/strong>\u00a0\u00a0\u00a0 g. 18.00\u00a0 Int. wolna<br \/>\n<strong>Wt.\u00a0\u00a0 26. II\u00a0 <\/strong>\u00a0\u00a0g.\u00a0\u00a0\u00a0 7.00\u00a0 Int. wolna<br \/>\n<strong>\u015ar.\u00a0\u00a0\u00a0 27. II\u00a0\u00a0\u00a0 <\/strong>g.\u00a0 18.00\u00a0 Int. wolna<br \/>\n<strong>Czw. 28. II <\/strong>\u00a0\u00a0g.\u00a0\u00a0\u00a0 \u00a07.00\u00a0 Int. wolna<br \/>\n<strong>Pt.\u00a0\u00a0\u00a0 01. III \u00a0<\/strong>g. \u00a018.00 \u00a0Int. wolna<br \/>\n<strong>Sob. 02. III<\/strong>\u00a0 \u00a0g. 18.00 \u00a0+ Mari\u0119 i Jana Karasiewicz; Henryka i Stanis\u0142awa Karasiewicz; Eugeniusza \u0141ukasik; Halin\u0119 i Stanis\u0142awa Jankowskich.<br \/>\n<strong><span style=\"color: #ff0000;\">Nd.\u00a0 03.III.\u00a0\u00a0\u00a0 8\u00a0 Niedziela\u00a0 Zwyk\u0142a<\/span><br \/>\n<\/strong>g. 9.00\u00a0 + Int. zam.<br \/>\ng. 11.00 + Int. zam.<br \/>\ng. 12.00 + Szymona Prokopiuk\u00a0\u00a0 \/1 gr.\/<\/p>\n","protected":false},"excerpt":{"rendered":"<p>W ubieg\u0142\u0105 niedziel\u0119 podczas zbi\u00f3rki do puszek na leczenie i rehabilitacj\u0119 chorych dzieci zebrali\u015bmy 280 z\u0142otych. Wszystkim ofiarodawcom sk\u0142adam \u00a0\u00a0serdeczne B\u00f3g zap\u0142a\u0107. Dzi\u015b po Mszy \u015bw. o godz.11.00 zapraszam na spotkanie Rady Duszpasterskiej. Rocznic\u0119 I\u00a0 Komunii \u015bw. razem z dzie\u0107mi i ich rodzicami b\u0119dziemy prze\u017cywa\u0107 w naszej parafii\u00a0 20\u00a0 czerwca\u00a0 [&hellip;]<\/p>\n","protected":false},"author":2,"featured_media":0,"comment_status":"closed","ping_status":"closed","sticky":false,"template":"","format":"standard","meta":[],"categories":[2],"tags":[],"_links":{"self":[{"href":"http:\/\/www.parafiakuligow.pl\/index.php\/wp-json\/wp\/v2\/posts\/1241"}],"collection":[{"href":"http:\/\/www.parafiakuligow.pl\/index.php\/wp-json\/wp\/v2\/posts"}],"about":[{"href":"http:\/\/www.parafiakuligow.pl\/index.php\/wp-json\/wp\/v2\/types\/post"}],"author":[{"embeddable":true,"href":"http:\/\/www.parafiakuligow.pl\/index.php\/wp-json\/wp\/v2\/users\/2"}],"replies":[{"embeddable":true,"href":"http:\/\/www.parafiakuligow.pl\/index.php\/wp-json\/wp\/v2\/comments?post=1241"}],"version-history":[{"count":2,"href":"http:\/\/www.parafiakuligow.pl\/index.php\/wp-json\/wp\/v2\/posts\/1241\/revisions"}],"predecessor-version":[{"id":1243,"href":"http:\/\/www.parafiakuligow.pl\/index.php\/wp-json\/wp\/v2\/posts\/1241\/revisions\/1243"}],"wp:attachment":[{"href":"http:\/\/www.parafiakuligow.pl\/index.php\/wp-json\/wp\/v2\/media?parent=1241"}],"wp:term":[{"taxonomy":"category","embeddable":true,"href":"http:\/\/www.parafiakuligow.pl\/index.php\/wp-json\/wp\/v2\/categories?post=1241"},{"taxonomy":"post_tag","embeddable":true,"href":"http:\/\/www.parafiakuligow.pl\/index.php\/wp-json\/wp\/v2\/tags?post=1241"}],"curies":[{"name":"wp","href":"https:\/\/api.w.org\/{rel}","templated":true}]}}