{"id":1225,"date":"2019-01-30T21:14:13","date_gmt":"2019-01-30T20:14:13","guid":{"rendered":"http:\/\/www.parafiakuligow.pl\/?p=1225"},"modified":"2019-02-10T23:32:53","modified_gmt":"2019-02-10T22:32:53","slug":"27-styczen-2019-3-niedziela-zwykla","status":"publish","type":"post","link":"http:\/\/www.parafiakuligow.pl\/index.php\/2019\/01\/30\/27-styczen-2019-3-niedziela-zwykla\/","title":{"rendered":"27 Stycze\u0144 2019 &#8211; 3 Niedziela Zwyk\u0142a"},"content":{"rendered":"<ol>\n<li>Rozpoczynaj\u0105 si\u0119 ferie szkolne. Wszystkim uczniom i nauczycielom \u017cyczymy dobrego odpoczynku, wyje\u017cd\u017caj\u0105cym bezpiecznej podr\u00f3\u017cy i szcz\u0119\u015bliwych powrot\u00f3w.<\/li>\n<li>Na zako\u0144czenie 34 \u00a0\u015awiatowych Dni M\u0142odzie\u017cy dniu dzisiejszym w Warszawie \u2013Wilanowie o godz. 19.00 w \u015bwi\u0105tyni Opatrzno\u015bci Bo\u017cej zostanie odprawiona Msza \u015bw., kt\u00f3rej\u00a0 przewodniczy\u0107 b\u0119dzie Ks. Kard. Kazimierz Nycz.<\/li>\n<li>W pi\u0105tek 1 lutego przypada I pi\u0105tek miesi\u0105ca. Zach\u0119cam do spowiedzi \u015bwi\u0119tej. Spowied\u017a od godz. 17.30.<\/li>\n<li>W sobot\u0119 2 lutego \u015awi\u0119to Ofiarowania Pa\u0144skiego \/Matki Bo\u017cej Gromnicznej\/. Msza \u015bw. o godz. 18.00. Przynosimy ze sob\u0105 \u015bwiece. W tym dniu przypada tak\u017ce Dzie\u0144 \u017bycia Ofiary sk\u0142adane na tac\u0119 przeznaczamy na zakony klauzurowe.<\/li>\n<li>Przysz\u0142a niedziela to I niedziela miesi\u0105ca. Po Mszy \u015bw. o godz. 11.00 wystawienie Naj\u015bwi\u0119tszego sakramentu i adoracja Eucharystyczna.<\/li>\n<li>Rocznic\u0119 I\u00a0 Komunii \u015bw. razem z dzie\u0107mi i ich rodzicami b\u0119dziemy prze\u017cywa\u0107 w naszej parafii\u00a0 20\u00a0 czerwca \u00a0na \u00a0Mszy \u015bw. o godz. 9.00.<\/li>\n<li>Jeszcze w tym tygodniu na pro\u015bb\u0119 ks. Dziekana z Radzymina b\u0119d\u0119 pomaga\u0142 w kol\u0119dzie. Z tej racji Msza \u015bw. w \u015brod\u0119 o godz. 7.00. W pozosta\u0142e dni tygodnia bez zmian.<\/li>\n<li>Wszystkim parafianom i go\u015bciom \u017cyczymy b\u0142ogos\u0142awionej niedzieli i dobrego tygodnia.<\/li>\n<li>Zach\u0119camy do czytania prasy katolickiej.<\/li>\n<\/ol>\n<p><strong>Intencje Mszalne <\/strong><strong>27 Stycze\u0144 \u2013 03 Luty\u00a0 2019<\/strong><\/p>\n<p><span style=\"color: #ff0000;\"><strong>Nd.\u00a0 27. I.\u00a0\u00a0\u00a0 3\u00a0 Niedziela\u00a0 Zwyk\u0142a<br \/>\n<\/strong><\/span>g. 9.00\u00a0 + Halin\u0119 i Teodora Miecznikowskich<br \/>\ng. 11.00 + Jadwig\u0119 i Jana Szczepa\u0144skich<br \/>\ng. 12.00 + J\u00f3zefa Czmut\u00a0 gr. 27<br \/>\n<strong>Pn.\u00a0\u00a0\u00a0 28. I<\/strong>\u00a0\u00a0\u00a0 g. 18.00\u00a0 + J\u00f3zefa Czmut\u00a0 gr. 28<br \/>\n<strong>Wt.\u00a0\u00a0 29. I\u00a0 <\/strong>\u00a0\u00a0g.\u00a0\u00a0\u00a0 7.00\u00a0 + J\u00f3zefa Czmut\u00a0 gr. 29<br \/>\n<strong>\u015ar.\u00a0\u00a0\u00a0 30. I\u00a0\u00a0\u00a0 <\/strong>g. \u00a0\u00a0\u00a07.00\u00a0 + J\u00f3zefa Czmut\u00a0 gr. 30<br \/>\n<strong>Czw. 31. I <\/strong>\u00a0\u00a0\u00a0g.\u00a0\u00a0\u00a0 7.00\u00a0 + Mari\u0119 i Zbigniewa Go\u0142aszewskich \/1\/<br \/>\n<strong>Pt.\u00a0\u00a0\u00a0\u00a0 01. II\u00a0 <\/strong>g. 18.00\u00a0 + Mari\u0119 i Zbigniewa Go\u0142aszewskich \/2\/<br \/>\n<strong>Sob.\u00a0 02. II<\/strong>\u00a0 g.\u00a0 18.00\u00a0 + Klotyld\u0119\u00a0 Mianowsk\u0105<br \/>\n<span style=\"color: #ff0000;\"><strong>Nd.\u00a0 03.II.\u00a0\u00a0\u00a0 4\u00a0 Niedziela\u00a0 Zwyk\u0142a<br \/>\n<\/strong><\/span>g. 9.00\u00a0 + Klotyld\u0119\u00a0 Mianowsk\u0105 \/1\/<br \/>\ng. 11.00 + Helen\u0119 w m-c po \u015bm. i Zenona Kubiak<\/p>\n","protected":false},"excerpt":{"rendered":"<p>Rozpoczynaj\u0105 si\u0119 ferie szkolne. Wszystkim uczniom i nauczycielom \u017cyczymy dobrego odpoczynku, wyje\u017cd\u017caj\u0105cym bezpiecznej podr\u00f3\u017cy i szcz\u0119\u015bliwych powrot\u00f3w. Na zako\u0144czenie 34 \u00a0\u015awiatowych Dni M\u0142odzie\u017cy dniu dzisiejszym w Warszawie \u2013Wilanowie o godz. 19.00 w \u015bwi\u0105tyni Opatrzno\u015bci Bo\u017cej zostanie odprawiona Msza \u015bw., kt\u00f3rej\u00a0 przewodniczy\u0107 b\u0119dzie Ks. Kard. Kazimierz Nycz. W pi\u0105tek 1 lutego [&hellip;]<\/p>\n","protected":false},"author":2,"featured_media":0,"comment_status":"closed","ping_status":"closed","sticky":false,"template":"","format":"standard","meta":[],"categories":[2],"tags":[],"_links":{"self":[{"href":"http:\/\/www.parafiakuligow.pl\/index.php\/wp-json\/wp\/v2\/posts\/1225"}],"collection":[{"href":"http:\/\/www.parafiakuligow.pl\/index.php\/wp-json\/wp\/v2\/posts"}],"about":[{"href":"http:\/\/www.parafiakuligow.pl\/index.php\/wp-json\/wp\/v2\/types\/post"}],"author":[{"embeddable":true,"href":"http:\/\/www.parafiakuligow.pl\/index.php\/wp-json\/wp\/v2\/users\/2"}],"replies":[{"embeddable":true,"href":"http:\/\/www.parafiakuligow.pl\/index.php\/wp-json\/wp\/v2\/comments?post=1225"}],"version-history":[{"count":2,"href":"http:\/\/www.parafiakuligow.pl\/index.php\/wp-json\/wp\/v2\/posts\/1225\/revisions"}],"predecessor-version":[{"id":1232,"href":"http:\/\/www.parafiakuligow.pl\/index.php\/wp-json\/wp\/v2\/posts\/1225\/revisions\/1232"}],"wp:attachment":[{"href":"http:\/\/www.parafiakuligow.pl\/index.php\/wp-json\/wp\/v2\/media?parent=1225"}],"wp:term":[{"taxonomy":"category","embeddable":true,"href":"http:\/\/www.parafiakuligow.pl\/index.php\/wp-json\/wp\/v2\/categories?post=1225"},{"taxonomy":"post_tag","embeddable":true,"href":"http:\/\/www.parafiakuligow.pl\/index.php\/wp-json\/wp\/v2\/tags?post=1225"}],"curies":[{"name":"wp","href":"https:\/\/api.w.org\/{rel}","templated":true}]}}