{"id":1218,"date":"2019-01-20T12:22:27","date_gmt":"2019-01-20T11:22:27","guid":{"rendered":"http:\/\/www.parafiakuligow.pl\/?p=1218"},"modified":"2019-01-30T21:14:31","modified_gmt":"2019-01-30T20:14:31","slug":"20-styczen-2019-2-niedziela-zwykla","status":"publish","type":"post","link":"http:\/\/www.parafiakuligow.pl\/index.php\/2019\/01\/20\/20-styczen-2019-2-niedziela-zwykla\/","title":{"rendered":"20 Stycze\u0144 2019 &#8211; 2 Niedziela Zwyk\u0142a"},"content":{"rendered":"<ol>\n<li>Dzi\u015b przypada I rocznica ingresu Pasterza naszej Diecezji Warszawsko &#8211; Praskiej Biskupa Romualda Kami\u0144skiego. Pami\u0119tajmy w naszych modlitwach o Pasterzu naszej Diecezji.<\/li>\n<li>W najbli\u017cszy pi\u0105tek 25 stycznia w \u015bwi\u0119to Nawr\u00f3cenia \u015bw. Paw\u0142a Aposto\u0142a ko\u0144czy si\u0119\u00a0 Tydzie\u0144 modlitw o jedno\u015b\u0107 chrze\u015bcijan pod has\u0142em:<br \/>\n\u201ePrawica Twoja ws\u0142awi\u0142a si\u0119 moc\u0105\u201d (Wj 15,6).<br \/>\nMsza \u015bw. o godz. 7.00.<\/li>\n<li>W \u0142\u0105czno\u015bci z Ojcem <strong>\u00a0<\/strong>\u015awi\u0119tym Franciszkiem w dniach od 22 do 27 stycznia\u00a0roku w\u00a0 stolicy Panamy\u00a0 prze\u017cywa\u0107 b\u0119dziemy <strong>34\u00a0 \u015aWIATOWE\u00a0 DNI\u00a0 M\u0141ODZIE\u017bY<\/strong> &#8211; <strong>Panama 2019. <\/strong>Tematem spotkania wyznaczonym przez papie\u017ca, s\u0105 s\u0142owa Matki Bo\u017cej, zaczerpni\u0119te z Ewangelii wg \u015bw. \u0141ukasza:<br \/>\n\u201eOto ja s\u0142u\u017cebnica Pa\u0144ska, niech Mi si\u0119 stanie wed\u0142ug s\u0142owa twego\u201d (\u0141k 1,38).<br \/>\nW \u0142\u0105czno\u015bci z obchodami 34 \u015awiatowych Dni M\u0142odzie\u017cy dnia 27 stycznia \/Niedziela\/ o godz. 19.00 w \u015awi\u0105tyni Opatrzno\u015bci Bo\u017cej \/Warszawa Wilan\u00f3w\/ zostanie odprawiona Msza \u015bw., kt\u00f3rej przewodniczy\u0107 b\u0119dzie Ks. Kard. Kazimierz Nycz.<\/li>\n<li>Do soboty 26 stycznia na pro\u015bb\u0119 ks. Dziekana z Radzymina b\u0119d\u0119 pomaga\u0142 w kol\u0119dzie. Z tej racji Msze \u015bw. z wyj\u0105tkiem poniedzia\u0142ku 21 stycznia b\u0119d\u0105\u00a0 odprawiane\u00a0 w\u00a0 naszym ko\u015bciele o godz. 7.00.<\/li>\n<li>Wszystkim Babciom i Dziadkom w przededniu ich \u015bwi\u0119ta \u017cyczymy du\u017co zdrowia, szacunku, wdzi\u0119czno\u015bci od dzieci i wnucz\u0105t oraz opieki \u015bw. Anny i \u015bw. Joachima \u2013 patron\u00f3w bab\u0107 i dziadk\u00f3w.<\/li>\n<li>Wszystkim parafianom i go\u015bciom \u017cyczymy b\u0142ogos\u0142awionej niedzieli i dobrego tygodnia.<\/li>\n<li>Zach\u0119camy do czytania prasy katolickiej.<\/li>\n<\/ol>\n<p><strong>Intencje Mszalne <\/strong><strong>20 \u2013 27\u00a0 Stycze\u0144\u00a0 2019<\/strong><\/p>\n<p><strong><span style=\"color: #ff0000;\">Nd.\u00a0 20. I.\u00a0\u00a0\u00a0 2\u00a0 Niedziela\u00a0 Zwyk\u0142a<\/span><br \/>\n<\/strong>g. 9.00\u00a0 Int. zam.<br \/>\ng. 11.00 + Aleksandra G\u0142owackiego<br \/>\ng. 12.00 + J\u00f3zefa Czmut\u00a0 gr. 20<br \/>\n<strong>Pn.\u00a0\u00a0\u00a0 21. I<\/strong>\u00a0\u00a0\u00a0 g. 18.00\u00a0 + J\u00f3zefa Czmut\u00a0 gr. 21<br \/>\n<strong>Wt.\u00a0\u00a0 22. I\u00a0 <\/strong>\u00a0\u00a0g. 7.00\u00a0 + J\u00f3zefa Czmut\u00a0 gr. 22<br \/>\n<strong>\u015ar.\u00a0\u00a0\u00a0 23. I\u00a0\u00a0\u00a0 <\/strong>g. 7.00\u00a0 + J\u00f3zefa Czmut\u00a0 gr. 23<br \/>\n<strong>Czw. 24. I <\/strong>\u00a0\u00a0\u00a0g. 7.00\u00a0 + J\u00f3zefa Czmut\u00a0 gr. 24<br \/>\n<strong>Pt.\u00a0\u00a0\u00a0\u00a0 25. I\u00a0\u00a0\u00a0 <\/strong>g. 7.00\u00a0 + J\u00f3zefa Czmut\u00a0 gr. 25<br \/>\n<strong>Sob.\u00a0 26. I<\/strong><br \/>\ng. 7.00\u00a0 + Sylwestra w 10 rocz. \u015bm. i syna Tomasza. Marcel\u0119 i Antoniego Sok\u00f3lskich.<br \/>\ng. 7.30\u00a0 + J\u00f3zefa Czmut\u00a0 gr. 26<br \/>\n<strong><span style=\"color: #ff0000;\">Nd.\u00a0 27. I.\u00a0 3\u00a0 Niedziela\u00a0 Zwyk\u0142a<\/span><br \/>\n<\/strong>g. 9.00\u00a0 + Halin\u0119 i Teodora Miecznikowskich<br \/>\ng. 11.00 + Jadwig\u0119 i Jana Szczepa\u0144skich<br \/>\ng. 12.00 + J\u00f3zefa Czmut\u00a0 gr. 27<\/p>\n<p>&nbsp;<\/p>\n","protected":false},"excerpt":{"rendered":"<p>Dzi\u015b przypada I rocznica ingresu Pasterza naszej Diecezji Warszawsko &#8211; Praskiej Biskupa Romualda Kami\u0144skiego. Pami\u0119tajmy w naszych modlitwach o Pasterzu naszej Diecezji. W najbli\u017cszy pi\u0105tek 25 stycznia w \u015bwi\u0119to Nawr\u00f3cenia \u015bw. Paw\u0142a Aposto\u0142a ko\u0144czy si\u0119\u00a0 Tydzie\u0144 modlitw o jedno\u015b\u0107 chrze\u015bcijan pod has\u0142em: \u201ePrawica Twoja ws\u0142awi\u0142a si\u0119 moc\u0105\u201d (Wj 15,6). Msza [&hellip;]<\/p>\n","protected":false},"author":2,"featured_media":0,"comment_status":"closed","ping_status":"closed","sticky":false,"template":"","format":"standard","meta":[],"categories":[2],"tags":[],"_links":{"self":[{"href":"http:\/\/www.parafiakuligow.pl\/index.php\/wp-json\/wp\/v2\/posts\/1218"}],"collection":[{"href":"http:\/\/www.parafiakuligow.pl\/index.php\/wp-json\/wp\/v2\/posts"}],"about":[{"href":"http:\/\/www.parafiakuligow.pl\/index.php\/wp-json\/wp\/v2\/types\/post"}],"author":[{"embeddable":true,"href":"http:\/\/www.parafiakuligow.pl\/index.php\/wp-json\/wp\/v2\/users\/2"}],"replies":[{"embeddable":true,"href":"http:\/\/www.parafiakuligow.pl\/index.php\/wp-json\/wp\/v2\/comments?post=1218"}],"version-history":[{"count":6,"href":"http:\/\/www.parafiakuligow.pl\/index.php\/wp-json\/wp\/v2\/posts\/1218\/revisions"}],"predecessor-version":[{"id":1227,"href":"http:\/\/www.parafiakuligow.pl\/index.php\/wp-json\/wp\/v2\/posts\/1218\/revisions\/1227"}],"wp:attachment":[{"href":"http:\/\/www.parafiakuligow.pl\/index.php\/wp-json\/wp\/v2\/media?parent=1218"}],"wp:term":[{"taxonomy":"category","embeddable":true,"href":"http:\/\/www.parafiakuligow.pl\/index.php\/wp-json\/wp\/v2\/categories?post=1218"},{"taxonomy":"post_tag","embeddable":true,"href":"http:\/\/www.parafiakuligow.pl\/index.php\/wp-json\/wp\/v2\/tags?post=1218"}],"curies":[{"name":"wp","href":"https:\/\/api.w.org\/{rel}","templated":true}]}}