{"id":1205,"date":"2018-12-31T23:00:30","date_gmt":"2018-12-31T22:00:30","guid":{"rendered":"http:\/\/www.parafiakuligow.pl\/?p=1205"},"modified":"2018-12-31T23:00:30","modified_gmt":"2018-12-31T22:00:30","slug":"30-grudzien-2018-niedziela-swietej-rodziny","status":"publish","type":"post","link":"http:\/\/www.parafiakuligow.pl\/index.php\/2018\/12\/31\/30-grudzien-2018-niedziela-swietej-rodziny\/","title":{"rendered":"30 Grudzie\u0144 2018 &#8211; Niedziela \u015awi\u0119tej Rodziny"},"content":{"rendered":"<ol>\n<li>Bardzo dzi\u0119kuj\u0119 wszystkim osobom, kt\u00f3re po\u015bwi\u0119ci\u0142y sw\u00f3j czas i prac\u0119 na przygotowanie ko\u015bcio\u0142a do \u015awi\u0105t Bo\u017cego Narodzenia: Rodzinie za ofiarowanie choinek; panom: Miros\u0142awowi Kuligowskiemu i Mariuszowi D\u0105browskiemu \u00a0za transport i obsadzenie choinek; za przygotowaniei wykonanie \u015bwi\u0105tecznych dekoracji paniom: Miros\u0142awie Karasiewicz, Gra\u017cynie Sta\u0144czak, El\u017cbiecie Chrzanowskiej i Ilonie Pi\u00f3rkowskiej.<br \/>\nSerdeczne B\u00f3g zap\u0142a\u0107.<\/li>\n<li>W poniedzia\u0142ek 31 grudnia przed Msz\u0105 \u015bw. o godz. 17.30 nabo\u017ce\u0144stwo dzi\u0119kczynne na zako\u0144czenie starego roku. We wtorek \u00a0<strong>1 stycznia<\/strong> Nowy rok \u00a0i Uroczysto\u015b\u0107 \u015bw. Bo\u017cej Rodzicielki Maryi. Msze \u015bw. jak w ka\u017cd\u0105 niedziel\u0119 o godz. 9.00 i 11.00.<\/li>\n<li>W niedziel\u0119 6 stycznia Uroczysto\u015b\u0107 Objawienia Pa\u0144skiego \u2013 \u015awi\u0119to Trzech Kr\u00f3li. Msze \u015bw. jak w ka\u017cd\u0105 niedziel\u0119 o godz. 9.00 i 11.00. B\u0142ogos\u0142awimy w tym dniu kred\u0119 i kadzi\u0142o. Ofiary sk\u0142adane na tac\u0119 przeznaczamy na misje. Z racji\u00a0 I niedzieli miesi\u0105ca po Mszy \u015bw. o godz. 11.00 wystawienie Naj\u015bwi\u0119tszego Sakramentu i adoracja.<\/li>\n<li>Tak jak co roku zapraszamy do ko\u015bcio\u0142a na \u015awi\u0105teczny Koncert Kol\u0119d. W tym roku zapraszamy <strong>6 stycznia ( niedziela ), o godz. 14.00 na wsp\u00f3lne <\/strong>\u015bpiewanie\u00a0 kol\u0119d przy akompaniamencie pana W\u0142odka i udziale jego uczni\u00f3w i przyjaci\u00f3\u0142.<\/li>\n<li>Wszystkim rodzinom, kt\u00f3re przyj\u0119\u0142y ju\u017c ksi\u0119dza po kol\u0119dzie sk\u0142adam serdeczne podzi\u0119kowania; za wsp\u00f3ln\u0105 modlitw\u0119 i rozmow\u0119 i ofiary z\u0142o\u017cone przy tej okazji.<\/li>\n<li>Gdyby kto\u015b <strong>z wa\u017cnej przyczyny<\/strong> nie m\u00f3g\u0142 przyj\u0105\u0107 ksi\u0119dza w wyznaczonym terminie, prosz\u0119 o kontakt w celu uzgodnienia innej daty wizyty duszpasterskiej.<\/li>\n<\/ol>\n<p><strong><u>Wizyta Duszpasterska ( Kol\u0119da)\u00a0 02.I. \u2013\u00a0 08.I. 2019r.<\/u><\/strong><\/p>\n<p><strong>\u015aroda<\/strong><strong> 02. I od godz. 10.00, <\/strong>ul. Radzymi\u0144ska, Piwna, Choinki, Loreta\u0144ska, Le\u015bna, Grobla.<br \/>\n<strong>Czwartek<\/strong><strong> 03. I od godz. 16.00, <\/strong>ul. Serocka, Jagiello\u0144ska, Lipowa.<br \/>\n<strong>Pi\u0105tek<\/strong><strong>\u00a0 04. I od godz. 10.00,\u00a0 <\/strong>ul. Wrzosowa, Kr\u0119ta, Prosta,\u00a0Ko\u015bcielna.<br \/>\n<strong>Sobota<\/strong><strong> 05. I od godz. 10.00<\/strong><strong>, \u00a0<\/strong>ul. Za\u0142ubicka, Zap\u00f3lna, Cytrynowa, Zakopia\u0144ska.<br \/>\n<strong>Poniedzia\u0142ek 07. I od godz. 16.00,\u00a0 <\/strong>ul. Nadbu\u017ca\u0144ska, Okr\u0119\u017cna.<br \/>\n<strong>Wtorek 08 .I. od godz. 10.00, \u00a0<\/strong>ul. Warszawska ( od strony J\u00f3zefowa w kierunku ko\u015bcio\u0142a ), Topolowa, Podle\u015bna.<br \/>\n<strong>Plan kol\u0119dy znajdziemy te\u017c w gablocie i na stronie internetowej<\/strong><\/p>\n<p><strong>Intencje Mszalne <\/strong><strong>30 grudzie\u0144 2018\u00a0 \u2013\u00a0 06 stycze\u0144\u00a0 2019<\/strong><\/p>\n<p><span style=\"color: #ff0000;\"><strong>Nd.\u00a0 30. XII. 2018\u00a0\u00a0 <\/strong><\/span><strong><span style=\"color: #ff0000;\">\u015awi\u0119to \u015bwi\u0119tej Rodziny<\/span><br \/>\n<\/strong>g. 9.00\u00a0 + Int. zam.<br \/>\ng. 11.00 Dzi\u0119k., za szcz\u0119\u015bliw\u0105 operacj\u0119 i \u0142ask\u0119 zdrowia, opiek\u0119 Matki Bo\u017cej na dalsze lata \u017cycia.<br \/>\n<strong>Pn.\u00a0\u00a0\u00a0 31. XII<\/strong>\u00a0\u00a0 g. 18.00 \u00a0Int. wolna<br \/>\n<span style=\"color: #ff0000;\"><strong>Wt.\u00a0\u00a0 01. I<\/strong>\u00a0 \u00a0<\/span><strong><span style=\"color: #ff0000;\">\u00a0\u00a0\u00a0\u00a0\u015awi\u0119tej Bo\u017cej Rodzicielki<\/span><br \/>\n<\/strong>g. 9.00\u00a0 + J\u00f3zefa Czmut \u00a0gr.1<br \/>\ng. 11.00\u00a0 + Adama Getka<br \/>\n<strong>\u015ar.\u00a0\u00a0\u00a0 02. I <\/strong>g. 7.00\u00a0 + J\u00f3zefa Czmut \u00a0gr. 2<br \/>\n<strong>Czw. 03. I<\/strong> g.7.00\u00a0 + J\u00f3zefa Czmut \u00a0gr. 3<br \/>\n<strong>Pt.\u00a0\u00a0\u00a0 04. I\u00a0 <\/strong>g.7.00\u00a0 + J\u00f3zefa Czmut \u00a0gr. 4<br \/>\n<strong>Sob.\u00a0 05. I<\/strong><br \/>\ng.7.00\u00a0 + Janin\u0119, J\u00f3zefa i Czes\u0142awa Nagrodzkich.<br \/>\ng. 7.30 \u00a0+ J\u00f3zefa Czmut\u00a0 gr.5<br \/>\n<span style=\"color: #ff0000;\"><strong>Nd.\u00a0 06. I. \u00a0\u00a0\u00a0<\/strong><strong>Objawienie Pa\u0144skie \/ Trzech Kr\u00f3li \/<br \/>\n<\/strong><\/span>g. 9.00\u00a0 + Rodzic\u00f3w Kostrz\u0119bskich<br \/>\ng. 11.00 + Int. zam.<br \/>\ng. 12.00\u00a0 + J\u00f3zefa Czmut \u00a0gr. 6<\/p>\n","protected":false},"excerpt":{"rendered":"<p>Bardzo dzi\u0119kuj\u0119 wszystkim osobom, kt\u00f3re po\u015bwi\u0119ci\u0142y sw\u00f3j czas i prac\u0119 na przygotowanie ko\u015bcio\u0142a do \u015awi\u0105t Bo\u017cego Narodzenia: Rodzinie za ofiarowanie choinek; panom: Miros\u0142awowi Kuligowskiemu i Mariuszowi D\u0105browskiemu \u00a0za transport i obsadzenie choinek; za przygotowaniei wykonanie \u015bwi\u0105tecznych dekoracji paniom: Miros\u0142awie Karasiewicz, Gra\u017cynie Sta\u0144czak, El\u017cbiecie Chrzanowskiej i Ilonie Pi\u00f3rkowskiej. Serdeczne B\u00f3g zap\u0142a\u0107. [&hellip;]<\/p>\n","protected":false},"author":2,"featured_media":0,"comment_status":"closed","ping_status":"closed","sticky":false,"template":"","format":"standard","meta":[],"categories":[2],"tags":[],"_links":{"self":[{"href":"http:\/\/www.parafiakuligow.pl\/index.php\/wp-json\/wp\/v2\/posts\/1205"}],"collection":[{"href":"http:\/\/www.parafiakuligow.pl\/index.php\/wp-json\/wp\/v2\/posts"}],"about":[{"href":"http:\/\/www.parafiakuligow.pl\/index.php\/wp-json\/wp\/v2\/types\/post"}],"author":[{"embeddable":true,"href":"http:\/\/www.parafiakuligow.pl\/index.php\/wp-json\/wp\/v2\/users\/2"}],"replies":[{"embeddable":true,"href":"http:\/\/www.parafiakuligow.pl\/index.php\/wp-json\/wp\/v2\/comments?post=1205"}],"version-history":[{"count":1,"href":"http:\/\/www.parafiakuligow.pl\/index.php\/wp-json\/wp\/v2\/posts\/1205\/revisions"}],"predecessor-version":[{"id":1206,"href":"http:\/\/www.parafiakuligow.pl\/index.php\/wp-json\/wp\/v2\/posts\/1205\/revisions\/1206"}],"wp:attachment":[{"href":"http:\/\/www.parafiakuligow.pl\/index.php\/wp-json\/wp\/v2\/media?parent=1205"}],"wp:term":[{"taxonomy":"category","embeddable":true,"href":"http:\/\/www.parafiakuligow.pl\/index.php\/wp-json\/wp\/v2\/categories?post=1205"},{"taxonomy":"post_tag","embeddable":true,"href":"http:\/\/www.parafiakuligow.pl\/index.php\/wp-json\/wp\/v2\/tags?post=1205"}],"curies":[{"name":"wp","href":"https:\/\/api.w.org\/{rel}","templated":true}]}}