{"id":1196,"date":"2018-12-18T12:39:47","date_gmt":"2018-12-18T11:39:47","guid":{"rendered":"http:\/\/www.parafiakuligow.pl\/?p=1196"},"modified":"2018-12-23T10:25:50","modified_gmt":"2018-12-23T09:25:50","slug":"16-grudzien-2018-iii-niedziela-adwentu","status":"publish","type":"post","link":"http:\/\/www.parafiakuligow.pl\/index.php\/2018\/12\/18\/16-grudzien-2018-iii-niedziela-adwentu\/","title":{"rendered":"16 Grudzie\u0144 2018 &#8211; III Niedziela Adwentu"},"content":{"rendered":"<ol>\n<li>Serdecznie dzi\u0119kuj\u0119 za udzia\u0142 w parafialnych rekolekcjach i adwentow\u0105 spowied\u017a tym, kt\u00f3rzy chcieli przyj\u0105\u0107 dan\u0105 od Boga \u0142ask\u0119. Pozosta\u0142ych zach\u0119cam i zapraszam do przyj\u0119cia sakramentu pokuty przed \u015bwi\u0119tami, aby B\u00f3g narodzi\u0142 si\u0119 we wszystkich naszych duszach. Mo\u017cliwo\u015b\u0107 spowied\u017a w tym tygodniu przed ka\u017cd\u0105 Msz\u0105 \u015bwi\u0119t\u0105.<\/li>\n<li>Osoby kt\u00f3re nie mog\u0105 przyby\u0107 do Ko\u015bcio\u0142a a chcia\u0142yby przed \u015bwi\u0119tami wyspowiada\u0107 si\u0119 i przyj\u0105\u0107 Komuni\u0119 \u015bwi\u0119t\u0105 prosz\u0119 o zg\u0142aszanie do zakrystii.<\/li>\n<li>Na pomoc materialn\u0105 dla Ko\u015bcio\u0142a na Wschodzie zebrali\u015bmy w minion\u0105 niedziel\u0119 220 z\u0142otych. Wszystkim ofiarodawcom serdeczne B\u00f3g zap\u0142a\u0107.<\/li>\n<li>Ze wzgl\u0119du na spowied\u017a rekolekcyjn\u0105 w Radzyminie w tym tygodniu w \u015brod\u0119 zamiast Mszy wieczornej b\u0119dzie Msza \u015bw. rano o godzinie 7.00.<\/li>\n<li>Roraty odprawiane s\u0105 codziennie z wyj\u0105tkiem niedziel &#8211; od poniedzia\u0142ku do soboty.<\/li>\n<li>Mo\u017cna jeszcze w tym tygodniu zaopatrzy\u0107 si\u0119 w op\u0142atki na st\u00f3\u0142 wigilijny oraz naby\u0107 \u015bwiece Caritas z kt\u00f3rych doch\u00f3d przeznaczony jest na Wigilijne Dzie\u0142o pomocy Dzieciom.<\/li>\n<li>Wszystkim parafianom i go\u015bciom \u017cycz\u0119 b\u0142ogos\u0142awionej Niedzieli i dobrego tygodnia.<\/li>\n<li>Zach\u0119camy do czytania prasy katolickiej.<\/li>\n<\/ol>\n<p><strong>Intencje Mszalne <\/strong><strong>16 \u2013 23 \u00a0Grudzie\u0144\u00a0 2018<\/strong><\/p>\n<p><span style=\"color: #ff0000;\"><strong>Nd.\u00a0 16. XII. 2018\u00a0\u00a0 <\/strong><strong>III\u00a0 Niedziela Adwentu<br \/>\n<\/strong><\/span>g. 9.00\u00a0 + Aleksandra i Zofi\u0119 Kowalskich; zm. z rodz. Kowalskich.<br \/>\ng. 11.00 + Leonarda i Felicj\u0119; Ojca Leonarda i babci\u0119 Mari\u0119.<br \/>\n<strong>Pn.\u00a0\u00a0\u00a0 17. XII<\/strong>\u00a0\u00a0 g . 18.00\u00a0 Int. wolna<br \/>\n<strong>Wt.\u00a0\u00a0 18. XII<\/strong>\u00a0\u00a0 g.\u00a0\u00a0\u00a0 7.00\u00a0 Int. wolna<br \/>\n<strong>\u015ar.\u00a0\u00a0\u00a0 19. XII\u00a0\u00a0 <\/strong>g.\u00a0\u00a0\u00a0 7.00\u00a0 Dzi\u0119k. O szcz\u0119\u015bliwy por\u00f3d, \u0142ask\u0119 zdrowia, opiek\u0119 Matki Bo\u017cej dla Marysi Tch\u00f3rzewskiej.<br \/>\n<strong>Czw. \u00a020. XII <\/strong>\u00a0\u00a0\u00a0\u00a0g.\u00a0\u00a0 \u00a07.00\u00a0 Int. wolna<br \/>\n<strong>Pt.\u00a0\u00a0\u00a0\u00a0 21. XII\u00a0 <\/strong>g. \u00a018.00 + Micha\u0142a, J\u00f3zefa, Zdzis\u0142awa Surdej.<br \/>\n<strong>Sob.\u00a0 22. XII<\/strong>\u00a0 g. 18.00 \u00a0Int. wolna<br \/>\n<span style=\"color: #ff0000;\"><strong>Nd.\u00a0 23. XII. 2018 \u00a0\u00a0<\/strong><\/span><strong><span style=\"color: #ff0000;\">IV\u00a0 Niedziela Adwentu<\/span><br \/>\n<\/strong>g. 9.00 \u00a0+ Romana w 15 rocz. \u015bm. i Jadwig\u0119 Kostrzew\u00f3w.<br \/>\ng. 11.00 \u00a0+ Eugeniusza Zemlak w rocz. \u015bm. Krystyn\u0119 i Beatk\u0119 Zemlak.<\/p>\n","protected":false},"excerpt":{"rendered":"<p>Serdecznie dzi\u0119kuj\u0119 za udzia\u0142 w parafialnych rekolekcjach i adwentow\u0105 spowied\u017a tym, kt\u00f3rzy chcieli przyj\u0105\u0107 dan\u0105 od Boga \u0142ask\u0119. Pozosta\u0142ych zach\u0119cam i zapraszam do przyj\u0119cia sakramentu pokuty przed \u015bwi\u0119tami, aby B\u00f3g narodzi\u0142 si\u0119 we wszystkich naszych duszach. Mo\u017cliwo\u015b\u0107 spowied\u017a w tym tygodniu przed ka\u017cd\u0105 Msz\u0105 \u015bwi\u0119t\u0105. Osoby kt\u00f3re nie mog\u0105 przyby\u0107 [&hellip;]<\/p>\n","protected":false},"author":2,"featured_media":0,"comment_status":"closed","ping_status":"closed","sticky":false,"template":"","format":"standard","meta":[],"categories":[2],"tags":[],"_links":{"self":[{"href":"http:\/\/www.parafiakuligow.pl\/index.php\/wp-json\/wp\/v2\/posts\/1196"}],"collection":[{"href":"http:\/\/www.parafiakuligow.pl\/index.php\/wp-json\/wp\/v2\/posts"}],"about":[{"href":"http:\/\/www.parafiakuligow.pl\/index.php\/wp-json\/wp\/v2\/types\/post"}],"author":[{"embeddable":true,"href":"http:\/\/www.parafiakuligow.pl\/index.php\/wp-json\/wp\/v2\/users\/2"}],"replies":[{"embeddable":true,"href":"http:\/\/www.parafiakuligow.pl\/index.php\/wp-json\/wp\/v2\/comments?post=1196"}],"version-history":[{"count":3,"href":"http:\/\/www.parafiakuligow.pl\/index.php\/wp-json\/wp\/v2\/posts\/1196\/revisions"}],"predecessor-version":[{"id":1203,"href":"http:\/\/www.parafiakuligow.pl\/index.php\/wp-json\/wp\/v2\/posts\/1196\/revisions\/1203"}],"wp:attachment":[{"href":"http:\/\/www.parafiakuligow.pl\/index.php\/wp-json\/wp\/v2\/media?parent=1196"}],"wp:term":[{"taxonomy":"category","embeddable":true,"href":"http:\/\/www.parafiakuligow.pl\/index.php\/wp-json\/wp\/v2\/categories?post=1196"},{"taxonomy":"post_tag","embeddable":true,"href":"http:\/\/www.parafiakuligow.pl\/index.php\/wp-json\/wp\/v2\/tags?post=1196"}],"curies":[{"name":"wp","href":"https:\/\/api.w.org\/{rel}","templated":true}]}}