{"id":1193,"date":"2018-12-09T23:14:53","date_gmt":"2018-12-09T22:14:53","guid":{"rendered":"http:\/\/www.parafiakuligow.pl\/?p=1193"},"modified":"2018-12-09T23:14:53","modified_gmt":"2018-12-09T22:14:53","slug":"09-grudzien-2018-ii-niedziela-adwentu","status":"publish","type":"post","link":"http:\/\/www.parafiakuligow.pl\/index.php\/2018\/12\/09\/09-grudzien-2018-ii-niedziela-adwentu\/","title":{"rendered":"09 Grudzie\u0144 2018 &#8211; II Niedziela Adwentu"},"content":{"rendered":"<ol>\n<li>W naszej diecezji dzi\u015b zbi\u00f3rka do puszek na pomoc materialn\u0105 dla Ko\u015bcio\u0142a na Wschodzie.<\/li>\n<li>Codziennie w naszym ko\u015bciele mo\u017cemy zaopatrzy\u0107 si\u0119 w op\u0142atki na st\u00f3\u0142 wigilijny pob\u0142ogos\u0142awione specjalnie dla naszej wsp\u00f3lnoty. W ramach wigilijnego dzie\u0142a pomocy dzieciom s\u0105 tak\u017ce na stoliku \u015bwiece Caritas.<\/li>\n<li>W tym tygodniu zapraszamy na rekolekcje adwentowe w naszej parafii. Odb\u0119d\u0105 si\u0119 one w najbli\u017cszy pi\u0105tek, sobot\u0119 i niedziel\u0119 tj. 14, 15 i 16 grudnia. Poprowadzi je ks. Arkadiusz S\u0119dzielowski \u00a0ze Zgromadzenia Misjonarzy &#8211; Oblaci Maryi Niepokalanej z Lubli\u0144ca\u00a0 k\/Cz\u0119stochowy. Ka\u017cdego dnia b\u0119d\u0105 dwie Msze \u015bw. z nauk\u0105 rekolekcyjn\u0105. Spowied\u017a rekolekcyjna w sobot\u0119 15 grudnia na ka\u017cdej Mszy \u015bw.; Skorzystajmy z tej \u0142aski osobi\u015bcie, zach\u0119caj\u0105c do tego nasze\u00a0 rodziny. Msza \u015bw. dla chorych w sobot\u0119 15 grudnia o godz. 11.00. Prosz\u0119 rodziny, by zg\u0142asza\u0142y swoich bliskich, kt\u00f3re nie mog\u0105 przyby\u0107 do Ko\u015bcio\u0142a, by nikt nie zosta\u0142 na \u015bwi\u0119ta bez spowiedzi i Komunii \u015bwi\u0119tej.<\/li>\n<li>Roraty odprawiane s\u0105 codziennie z wyj\u0105tkiem niedziel; z udzia\u0142em dzieci: w poniedzia\u0142ki, \u015brody i pi\u0105tki o godz.18.00. W najbli\u017cszy pi\u0105tek i sobot\u0119 ze wzgl\u0119du na rekolekcje rorat nie b\u0119dzie.<\/li>\n<li>Zwyczajem lat minionych, gdyby kto\u015b pragn\u0105\u0142 i m\u00f3g\u0142 ofiarowa\u0107 choinki na Bo\u017conarodzeniowy wystr\u00f3j ko\u015bcio\u0142a, to prosz\u0119 o informacj\u0119.<\/li>\n<li>W najbli\u017cszych dniach s\u0105 wolne intencje Mszy \u015bw. Gdyby kto\u015b potrzebowa\u0142 modlitwy lub mia\u0142 wa\u017cn\u0105 intencje to warto z tej mo\u017cliwo\u015bci skorzysta\u0107.<\/li>\n<li>W poniedzia\u0142ek 10 grudnia wspominamy NMP Loreta\u0144sk\u0105 Patronk\u0119 naszej parafii.<\/li>\n<li>Wszystkim parafianom i go\u015bciom \u017cycz\u0119 b\u0142ogos\u0142awionej Niedzieli i dobrego tygodnia.<\/li>\n<\/ol>\n<p><strong>Intencje Mszalne <\/strong><strong>09 \u2013 16 \u00a0Grudzie\u0144\u00a0 2018<\/strong><\/p>\n<p><span style=\"color: #ff0000;\"><strong>Nd.\u00a0 09. XII. 2018\u00a0\u00a0 <\/strong><strong>II\u00a0 Niedziela Adwentu<br \/>\n<\/strong><\/span>g. 9.00\u00a0 + J\u00f3zefa Czmut<br \/>\ng. 11.00 + Leszka i\u00a0 J\u00f3zefa\u00a0 Klimkiewicz<br \/>\n<strong>Pn. 10. XII<\/strong>\u00a0\u00a0 g . 18.00\u00a0 + Jadwig\u0119 Ducka<br \/>\n<strong>Wt. 11. XII<\/strong>\u00a0\u00a0 g.\u00a0\u00a0\u00a0 7.00\u00a0 Int. wolna<br \/>\n<strong>\u015ar. 12. XII\u00a0\u00a0 <\/strong>g.\u00a0 18.00\u00a0 Int. wolna<br \/>\n<strong>Czw. 13. XII <\/strong>\u00a0\u00a0g.\u00a0\u00a0 7.00\u00a0 Int. wolna<br \/>\n<strong>Pt. 14. XII\u00a0 \u00a0\u00a0REKOLEKCJE\u00a0\u00a0 ADWENTOWE<br \/>\n<\/strong>g. 11.00\u00a0 Int. wolna<br \/>\ng. 18.00\u00a0 O Bo\u017ce b\u0142og., \u0142aski i opiek\u0119 Matki Bo\u017cej dla cz\u0142onki\u0144 K\u017bR p\/w MB Bolesnej.<br \/>\n<strong>Sob.\u00a0 15. XII<\/strong><br \/>\ng. 11.00\u00a0 Int. wolna<br \/>\ng. 18.00 Int. wolna<br \/>\n<span style=\"color: #ff0000;\"><strong>Nd.\u00a0 16. XII. 2018 \u00a0\u00a0<\/strong><\/span><strong><span style=\"color: #ff0000;\">III\u00a0 Niedziela Adwentu<\/span><br \/>\n<\/strong>g. 9.00 \u00a0+ Aleksandra i Zofi\u0119 Kowalskich; zm. z rodz. Kowalskich.<br \/>\ng. 11.00 \u00a0+ Leonarda i Felicj\u0119; Ojca Leonarda i babci\u0119 Mari\u0119.<\/p>\n","protected":false},"excerpt":{"rendered":"<p>W naszej diecezji dzi\u015b zbi\u00f3rka do puszek na pomoc materialn\u0105 dla Ko\u015bcio\u0142a na Wschodzie. Codziennie w naszym ko\u015bciele mo\u017cemy zaopatrzy\u0107 si\u0119 w op\u0142atki na st\u00f3\u0142 wigilijny pob\u0142ogos\u0142awione specjalnie dla naszej wsp\u00f3lnoty. W ramach wigilijnego dzie\u0142a pomocy dzieciom s\u0105 tak\u017ce na stoliku \u015bwiece Caritas. W tym tygodniu zapraszamy na rekolekcje adwentowe [&hellip;]<\/p>\n","protected":false},"author":2,"featured_media":0,"comment_status":"closed","ping_status":"closed","sticky":false,"template":"","format":"standard","meta":[],"categories":[2],"tags":[],"_links":{"self":[{"href":"http:\/\/www.parafiakuligow.pl\/index.php\/wp-json\/wp\/v2\/posts\/1193"}],"collection":[{"href":"http:\/\/www.parafiakuligow.pl\/index.php\/wp-json\/wp\/v2\/posts"}],"about":[{"href":"http:\/\/www.parafiakuligow.pl\/index.php\/wp-json\/wp\/v2\/types\/post"}],"author":[{"embeddable":true,"href":"http:\/\/www.parafiakuligow.pl\/index.php\/wp-json\/wp\/v2\/users\/2"}],"replies":[{"embeddable":true,"href":"http:\/\/www.parafiakuligow.pl\/index.php\/wp-json\/wp\/v2\/comments?post=1193"}],"version-history":[{"count":1,"href":"http:\/\/www.parafiakuligow.pl\/index.php\/wp-json\/wp\/v2\/posts\/1193\/revisions"}],"predecessor-version":[{"id":1194,"href":"http:\/\/www.parafiakuligow.pl\/index.php\/wp-json\/wp\/v2\/posts\/1193\/revisions\/1194"}],"wp:attachment":[{"href":"http:\/\/www.parafiakuligow.pl\/index.php\/wp-json\/wp\/v2\/media?parent=1193"}],"wp:term":[{"taxonomy":"category","embeddable":true,"href":"http:\/\/www.parafiakuligow.pl\/index.php\/wp-json\/wp\/v2\/categories?post=1193"},{"taxonomy":"post_tag","embeddable":true,"href":"http:\/\/www.parafiakuligow.pl\/index.php\/wp-json\/wp\/v2\/tags?post=1193"}],"curies":[{"name":"wp","href":"https:\/\/api.w.org\/{rel}","templated":true}]}}