{"id":1180,"date":"2018-11-28T18:57:49","date_gmt":"2018-11-28T17:57:49","guid":{"rendered":"http:\/\/www.parafiakuligow.pl\/?p=1180"},"modified":"2018-12-01T19:04:56","modified_gmt":"2018-12-01T18:04:56","slug":"26-listopad-2018-34-niedziela-uroczystosc-jezusa-chrystusa-krola-wszechswiata","status":"publish","type":"post","link":"http:\/\/www.parafiakuligow.pl\/index.php\/2018\/11\/28\/26-listopad-2018-34-niedziela-uroczystosc-jezusa-chrystusa-krola-wszechswiata\/","title":{"rendered":"26 listopad 2018 \u2013 34 Niedziela Uroczysto\u015b\u0107 Jezusa Chrystusa Kr\u00f3la Wszech\u015bwiata"},"content":{"rendered":"<ol>\n<li>W ostatni\u0105 niedziel\u0119 roku liturgicznego obchodzimy Uroczysto\u015b\u0107 Jezusa Chrystusa Kr\u00f3la Wszech\u015bwiata. Po Mszy \u015bw. o godz. 11.00 wystawienie Naj\u015bwi\u0119tszego Sakramentu, litania do Serca Pana Jezusa i Akt po\u015bwi\u0119cenia rodzaju ludzkiego Chrystusowi Kr\u00f3lowi. Publiczne odm\u00f3wienie tej modlitwy zwi\u0105zane jest z \u0142ask\u0105 otrzymania odpustu zupe\u0142nego.<\/li>\n<li>Dzi\u015b po Mszy \u015bw. o godz. 11.00 na plebanii spotkanie Rady Duszpasterskiej.<\/li>\n<li>W pi\u0105tek 30 listopada liturgiczne \u015bwi\u0119to \u015bw. Andrzeja Aposto\u0142a.<\/li>\n<li>W pierwsz\u0105 sobot\u0119 miesi\u0105ca Msza \u015bw. o Niepokalanym sercu Naj\u015bwi\u0119tszej Maryi Panny o godz. 18.00. Przed Msz\u0105 \u015bw. o godz. 17.30 r\u00f3\u017caniec.<\/li>\n<li>Przysz\u0142a niedziela to I niedziela miesi\u0105ca. Po Mszy \u015bw. o godz.11.00 wystawienie Naj\u015bwi\u0119tszego sakramentu i adoracja Eucharystyczna.<\/li>\n<li>Roraty, adwentowa Msza ku czci Naj\u015bwi\u0119tszej Maryi Panny odprawiane b\u0119d\u0105 codziennie opr\u00f3cz niedziel. Zapraszamy do wsp\u00f3lnej modlitwy z lampionami. W poniedzia\u0142ki, \u015brody i pi\u0105tki o godz.18.00. Zapraszam dzieci do udzia\u0142u w konkursie roratnim. Tematem tegorocznych rorat jest Trzecia Osoba Tr\u00f3jcy \u015awi\u0119tej \u2013 Duch \u015awi\u0119ty.<\/li>\n<li>Od I\u00a0 niedzieli Adwentu b\u0119dzie mo\u017cna w naszym Ko\u015bciele zaopatrzy\u0107 si\u0119 w op\u0142atki na st\u00f3\u0142 wigilijny, kt\u00f3re w tym dniu zostan\u0105 pob\u0142ogos\u0142awione dla naszej wsp\u00f3lnoty parafialnej. Mo\u017cemy r\u00f3wnie\u017c nabywa\u0107 tradycyjne \u015bwiece Caritas z kt\u00f3rych doch\u00f3d przeznaczamy na Wigilijne Dzie\u0142o Pomocy Dzieciom.<\/li>\n<li>Zach\u0119camy do czytania prasy katolickiej.<\/li>\n<\/ol>\n<p><strong>Intencje Mszalne 25\u00a0 Listopad \u2013 02 Grudzie\u0144\u00a0 2018<\/strong><\/p>\n<p><span style=\"color: #ff0000;\"><strong>Nd.\u00a0 25. XI. 2018\u00a0 <\/strong><strong>Uroczysto\u015b\u0107 Jezusa Chrystusa Kr\u00f3la Wszech\u015bwiata<\/strong><\/span><br \/>\ng. 9.00\u00a0 Int. zam<br \/>\ng. 11.00 Int. zam.<br \/>\n<strong>Pn.\u00a0\u00a0\u00a0 26. XI<\/strong>\u00a0\u00a0 g . 18.00\u00a0 Int. wolna<br \/>\n<strong>Wt.\u00a0\u00a0 27. XI<\/strong>\u00a0\u00a0 g.\u00a0\u00a0\u00a0 7.00\u00a0\u00a0 Int. wolna<br \/>\n<strong>\u015ar.\u00a0\u00a0\u00a0 28. XI\u00a0\u00a0 <\/strong>g.\u00a0 18.00\u00a0 \u00a0+ Zdzis\u0142awa Czarneckiego w dniu imienin.<br \/>\n<strong>Czw. 29. XI <\/strong>\u00a0\u00a0g.\u00a0\u00a0 7.00\u00a0\u00a0 Int. wolna<br \/>\n<strong>Pt.\u00a0\u00a0\u00a0\u00a0 30. XI\u00a0 <\/strong>\u00a0g. 18.00\u00a0 + Zdzis\u0142awa Karasiewicza, Zdzis\u0142awa Kowalskiego; z rodz. Kowalskich i Karasiewicz\u00f3w.<br \/>\n<strong>Sob.\u00a0 01. XII<\/strong>\u00a0\u00a0 g. 18.00\u00a0 Int. wolna<br \/>\n<span style=\"color: #ff0000;\"><strong>Nd.\u00a0 02. XII. 2018 \u00a0\u00a0<\/strong><\/span><strong><span style=\"color: #ff0000;\">I\u00a0 Niedziela Adwentu<\/span><br \/>\n<\/strong>g. 9.00 \u00a0+ Micha\u0142a Tadeusza Koziarskich.<br \/>\ng. 11.00 \u00a0+ Stanis\u0142aw\u0119 i Romana Bieleckich; Aleksandr\u0119 i\u00a0 Stanis\u0142awa Wi\u0119ch.<\/p>\n","protected":false},"excerpt":{"rendered":"<p>W ostatni\u0105 niedziel\u0119 roku liturgicznego obchodzimy Uroczysto\u015b\u0107 Jezusa Chrystusa Kr\u00f3la Wszech\u015bwiata. Po Mszy \u015bw. o godz. 11.00 wystawienie Naj\u015bwi\u0119tszego Sakramentu, litania do Serca Pana Jezusa i Akt po\u015bwi\u0119cenia rodzaju ludzkiego Chrystusowi Kr\u00f3lowi. Publiczne odm\u00f3wienie tej modlitwy zwi\u0105zane jest z \u0142ask\u0105 otrzymania odpustu zupe\u0142nego. Dzi\u015b po Mszy \u015bw. o godz. 11.00 [&hellip;]<\/p>\n","protected":false},"author":2,"featured_media":0,"comment_status":"closed","ping_status":"closed","sticky":false,"template":"","format":"standard","meta":[],"categories":[2],"tags":[],"_links":{"self":[{"href":"http:\/\/www.parafiakuligow.pl\/index.php\/wp-json\/wp\/v2\/posts\/1180"}],"collection":[{"href":"http:\/\/www.parafiakuligow.pl\/index.php\/wp-json\/wp\/v2\/posts"}],"about":[{"href":"http:\/\/www.parafiakuligow.pl\/index.php\/wp-json\/wp\/v2\/types\/post"}],"author":[{"embeddable":true,"href":"http:\/\/www.parafiakuligow.pl\/index.php\/wp-json\/wp\/v2\/users\/2"}],"replies":[{"embeddable":true,"href":"http:\/\/www.parafiakuligow.pl\/index.php\/wp-json\/wp\/v2\/comments?post=1180"}],"version-history":[{"count":7,"href":"http:\/\/www.parafiakuligow.pl\/index.php\/wp-json\/wp\/v2\/posts\/1180\/revisions"}],"predecessor-version":[{"id":1190,"href":"http:\/\/www.parafiakuligow.pl\/index.php\/wp-json\/wp\/v2\/posts\/1180\/revisions\/1190"}],"wp:attachment":[{"href":"http:\/\/www.parafiakuligow.pl\/index.php\/wp-json\/wp\/v2\/media?parent=1180"}],"wp:term":[{"taxonomy":"category","embeddable":true,"href":"http:\/\/www.parafiakuligow.pl\/index.php\/wp-json\/wp\/v2\/categories?post=1180"},{"taxonomy":"post_tag","embeddable":true,"href":"http:\/\/www.parafiakuligow.pl\/index.php\/wp-json\/wp\/v2\/tags?post=1180"}],"curies":[{"name":"wp","href":"https:\/\/api.w.org\/{rel}","templated":true}]}}