{"id":1175,"date":"2018-11-19T12:57:31","date_gmt":"2018-11-19T11:57:31","guid":{"rendered":"http:\/\/www.parafiakuligow.pl\/?p=1175"},"modified":"2018-11-19T12:59:24","modified_gmt":"2018-11-19T11:59:24","slug":"18-listopada-2018-33-niedziela-zwykla","status":"publish","type":"post","link":"http:\/\/www.parafiakuligow.pl\/index.php\/2018\/11\/19\/18-listopada-2018-33-niedziela-zwykla\/","title":{"rendered":"18 Listopada 2018 &#8211; 33 NIEDZIELA ZWYK\u0141A"},"content":{"rendered":"<ol>\n<li>Dzisiaj ofiary sk\u0142adane na tace w naszej diecezji przeznaczone s\u0105 na Seminarium Duchowne.<\/li>\n<li>W dzisiejsz\u0105 niedziel\u0119 przypada \u015awiatowy Dzie\u0144 Ubogich. W tym roku has\u0142em tego dnia s\u0105 s\u0142owa psalmu\u00a0 &#8222;Biedak zawo\u0142a\u0142, a Pan go us\u0142ysza\u0142&#8221; (Ps 34,7).<\/li>\n<li>Tydzie\u0144 temu w duchu solidarno\u015bci z Ko\u015bcio\u0142em prze\u015bladowanym zebrali\u015bmy 220 z\u0142otych. Wszystkim ofiarodawcom sk\u0142adam serdeczne B\u00f3g zap\u0142a\u0107.<\/li>\n<li>W przysz\u0142\u0105 niedziel\u0119 25 listopada Uroczysto\u015b\u0107 Chrystusa Kr\u00f3la Wszech\u015bwiata. Uroczysto\u015b\u0107 ta ko\u0144czy obecny rok liturgiczny.<\/li>\n<li>Od I\u00a0 niedzieli Adwentu b\u0119dzie mo\u017cna w naszym Ko\u015bciele zaopatrzy\u0107 si\u0119 w op\u0142atki na st\u00f3\u0142 wigilijny, kt\u00f3re w tym dniu zostan\u0105 pob\u0142ogos\u0142awione dla naszej wsp\u00f3lnoty parafialnej.<\/li>\n<li>W przysz\u0142\u0105 niedziel\u0119 po Mszy \u015bw. o godz. 11.00 zapraszam na spotkanie Rad\u0119 Duszpastersk\u0105.<\/li>\n<li>Wszystkim parafianom, dzia\u0142kowiczom i go\u015bciom \u017cycz\u0119\u00a0 dobrego, duchowego prze\u017cycia niedzieli\u00a0 i\u00a0 b\u0142ogos\u0142awionego tygodnia.<\/li>\n<\/ol>\n<p><span style=\"color: #ff0000;\"><strong>Intencje Mszalne <\/strong><strong>18 \u2013 25 listopad 2018<\/strong><\/span><\/p>\n<p><strong>Nd.\u00a0 18. XI. 2018 <\/strong><strong>33\u00a0 NIEDZIELA ZWYK\u0141A<br \/>\n<\/strong>g. 9.00\u00a0 + Teres\u0119 Dzwonkowsk\u0105 w 30 rocz. \u015bm.; Barbar\u0119 i Zygmunta Ga\u0144ko.<br \/>\ng. 11.00 + Int. zam.<br \/>\n<strong>Pn.\u00a0\u00a0\u00a0 19. XI<\/strong>\u00a0\u00a0 g . 18.00\u00a0 + El\u017cbiet\u0119 Hann\u0119 Ros\u0142on<br \/>\n<strong>Wt.\u00a0\u00a0 20. XI<\/strong>\u00a0\u00a0 g.\u00a0\u00a0\u00a0 7.00\u00a0\u00a0 Int. wolna<br \/>\n<strong>\u015ar.\u00a0\u00a0\u00a0\u00a0 21. XI\u00a0\u00a0 <\/strong>g.\u00a0 18.00\u00a0 Dzi\u0119kczynna; o Bo\u017ce b\u0142og. i \u0142aski dla Haliny Kr\u00f3lik w 81 rocz. urodzin i Marii Wi\u0119ch w 75 rocz. urodzin.<br \/>\n<strong>Czw. 22. XI <\/strong>\u00a0\u00a0g.\u00a0\u00a0 7.00\u00a0\u00a0 Int. wolna<br \/>\n<strong>Pt.\u00a0\u00a0\u00a0\u00a0 23. XI\u00a0 <\/strong>\u00a0g. 18.00\u00a0 Int. wolna<br \/>\n<strong>Sob.\u00a0 24. XI<\/strong>\u00a0\u00a0 g. 18.00\u00a0 Int. wolna<br \/>\n<strong>Nd.\u00a0 25. XI. 2018\u00a0 <\/strong><strong>Uroczysto\u015b\u0107 Jezusa Chrystusa Kr\u00f3la Wszech\u015bwiata<br \/>\n<\/strong>g. 9.00 \u00a0Int. zam.<br \/>\ng. 11.00 \u00a0Int. zam.<\/p>\n","protected":false},"excerpt":{"rendered":"<p>Dzisiaj ofiary sk\u0142adane na tace w naszej diecezji przeznaczone s\u0105 na Seminarium Duchowne. W dzisiejsz\u0105 niedziel\u0119 przypada \u015awiatowy Dzie\u0144 Ubogich. W tym roku has\u0142em tego dnia s\u0105 s\u0142owa psalmu\u00a0 &#8222;Biedak zawo\u0142a\u0142, a Pan go us\u0142ysza\u0142&#8221; (Ps 34,7). Tydzie\u0144 temu w duchu solidarno\u015bci z Ko\u015bcio\u0142em prze\u015bladowanym zebrali\u015bmy 220 z\u0142otych. Wszystkim ofiarodawcom [&hellip;]<\/p>\n","protected":false},"author":2,"featured_media":0,"comment_status":"closed","ping_status":"closed","sticky":false,"template":"","format":"standard","meta":[],"categories":[2],"tags":[],"_links":{"self":[{"href":"http:\/\/www.parafiakuligow.pl\/index.php\/wp-json\/wp\/v2\/posts\/1175"}],"collection":[{"href":"http:\/\/www.parafiakuligow.pl\/index.php\/wp-json\/wp\/v2\/posts"}],"about":[{"href":"http:\/\/www.parafiakuligow.pl\/index.php\/wp-json\/wp\/v2\/types\/post"}],"author":[{"embeddable":true,"href":"http:\/\/www.parafiakuligow.pl\/index.php\/wp-json\/wp\/v2\/users\/2"}],"replies":[{"embeddable":true,"href":"http:\/\/www.parafiakuligow.pl\/index.php\/wp-json\/wp\/v2\/comments?post=1175"}],"version-history":[{"count":3,"href":"http:\/\/www.parafiakuligow.pl\/index.php\/wp-json\/wp\/v2\/posts\/1175\/revisions"}],"predecessor-version":[{"id":1178,"href":"http:\/\/www.parafiakuligow.pl\/index.php\/wp-json\/wp\/v2\/posts\/1175\/revisions\/1178"}],"wp:attachment":[{"href":"http:\/\/www.parafiakuligow.pl\/index.php\/wp-json\/wp\/v2\/media?parent=1175"}],"wp:term":[{"taxonomy":"category","embeddable":true,"href":"http:\/\/www.parafiakuligow.pl\/index.php\/wp-json\/wp\/v2\/categories?post=1175"},{"taxonomy":"post_tag","embeddable":true,"href":"http:\/\/www.parafiakuligow.pl\/index.php\/wp-json\/wp\/v2\/tags?post=1175"}],"curies":[{"name":"wp","href":"https:\/\/api.w.org\/{rel}","templated":true}]}}