{"id":1169,"date":"2018-11-05T13:36:57","date_gmt":"2018-11-05T12:36:57","guid":{"rendered":"http:\/\/www.parafiakuligow.pl\/?p=1169"},"modified":"2018-11-11T00:33:43","modified_gmt":"2018-11-10T23:33:43","slug":"4-listopada-2018-31-niedziela-zwykla","status":"publish","type":"post","link":"http:\/\/www.parafiakuligow.pl\/index.php\/2018\/11\/05\/4-listopada-2018-31-niedziela-zwykla\/","title":{"rendered":"4 Listopada 2018 &#8211; 31 NIEDZIELA ZWYK\u0141A"},"content":{"rendered":"<ol>\n<li>Dzisiaj z racji I niedzieli miesi\u0105ca po Mszy \u015bw. o godz. 11.00 wystawienie Naj\u015bwi\u0119tszego Sakramentu\u00a0 i\u00a0 wsp\u00f3lna modlitwa za zmar\u0142ych.<\/li>\n<li>Do 8 listopada mo\u017cna uzyska\u0107 i ofiarowa\u0107 za dusze w czy\u015b\u0107cu cierpi\u0105ce odpust zupe\u0142ny. Mo\u017cna jeszcze swoich zmar\u0142ych do\u0142\u0105czy\u0107 do wsp\u00f3lnej modlitwy zwanej wypominkami.<\/li>\n<li>W pi\u0105tek 9 listopada przypada \u015bwi\u0119to: Rocznica Po\u015bwiecenia Bazyliki Latera\u0144skiej.<\/li>\n<li>W niedziel\u0119 11 listopada przypada 100 letnia rocznica odzyskania niepodleg\u0142o\u015bci przez Polsk\u0119. Pami\u0119tajmy w naszych modlitwach o tych, kt\u00f3rzy oddali\u00a0 swoje \u017cycie za niepodleg\u0142o\u015b\u0107\u00a0 naszej Ojczyzny.<\/li>\n<li>R\u00f3wnie\u017c w przysz\u0142\u0105 niedziel\u0119 b\u0119dziemy obchodzi\u0107 X \u00a0Dzie\u0144 Solidarno\u015bci z Ko\u015bcio\u0142em Prze\u015bladowanym pod has\u0142em: \u201ePakistan przerwa\u0107 milczenie\u201d. W tym roku krajem reprezentuj\u0105cym wsp\u00f3\u0142czesne m\u0119cze\u0144stwo chrze\u015bcijan jest Pakistan. Swoj\u0105 modlitw\u0105 i ofiarami b\u0119dziemy wspiera\u0107 naszych braci i siostry w wierze.<\/li>\n<li>Za nami miesi\u0105c modlitwy r\u00f3\u017ca\u0144cowej. Dzi\u0119kuje serdecznie tym wszystkim, kt\u00f3rzy uczestniczyli w tej pi\u0119knej modlitwie Ko\u015bcio\u0142a.<\/li>\n<li>Wszystkim parafianom, dzia\u0142kowiczom i go\u015bciom \u017cycz\u0119 dobrego duchowego prze\u017cycia niedzieli\u00a0 i\u00a0 b\u0142ogos\u0142awionego tygodnia.<\/li>\n<li>Zach\u0119camy do czytania prasy katolickiej.<\/li>\n<\/ol>\n<p><strong>Intencje Mszalne <\/strong><strong>4 \u2013 11 listopad\u00a0 2018<\/strong><\/p>\n<p><strong>Nd.\u00a0 4. XI. 2018\u00a0\u00a0\u00a0 <\/strong><strong>31\u00a0 NIEDZIELA ZWYK\u0141A<br \/>\n<\/strong>g. 9.00\u00a0 Int. zam.<br \/>\ng. 11.00 + Leonarda D\u0105browskiego; Aleksandra i Waleri\u0119.<br \/>\n<strong>Pn.\u00a0\u00a0\u00a0 5. XI<\/strong>\u00a0\u00a0 g . 18.00\u00a0\u00a0 W int. uczestnik\u00f3w nabo\u017ce\u0144stw R\u00f3\u017ca\u0144cowych, o Bo\u017ce b\u0142og, i opiek\u0119 Matki Naj\u015bwi\u0119tszej.<br \/>\n<strong>Wt.\u00a0\u00a0 6. XI<\/strong>\u00a0\u00a0 g.\u00a0\u00a0 \u00a07.00\u00a0\u00a0 Int. wolna<br \/>\n<strong>\u015ar.\u00a0\u00a0\u00a0 7. XI\u00a0\u00a0 <\/strong>g.\u00a0 18.00\u00a0\u00a0 Za zmar\u0142ych polecanych w rocznych wypominkach.<br \/>\n<strong>Czw. 8. XI <\/strong>\u00a0\u00a0g.\u00a0\u00a0 7.00\u00a0\u00a0 Int. wolna<br \/>\n<strong>Pt.\u00a0\u00a0\u00a0\u00a0 9. XI\u00a0 <\/strong>\u00a0g. \u00a018.00 \u00a0O Bo\u017ce b\u0142og i \u0142aski dla cz\u0142onki\u0144 K\u017b R\u00f3\u017ca\u0144ca p\/w Matki Bo\u017cej Bolesnej w 35 rocz. powstania.<br \/>\n<strong>Sob. 10. XI<\/strong><br \/>\ng. 16.00\u00a0 Chrzest<br \/>\ng. 18.00 O Bo\u017ce b\u0142og., opiek\u0119 Matki Bo\u017cej dla Daniela w 18 rocz. urodzin.<br \/>\n<strong>Nd.\u00a0 11. XI. 2018\u00a0\u00a0\u00a0 <\/strong><strong>32\u00a0 NIEDZIELA ZWYK\u0141A<br \/>\n<\/strong>g. 9.00\u00a0 Int. zam.<br \/>\ng. 11.00\u00a0 + Paw\u0142a \u017bochowskiego.<\/p>\n","protected":false},"excerpt":{"rendered":"<p>Dzisiaj z racji I niedzieli miesi\u0105ca po Mszy \u015bw. o godz. 11.00 wystawienie Naj\u015bwi\u0119tszego Sakramentu\u00a0 i\u00a0 wsp\u00f3lna modlitwa za zmar\u0142ych. Do 8 listopada mo\u017cna uzyska\u0107 i ofiarowa\u0107 za dusze w czy\u015b\u0107cu cierpi\u0105ce odpust zupe\u0142ny. Mo\u017cna jeszcze swoich zmar\u0142ych do\u0142\u0105czy\u0107 do wsp\u00f3lnej modlitwy zwanej wypominkami. W pi\u0105tek 9 listopada przypada \u015bwi\u0119to: [&hellip;]<\/p>\n","protected":false},"author":2,"featured_media":0,"comment_status":"closed","ping_status":"closed","sticky":false,"template":"","format":"standard","meta":[],"categories":[2],"tags":[],"_links":{"self":[{"href":"http:\/\/www.parafiakuligow.pl\/index.php\/wp-json\/wp\/v2\/posts\/1169"}],"collection":[{"href":"http:\/\/www.parafiakuligow.pl\/index.php\/wp-json\/wp\/v2\/posts"}],"about":[{"href":"http:\/\/www.parafiakuligow.pl\/index.php\/wp-json\/wp\/v2\/types\/post"}],"author":[{"embeddable":true,"href":"http:\/\/www.parafiakuligow.pl\/index.php\/wp-json\/wp\/v2\/users\/2"}],"replies":[{"embeddable":true,"href":"http:\/\/www.parafiakuligow.pl\/index.php\/wp-json\/wp\/v2\/comments?post=1169"}],"version-history":[{"count":2,"href":"http:\/\/www.parafiakuligow.pl\/index.php\/wp-json\/wp\/v2\/posts\/1169\/revisions"}],"predecessor-version":[{"id":1173,"href":"http:\/\/www.parafiakuligow.pl\/index.php\/wp-json\/wp\/v2\/posts\/1169\/revisions\/1173"}],"wp:attachment":[{"href":"http:\/\/www.parafiakuligow.pl\/index.php\/wp-json\/wp\/v2\/media?parent=1169"}],"wp:term":[{"taxonomy":"category","embeddable":true,"href":"http:\/\/www.parafiakuligow.pl\/index.php\/wp-json\/wp\/v2\/categories?post=1169"},{"taxonomy":"post_tag","embeddable":true,"href":"http:\/\/www.parafiakuligow.pl\/index.php\/wp-json\/wp\/v2\/tags?post=1169"}],"curies":[{"name":"wp","href":"https:\/\/api.w.org\/{rel}","templated":true}]}}