{"id":1164,"date":"2018-10-30T08:14:30","date_gmt":"2018-10-30T07:14:30","guid":{"rendered":"http:\/\/www.parafiakuligow.pl\/?p=1164"},"modified":"2018-10-30T08:18:28","modified_gmt":"2018-10-30T07:18:28","slug":"28-pazdziernik-2018-30-niedziela-zwykla","status":"publish","type":"post","link":"http:\/\/www.parafiakuligow.pl\/index.php\/2018\/10\/30\/28-pazdziernik-2018-30-niedziela-zwykla\/","title":{"rendered":"28 Pa\u017adziernik 2018 &#8211; 30 NIEDZIELA ZWYK\u0141A"},"content":{"rendered":"<ol>\n<li>W \u015brod\u0119 31 pa\u017adziernika\u00a0 o godz. 17.30 ostatnie nabo\u017ce\u0144stwo r\u00f3\u017ca\u0144cowe. Msza \u015bw. w int. uczestnik\u00f3w nabo\u017ce\u0144stw r\u00f3\u017ca\u0144cowych 3 listopada o godz. 18.00.<\/li>\n<li>W \u015brod\u0119 1 listopada Uroczysto\u015b\u0107 Wszystkich \u015awi\u0119tych. To dzie\u0144 naszej refleksji nad \u017cyciem i modlitwy za zmar\u0142ych. Msze \u015bw. w tym \u00a0dniu o godz. 9.00 i 10.00. O godzinie 11.30\u00a0 na cmentarzu w Za\u0142ubicach \u00a0procesja z modlitw\u0105 za zmar\u0142ych, a po niej o godz. 12.00 Msza \u015bw.<\/li>\n<li>W pi\u0105tek 2 listopada Wspomnienie wszystkich wiernych zmar\u0142ych. Tego dnia odprawione zostan\u0105 dwie Msze \u015bw., o godz. 7.00 \u00a0i 18.00. Msza \u015bw. o godz. 18.00 za zmar\u0142ych poleconych w wypominkach \u00a0z modlitw\u0105 obejmuj\u0105c\u0105 imiona i nazwiska\u00a0 naszych bliskich. W tym dniu przypada I pi\u0105tek miesi\u0105ca. Spowied\u017a od godz. 17.30.<\/li>\n<li>W dniach od 1 do 8 listopada ka\u017cdego dnia oktawy mo\u017cna zyska\u0107 i ofiarowa\u0107 za dusze w czy\u015b\u0107cu cierpi\u0105ce odpust zupe\u0142ny. Warunkiem do tego jest stan \u0142aski u\u015bwi\u0119caj\u0105cej, przyj\u0119cie komunii \u015bwi\u0119tej, pobo\u017cne nawiedzenie cmentarza i modlitwa ofiarowana za zmar\u0142ych w tym Ojcze nasz i wierze w Boga.<\/li>\n<li>W pierwsz\u0105 sobot\u0119 miesi\u0105ca Msza \u015bw. o Niepokalanym sercu Naj\u015bwi\u0119tszej Maryi Panny o godz. 18.00. Na modlitw\u0119 r\u00f3\u017ca\u0144cow\u0105 i Msz\u0119 \u015bw. w spos\u00f3b szczeg\u00f3lny zapraszam Ko\u0142a \u017bywego R\u00f3\u017ca\u0144ca.<\/li>\n<li>Przysz\u0142a niedziela\u00a0 to I niedziela miesi\u0105ca. Po Mszy \u015bw. o godz. 11.00 wystawienie Naj\u015bwi\u0119tszego sakramentu i adoracja Eucharystyczna.<\/li>\n<li>Wszystkim parafianom, dzia\u0142kowiczom i go\u015bciom \u017cycz\u0119 dobrego duchowego prze\u017cycia niedzieli\u00a0 i\u00a0 b\u0142ogos\u0142awionego tygodnia.<\/li>\n<\/ol>\n<p><strong>Intencje Mszalne <\/strong><strong>28 Pa\u017adziernik\u00a0 \u2013 4 listopad\u00a0 2018<\/p>\n<p><\/strong><strong>Nd. 28. X. 2018\u00a0\u00a0\u00a0 <\/strong><strong>30\u00a0 NIEDZIELA ZWYKA<br \/>\n<\/strong>g. 9.00\u00a0 + Ks. Gerarda Jareckiego<br \/>\ng. 11.00 Int. zam.<br \/>\n<strong>Pn.\u00a0\u00a0\u00a0 29. X<\/strong>\u00a0\u00a0 g . 18.00\u00a0\u00a0 + Stanis\u0142awa Gawlik\u00a0 \/10 \/<br \/>\n<strong>Wt.\u00a0\u00a0 30. X<\/strong>\u00a0\u00a0 g.\u00a0\u00a0 \u00a07.00\u00a0\u00a0 Int. wolna<br \/>\n<strong>\u015ar.\u00a0\u00a0\u00a0 31. X\u00a0\u00a0 <\/strong>g.\u00a0 18.00\u00a0\u00a0 W int. zm. z\u00a0 K\u017bR Matki Bo\u017cej Bolesnej<br \/>\n<strong>Czw.\u00a0 1. XI <\/strong>\u00a0\u00a0\u00a0\u00a0<strong>Uroczysto\u015b\u0107\u00a0 Wszystkich \u015awi\u0119tych<br \/>\n<\/strong>g. 9.00\u00a0 + Ann\u0119, Zygmunta i Jadwig\u0119 Liszewskich; Franciszka i Mariann\u0119 D\u0105browskich; El\u017cbiet\u0119 Gajewsk\u0105<br \/>\ng. 10.00\u00a0\u00a0 Int. wolna<br \/>\n<strong>Pt.\u00a0\u00a0\u00a0\u00a0 2. XI<br \/>\n<\/strong>g. 7.00 Int. wolna<br \/>\ng. 18.00\u00a0 Dziek. O Bo\u017ce b\u0142og. i \u0142aski dla dzieci z R\u00f3\u017cy R\u00f3\u017ca\u0144cowej p\/w \u015bw. Jana Paw\u0142a II.<br \/>\n<strong>Sob.\u00a0 3. XI<\/strong>\u00a0\u00a0 g. 18.00\u00a0 \u00a0Dzi\u0119k. w\u00a0 int. uczestnik\u00f3w R\u00f3\u017ca\u0144ca \u015bw.<br \/>\n<strong>Nd.\u00a0 4. XI. 2018\u00a0\u00a0\u00a0 <\/strong><strong>31\u00a0 NIEDZIELA ZWYKA<br \/>\n<\/strong>g. 9.00\u00a0 Int. zam.<br \/>\ng. 11.00 + Leonarda D\u0105browskiego; Aleksandra i Waleri\u0119.<\/p>\n","protected":false},"excerpt":{"rendered":"<p>W \u015brod\u0119 31 pa\u017adziernika\u00a0 o godz. 17.30 ostatnie nabo\u017ce\u0144stwo r\u00f3\u017ca\u0144cowe. Msza \u015bw. w int. uczestnik\u00f3w nabo\u017ce\u0144stw r\u00f3\u017ca\u0144cowych 3 listopada o godz. 18.00. W \u015brod\u0119 1 listopada Uroczysto\u015b\u0107 Wszystkich \u015awi\u0119tych. To dzie\u0144 naszej refleksji nad \u017cyciem i modlitwy za zmar\u0142ych. Msze \u015bw. w tym \u00a0dniu o godz. 9.00 i 10.00. O [&hellip;]<\/p>\n","protected":false},"author":2,"featured_media":0,"comment_status":"closed","ping_status":"closed","sticky":false,"template":"","format":"standard","meta":[],"categories":[2],"tags":[],"_links":{"self":[{"href":"http:\/\/www.parafiakuligow.pl\/index.php\/wp-json\/wp\/v2\/posts\/1164"}],"collection":[{"href":"http:\/\/www.parafiakuligow.pl\/index.php\/wp-json\/wp\/v2\/posts"}],"about":[{"href":"http:\/\/www.parafiakuligow.pl\/index.php\/wp-json\/wp\/v2\/types\/post"}],"author":[{"embeddable":true,"href":"http:\/\/www.parafiakuligow.pl\/index.php\/wp-json\/wp\/v2\/users\/2"}],"replies":[{"embeddable":true,"href":"http:\/\/www.parafiakuligow.pl\/index.php\/wp-json\/wp\/v2\/comments?post=1164"}],"version-history":[{"count":3,"href":"http:\/\/www.parafiakuligow.pl\/index.php\/wp-json\/wp\/v2\/posts\/1164\/revisions"}],"predecessor-version":[{"id":1167,"href":"http:\/\/www.parafiakuligow.pl\/index.php\/wp-json\/wp\/v2\/posts\/1164\/revisions\/1167"}],"wp:attachment":[{"href":"http:\/\/www.parafiakuligow.pl\/index.php\/wp-json\/wp\/v2\/media?parent=1164"}],"wp:term":[{"taxonomy":"category","embeddable":true,"href":"http:\/\/www.parafiakuligow.pl\/index.php\/wp-json\/wp\/v2\/categories?post=1164"},{"taxonomy":"post_tag","embeddable":true,"href":"http:\/\/www.parafiakuligow.pl\/index.php\/wp-json\/wp\/v2\/tags?post=1164"}],"curies":[{"name":"wp","href":"https:\/\/api.w.org\/{rel}","templated":true}]}}