{"id":1152,"date":"2018-10-15T23:25:18","date_gmt":"2018-10-15T21:25:18","guid":{"rendered":"http:\/\/www.parafiakuligow.pl\/?p=1152"},"modified":"2018-10-22T12:38:57","modified_gmt":"2018-10-22T10:38:57","slug":"14-pazdziernik-2018-28-niedziela-zwykla","status":"publish","type":"post","link":"http:\/\/www.parafiakuligow.pl\/index.php\/2018\/10\/15\/14-pazdziernik-2018-28-niedziela-zwykla\/","title":{"rendered":"14 Pa\u017adziernik 2018 &#8211; 28 NIEDZIELA ZWYK\u0141A"},"content":{"rendered":"<ol>\n<li>Dzi\u015b ofiary na tac\u0119 przeznaczamy na dom siostry Faustyny Kowalskiej w Ostr\u00f3wku.<\/li>\n<li>Obchodzimy dzi\u015b XVIII Dzie\u0144 Papieski pod Has\u0142em: \u201ePromieniowanie Ojcostwa\u201d To zaproszenie dla nas by\u015bmy z wi\u0119ksz\u0105 gorliwo\u015bci\u0105 realizowali trud wychowania swych dzieci, objawiaj\u0105c im tym samym Ojcostwo Boga. Po Mszy \u015bw. b\u0119dziemy mieli okazj\u0119 wspom\u00f3c Fundacj\u0119 Dzie\u0142o Nowego Tysi\u0105clecia sk\u0142adaj\u0105c ofiar\u0119 do puszki.<\/li>\n<li>W przysz\u0142\u0105 niedziel\u0119 przypada \u015awiatowy Dzie\u0144 misyjny. Ofiary sk\u0142adane na tac\u0119 b\u0119d\u0105 przeznaczone na misje.<\/li>\n<li>W czwartek 18 pa\u017adziernika obchodzimy \u015bwi\u0119to \u015bw. \u0141ukasza Ewangelisty.<\/li>\n<li>Przyjmujemy ju\u017c na wypominki na kolejny rok. Wypominki roczne obejmuj\u0105 modlitw\u0119 za zmar\u0142ych w ka\u017cd\u0105 niedziel\u0119 przed godzin\u0105 11.00, oraz Msze \u015bw. odprawiane przez ca\u0142y rok, w ka\u017cd\u0105 pierwsz\u0105 \u015brod\u0119 miesi\u0105ca. Wypominki jednorazowe s\u0105 modlitw\u0105 odmawian\u0105\u00a0 w <strong>Uroczysto\u015b\u0107 Wszystkich \u015awi\u0119tych <\/strong><strong>1 listopada<\/strong> w czasie procesji na cmentarzu w Za\u0142ubicach i we <strong>Wspomnienie W<\/strong><strong>szystkich Wiernych Zmar\u0142ych <\/strong>(Dzie\u0144 Zaduszny) <strong>2 listopada, <\/strong>podczas Mszy \u015bw<strong>. <\/strong>w Kuligowie. Ogarniaj\u0105c modlitw\u0105 zmar\u0142ych sk\u0142adamy dobrowolne ofiary wpisuj\u0105c imiona i nazwiska zmar\u0142ych. Mo\u017cemy wykorzysta\u0107 kartki wy\u0142o\u017cone przy wyj\u015bciu z ko\u015bcio\u0142a. W Uroczysto\u015b\u0107 Wszystkich \u015awi\u0119tych 1 listopada, Msze \u015bw. w naszej parafii o godz. <strong>9.00 i 10.00<\/strong>. Procesja na cmentarzu w Za\u0142ubicach o godz. 11.30, a po niej Msza \u015bwi\u0119ta o godz. 12.00.<\/li>\n<li>Wszystkim naszym parafianom i dzia\u0142kowiczom odpoczywaj\u0105cym w Kuligowie \u017cycz\u0119\u00a0 dobrej\u00a0 niedzieli\u00a0 i\u00a0 b\u0142ogos\u0142awionego tygodnia.<\/li>\n<li>Zapraszamy do czytania prasy katolickiej.<\/li>\n<\/ol>\n<p><strong>Intencje Mszalne <\/strong><strong>14 \u2013 21\u00a0 Pa\u017adziernik\u00a0 2018<\/strong><\/p>\n<p><strong>Nd. 14. X. 2018\u00a0\u00a0\u00a0 <\/strong><strong>28\u00a0 NIEDZIELA ZWYK\u0141A<br \/>\n<\/strong>g. 9.00\u00a0\u00a0 + Jadwig\u0119 Szczepa\u0144sk\u0105<br \/>\ng. 11.00 + Weronik\u0119 i Franciszka Czarnowskich.<br \/>\n<strong>Pn.\u00a0\u00a0\u00a0 15. X<\/strong>\u00a0\u00a0 g . 18.00\u00a0\u00a0 + Stanis\u0142awa Gawlik\u00a0 \/4\/<br \/>\n<strong>Wt.\u00a0\u00a0\u00a0 16. X<\/strong>\u00a0\u00a0 g.\u00a0\u00a0 7.00\u00a0\u00a0 + Stanis\u0142awa Gawlik\u00a0 \/5\/<br \/>\n<strong>\u015ar.\u00a0\u00a0\u00a0\u00a0 17. X\u00a0\u00a0 <\/strong>g.\u00a0 18.00\u00a0\u00a0 + Stanis\u0142awa Gawlik\u00a0 \/6\/<br \/>\n<strong>Czw. 18. X\u00a0\u00a0 <\/strong>g.\u00a0\u00a0 7.00\u00a0\u00a0 + Stanis\u0142awa Gawlik\u00a0 \/7\/<br \/>\n<strong>Pt.\u00a0\u00a0\u00a0\u00a0 19. X\u00a0 \u00a0<\/strong>g. 18.00\u00a0 + Stanis\u0142awa Gawlik\u00a0 \/8\/<br \/>\n<strong>Sob.\u00a0 20. X<\/strong>\u00a0\u00a0\u00a0 g. 18.00\u00a0 Int. zam.<br \/>\n<strong>Nd. 21. X. 2018\u00a0\u00a0\u00a0 <\/strong><strong>29\u00a0 NIEDZIELA ZWYK\u0141A<br \/>\n<\/strong>g. 9.00\u00a0\u00a0 Dzi\u0119k. O Bo\u017ce b\u0142og. i \u0142aski dla dzieci z R\u00f3\u017cy R\u00f3\u017ca\u0144cowej<br \/>\np\/w \u015bw. Jana Paw\u0142a II.<br \/>\ng. 11.00 Int. zam.<\/p>\n","protected":false},"excerpt":{"rendered":"<p>Dzi\u015b ofiary na tac\u0119 przeznaczamy na dom siostry Faustyny Kowalskiej w Ostr\u00f3wku. Obchodzimy dzi\u015b XVIII Dzie\u0144 Papieski pod Has\u0142em: \u201ePromieniowanie Ojcostwa\u201d To zaproszenie dla nas by\u015bmy z wi\u0119ksz\u0105 gorliwo\u015bci\u0105 realizowali trud wychowania swych dzieci, objawiaj\u0105c im tym samym Ojcostwo Boga. Po Mszy \u015bw. b\u0119dziemy mieli okazj\u0119 wspom\u00f3c Fundacj\u0119 Dzie\u0142o Nowego [&hellip;]<\/p>\n","protected":false},"author":2,"featured_media":0,"comment_status":"closed","ping_status":"closed","sticky":false,"template":"","format":"standard","meta":[],"categories":[2],"tags":[],"_links":{"self":[{"href":"http:\/\/www.parafiakuligow.pl\/index.php\/wp-json\/wp\/v2\/posts\/1152"}],"collection":[{"href":"http:\/\/www.parafiakuligow.pl\/index.php\/wp-json\/wp\/v2\/posts"}],"about":[{"href":"http:\/\/www.parafiakuligow.pl\/index.php\/wp-json\/wp\/v2\/types\/post"}],"author":[{"embeddable":true,"href":"http:\/\/www.parafiakuligow.pl\/index.php\/wp-json\/wp\/v2\/users\/2"}],"replies":[{"embeddable":true,"href":"http:\/\/www.parafiakuligow.pl\/index.php\/wp-json\/wp\/v2\/comments?post=1152"}],"version-history":[{"count":6,"href":"http:\/\/www.parafiakuligow.pl\/index.php\/wp-json\/wp\/v2\/posts\/1152\/revisions"}],"predecessor-version":[{"id":1163,"href":"http:\/\/www.parafiakuligow.pl\/index.php\/wp-json\/wp\/v2\/posts\/1152\/revisions\/1163"}],"wp:attachment":[{"href":"http:\/\/www.parafiakuligow.pl\/index.php\/wp-json\/wp\/v2\/media?parent=1152"}],"wp:term":[{"taxonomy":"category","embeddable":true,"href":"http:\/\/www.parafiakuligow.pl\/index.php\/wp-json\/wp\/v2\/categories?post=1152"},{"taxonomy":"post_tag","embeddable":true,"href":"http:\/\/www.parafiakuligow.pl\/index.php\/wp-json\/wp\/v2\/tags?post=1152"}],"curies":[{"name":"wp","href":"https:\/\/api.w.org\/{rel}","templated":true}]}}