{"id":1149,"date":"2018-10-10T21:21:06","date_gmt":"2018-10-10T19:21:06","guid":{"rendered":"http:\/\/www.parafiakuligow.pl\/?p=1149"},"modified":"2018-10-22T12:38:44","modified_gmt":"2018-10-22T10:38:44","slug":"07-pazdziernik-2018-27-niedziela-zwykla","status":"publish","type":"post","link":"http:\/\/www.parafiakuligow.pl\/index.php\/2018\/10\/10\/07-pazdziernik-2018-27-niedziela-zwykla\/","title":{"rendered":"07 Pa\u017adziernik 2018 &#8211; 27 NIEDZIELA ZWYK\u0141A"},"content":{"rendered":"<ol>\n<li>\u00a0Dzi\u015b z racji \u00a0I \u00a0niedzieli miesi\u0105ca po Mszy \u015bw. o godz. 11.00 wystawienie Naj\u015bwi\u0119tszego Sakramentu i adoracja eucharystyczna.<\/li>\n<li>Zapraszam do wsp\u00f3lnej modlitwy R\u00f3\u017ca\u0144cowej dzieci, m\u0142odzie\u017c oraz doros\u0142ych. R\u00f3\u017caniec codziennie w poniedzia\u0142ek, \u015brod\u0119, pi\u0105tek oraz sobot\u0119 przed Msz\u0105 \u015bw. o godz. 17.30; we\u00a0 wtorek\u00a0 i czwartek po Mszy \u015bw. o godz.7.00 . W niedziel\u0119 po Mszy \u015bw. o godz. 11.00. Dzieci zapraszam do udzia\u0142u w konkursie r\u00f3\u017ca\u0144cowym. Po nabo\u017ce\u0144stwie s\u0105 rozdawane naklejki zwi\u0105zane ze 160 rocznic\u0105 objawie\u0144 Matki Bo\u017cej\u00a0 w Lourdes. Dla najbardziej gorliwych przewidziane s\u0105 nagrody.<\/li>\n<li>W przysz\u0142\u0105 niedziel\u0119 ofiary na tac\u0119 przeznaczamy na dom \u015bw. Siostry Faustyny Kowalskiej w Ostr\u00f3wku.<\/li>\n<li>14 pa\u017adziernika b\u0119dziemy obchodzi\u0107 XVIII Dzie\u0144 Papieski pod has\u0142em:<br \/>\n\u201e<strong>Promieniowanie\u00a0 Ojcostwa<\/strong>&#8222;. Og\u00f3lnopolska zbi\u00f3rka do puszek dla uzdolnionej m\u0142odzie\u017cy.<\/li>\n<li>Wszystkim naszym parafianom i dzia\u0142kowiczom odpoczywaj\u0105cym w Kuligowie \u017cycz\u0119\u00a0 dobrej\u00a0 niedzieli\u00a0 i\u00a0 b\u0142ogos\u0142awionego tygodnia.<\/li>\n<li>Zapraszamy do czytania prasy katolickiej.<\/li>\n<\/ol>\n<p><strong>Intencje Mszalne <\/strong><strong>07 \u2013 14\u00a0 Pa\u017adziernik\u00a0 2018<\/strong><\/p>\n<p><strong>Nd. 07. X. 2018\u00a0\u00a0\u00a0 <\/strong><strong>27\u00a0 NIEDZIELA ZWYK\u0141A<br \/>\n<\/strong>g. 9.00\u00a0\u00a0 Int. zam.<br \/>\ng. 11.00 + Salome\u0119 i Boles\u0142awa Mianowskich.<br \/>\n<strong>Pn.\u00a0\u00a0\u00a0 08. X<\/strong>\u00a0\u00a0 g . 18.00\u00a0\u00a0 + Bernadyna Mianowskiego \/6\/<br \/>\n<strong>Wt.\u00a0\u00a0\u00a0 09. X<\/strong>\u00a0\u00a0 g.\u00a0\u00a0 7.00\u00a0\u00a0 + Bernadyna Mianowskiego \/7\/<br \/>\n<strong>\u015ar.\u00a0\u00a0\u00a0\u00a0 10. X\u00a0\u00a0 <\/strong>g.\u00a0 18.00\u00a0\u00a0 + Stanis\u0142awa Gawlik\u00a0 \/1\/<br \/>\n<strong>Czw. 11. X\u00a0\u00a0 <\/strong>g.\u00a0\u00a0 7.00\u00a0\u00a0 + Stanis\u0142awa Gawlik\u00a0 \/2\/<br \/>\n<strong>Pt.\u00a0\u00a0\u00a0\u00a0 12. X<br \/>\n<\/strong>g.\u00a0 17.00\u00a0\u00a0\u00a0\u00a0 Int. zam.<br \/>\ng. 18.00 + Stanis\u0142awa Gawlik\u00a0 \/3\/<br \/>\n<strong>Sob.\u00a0 13. X<\/strong>\u00a0\u00a0\u00a0 g. 18.00\u00a0 + Eugeniusza Czerwi\u0144skiego w 19r. \u015bm.<\/p>\n<p><strong>Nd. 14. X. 2018\u00a0\u00a0\u00a0 <\/strong><strong>28\u00a0 NIEDZIELA ZWYK\u0141A<br \/>\n<\/strong>g. 9.00\u00a0\u00a0 + Jadwig\u0119 Szczepa\u0144sk\u0105<br \/>\ng. 11.00 + Weronik\u0119 i Franciszka Czarnowskich.<\/p>\n","protected":false},"excerpt":{"rendered":"<p>\u00a0Dzi\u015b z racji \u00a0I \u00a0niedzieli miesi\u0105ca po Mszy \u015bw. o godz. 11.00 wystawienie Naj\u015bwi\u0119tszego Sakramentu i adoracja eucharystyczna. Zapraszam do wsp\u00f3lnej modlitwy R\u00f3\u017ca\u0144cowej dzieci, m\u0142odzie\u017c oraz doros\u0142ych. R\u00f3\u017caniec codziennie w poniedzia\u0142ek, \u015brod\u0119, pi\u0105tek oraz sobot\u0119 przed Msz\u0105 \u015bw. o godz. 17.30; we\u00a0 wtorek\u00a0 i czwartek po Mszy \u015bw. o godz.7.00 [&hellip;]<\/p>\n","protected":false},"author":2,"featured_media":0,"comment_status":"closed","ping_status":"closed","sticky":false,"template":"","format":"standard","meta":[],"categories":[2],"tags":[],"_links":{"self":[{"href":"http:\/\/www.parafiakuligow.pl\/index.php\/wp-json\/wp\/v2\/posts\/1149"}],"collection":[{"href":"http:\/\/www.parafiakuligow.pl\/index.php\/wp-json\/wp\/v2\/posts"}],"about":[{"href":"http:\/\/www.parafiakuligow.pl\/index.php\/wp-json\/wp\/v2\/types\/post"}],"author":[{"embeddable":true,"href":"http:\/\/www.parafiakuligow.pl\/index.php\/wp-json\/wp\/v2\/users\/2"}],"replies":[{"embeddable":true,"href":"http:\/\/www.parafiakuligow.pl\/index.php\/wp-json\/wp\/v2\/comments?post=1149"}],"version-history":[{"count":2,"href":"http:\/\/www.parafiakuligow.pl\/index.php\/wp-json\/wp\/v2\/posts\/1149\/revisions"}],"predecessor-version":[{"id":1162,"href":"http:\/\/www.parafiakuligow.pl\/index.php\/wp-json\/wp\/v2\/posts\/1149\/revisions\/1162"}],"wp:attachment":[{"href":"http:\/\/www.parafiakuligow.pl\/index.php\/wp-json\/wp\/v2\/media?parent=1149"}],"wp:term":[{"taxonomy":"category","embeddable":true,"href":"http:\/\/www.parafiakuligow.pl\/index.php\/wp-json\/wp\/v2\/categories?post=1149"},{"taxonomy":"post_tag","embeddable":true,"href":"http:\/\/www.parafiakuligow.pl\/index.php\/wp-json\/wp\/v2\/tags?post=1149"}],"curies":[{"name":"wp","href":"https:\/\/api.w.org\/{rel}","templated":true}]}}