{"id":1146,"date":"2018-10-03T12:16:28","date_gmt":"2018-10-03T10:16:28","guid":{"rendered":"http:\/\/www.parafiakuligow.pl\/?p=1146"},"modified":"2018-10-03T12:16:28","modified_gmt":"2018-10-03T10:16:28","slug":"30-wrzesien-2018-26-niedziela-zwykla","status":"publish","type":"post","link":"http:\/\/www.parafiakuligow.pl\/index.php\/2018\/10\/03\/30-wrzesien-2018-26-niedziela-zwykla\/","title":{"rendered":"30 Wrzesie\u0144 2018 &#8211; 26 NIEDZIELA ZWYK\u0141A"},"content":{"rendered":"<ol>\n<li>\u00a0Dzi\u015b podczas Mszy \u015bw. o godz. 11.00 uroczyste przyj\u0119cie kandydat\u00f3w\u00a0 w\u00a0 poczet\u00a0 S\u0142u\u017cby Liturgicznej O\u0142tarza. \/ W tym roku pos\u0142ug\u0119 ministranta przyjmie pi\u0119ciu kandydat\u00f3w \/. Blisko\u015b\u0107 o\u0142tarza a tym samym Pana Jezusa to nie tylko wyr\u00f3\u017cnienie, ale szansa pe\u0142niejszego, duchowego rozwoju.<br \/>\nR\u00f3wnie\u017c dzi\u015b po Mszy \u015bw. godz.. 11.00 pierwsze spotkanie organizacyjne Rady Duszpasterskiej przy parafii Matki Bo\u017cej Loreta\u0144skiej w Kuligowie. W dniu dzisiejszym nie b\u0119dzie dodatkowej Mszy \u015bw. o godz. 15.00.<\/li>\n<li>Pocz\u0105wszy od dnia jutrzejszego rozpoczynamy modlitw\u0119 r\u00f3\u017ca\u0144cow\u0105. R\u00f3\u017caniec w tygodniu; w poniedzia\u0142ek, \u015brod\u0119, pi\u0105tek i sobot\u0119 przed Msz\u0105 \u015bw. o godz.17.30; we wtorek i czwartek po Mszy \u015bw. o godz.7.00; w niedziel\u0119 po Mszy \u015bw. o godz. 11.00. Wsp\u00f3lne pobo\u017cne odm\u00f3wienie r\u00f3\u017ca\u0144ca po\u0142\u0105czone z rozwa\u017caniem tajemnic przy spe\u0142nieniu zwyk\u0142ych warunk\u00f3w umo\u017cliwia zyskanie \u0142aski odpustu zupe\u0142nego.<br \/>\nW spos\u00f3b szczeg\u00f3lny zapraszamy dzieci. Po ka\u017cdym nabo\u017ce\u0144stwie b\u0119d\u0105 rozdawane naklejki z histori\u0105 \u017cycia Bernardety z Lourdes i jej rodziny.<\/li>\n<li>Przypominam, \u017ce od 1 pa\u017adziernika zmienia si\u0119 organizacja S\u0142u\u017cby Bo\u017cej w naszym ko\u015bciele. W niedziel\u0119 nie b\u0119dzie Mszy \u015bw. o godz.15.00, tylko o godz. 9.00 i 11.00. W tygodniu Msza \u015bw. we wtorki i czwartki o godz. 7.00, a w pozosta\u0142e dni o godz. 18.00.<\/li>\n<li>W \u015brod\u0119 3 pa\u017adziernika liturgiczne \u015bwi\u0119to \u015aw. Archanio\u0142\u00f3w Micha\u0142a, Gabriela i Rafa\u0142a; w czwartek wspomnienie \u015bw. Franciszka z Asy\u017cu; w pi\u0105tek siostry \u015bw. Faustyny Kowalskiej.<\/li>\n<li>W najbli\u017cszy pi\u0105tek przypada pierwszy pi\u0105tek miesi\u0105ca; okazja i mo\u017cliwo\u015b\u0107 spowiedzi \u015bw. od godz.17.00. Msza \u015bwi\u0119ta do Naj\u015bwi\u0119tszego Serca Pana Jezusa o godz. 18.00. W pierwsz\u0105 sobot\u0119 miesi\u0105ca Msza \u015bw. o Niepokalanym sercu\u00a0 Naj\u015bwi\u0119tszej Maryi Panny o godz. 18.00. Na modlitw\u0119 r\u00f3\u017ca\u0144cow\u0105 i Msz\u0119 \u015bw. w spos\u00f3b szczeg\u00f3lny zapraszam Ko\u0142a \u017bywego R\u00f3\u017ca\u0144ca.<\/li>\n<li>Przysz\u0142a niedziela\u00a0 to\u00a0 I niedziela miesi\u0105ca. Po Mszy \u015bw. o godz. 11.00 wystawienie Naj\u015bwi\u0119tszego sakramentu i adoracja Eucharystyczna.<\/li>\n<li>Wszystkim naszym parafianom i dzia\u0142kowiczom odpoczywaj\u0105cym w Kuligowie \u017cycz\u0119\u00a0 dobrej\u00a0 niedzieli\u00a0 i\u00a0 b\u0142ogos\u0142awionego tygodnia.<\/li>\n<li>Zapraszamy do czytania prasy katolickiej.<\/li>\n<\/ol>\n<p>&nbsp;<\/p>\n<p><strong>Intencje Mszalne <\/strong><strong>30 wrzesie\u0144 \u2013 07\u00a0 Pa\u017adziernik\u00a0 2018<\/strong><\/p>\n<p><strong>Nd. 30.IX. 2018\u00a0\u00a0 \u00a0<\/strong><strong>26\u00a0 NIEDZIELA ZWYK\u0141A<br \/>\n<\/strong>g. 9.00\u00a0\u00a0 + Bogdana Korneman w rocz. \u015bm.<br \/>\ng. 11.00 Int. zam.<br \/>\n<strong>Pn.\u00a0\u00a0\u00a0 01. X<\/strong>\u00a0\u00a0 g . 18.00\u00a0 \u00a0Int. wolna<br \/>\n<strong>Wt.\u00a0\u00a0 \u00a002. X<\/strong>\u00a0\u00a0 g.\u00a0\u00a0 7.00\u00a0\u00a0 + Bernadyna Mianowskiego \/2\/<br \/>\n<strong>\u015ar.\u00a0\u00a0\u00a0 \u00a003. X\u00a0\u00a0 <\/strong>g.\u00a0 18.00\u00a0\u00a0 + Bernadyna Mianowskiego \/3\/<br \/>\n<strong>Czw. \u00a004. X\u00a0\u00a0 <\/strong>g.\u00a0 \u00a07.00\u00a0\u00a0 + Bernadyna Mianowskiego \/4\/<br \/>\n<strong>Pt. \u00a0\u00a0\u00a0\u00a005. X\u00a0 \u00a0\u00a0<\/strong>g. 18.00\u00a0 + Bernadyna\u00a0 Mianowskiego\u00a0 \/5\/<br \/>\n<strong>Sob.\u00a0 06. X<\/strong>\u00a0 \u00a0\u00a0g. 18.00\u00a0 + Teres\u0119 i Edwarda Skocze\u0144; Henryka i Stanis\u0142aw\u0119 Kuligowskich.<br \/>\n<strong>Nd. 07. X. 2018\u00a0\u00a0 \u00a0<\/strong><strong>27\u00a0 NIEDZIELA ZWYK\u0141A<br \/>\n<\/strong>g. 9.00 \u00a0\u00a0Int. zam.<br \/>\ng. 11.00 + Sabin\u0119 i Boles\u0142awa Mianowskich.<\/p>\n","protected":false},"excerpt":{"rendered":"<p>\u00a0Dzi\u015b podczas Mszy \u015bw. o godz. 11.00 uroczyste przyj\u0119cie kandydat\u00f3w\u00a0 w\u00a0 poczet\u00a0 S\u0142u\u017cby Liturgicznej O\u0142tarza. \/ W tym roku pos\u0142ug\u0119 ministranta przyjmie pi\u0119ciu kandydat\u00f3w \/. Blisko\u015b\u0107 o\u0142tarza a tym samym Pana Jezusa to nie tylko wyr\u00f3\u017cnienie, ale szansa pe\u0142niejszego, duchowego rozwoju. R\u00f3wnie\u017c dzi\u015b po Mszy \u015bw. godz.. 11.00 pierwsze spotkanie [&hellip;]<\/p>\n","protected":false},"author":2,"featured_media":0,"comment_status":"closed","ping_status":"closed","sticky":false,"template":"","format":"standard","meta":[],"categories":[2],"tags":[],"_links":{"self":[{"href":"http:\/\/www.parafiakuligow.pl\/index.php\/wp-json\/wp\/v2\/posts\/1146"}],"collection":[{"href":"http:\/\/www.parafiakuligow.pl\/index.php\/wp-json\/wp\/v2\/posts"}],"about":[{"href":"http:\/\/www.parafiakuligow.pl\/index.php\/wp-json\/wp\/v2\/types\/post"}],"author":[{"embeddable":true,"href":"http:\/\/www.parafiakuligow.pl\/index.php\/wp-json\/wp\/v2\/users\/2"}],"replies":[{"embeddable":true,"href":"http:\/\/www.parafiakuligow.pl\/index.php\/wp-json\/wp\/v2\/comments?post=1146"}],"version-history":[{"count":1,"href":"http:\/\/www.parafiakuligow.pl\/index.php\/wp-json\/wp\/v2\/posts\/1146\/revisions"}],"predecessor-version":[{"id":1147,"href":"http:\/\/www.parafiakuligow.pl\/index.php\/wp-json\/wp\/v2\/posts\/1146\/revisions\/1147"}],"wp:attachment":[{"href":"http:\/\/www.parafiakuligow.pl\/index.php\/wp-json\/wp\/v2\/media?parent=1146"}],"wp:term":[{"taxonomy":"category","embeddable":true,"href":"http:\/\/www.parafiakuligow.pl\/index.php\/wp-json\/wp\/v2\/categories?post=1146"},{"taxonomy":"post_tag","embeddable":true,"href":"http:\/\/www.parafiakuligow.pl\/index.php\/wp-json\/wp\/v2\/tags?post=1146"}],"curies":[{"name":"wp","href":"https:\/\/api.w.org\/{rel}","templated":true}]}}