{"id":1135,"date":"2018-09-17T21:12:07","date_gmt":"2018-09-17T19:12:07","guid":{"rendered":"http:\/\/www.parafiakuligow.pl\/?p=1135"},"modified":"2018-09-17T21:16:52","modified_gmt":"2018-09-17T19:16:52","slug":"16-wrzesien-2018-24-niedziela-zwykla","status":"publish","type":"post","link":"http:\/\/www.parafiakuligow.pl\/index.php\/2018\/09\/17\/16-wrzesien-2018-24-niedziela-zwykla\/","title":{"rendered":"16 Wrzesie\u0144 2018 &#8211; 24 NIEDZIELA ZWYK\u0141A"},"content":{"rendered":"<ol>\n<li>Dzisiaj po Mszy \u015bw. o godz. 11.00 spotkanie i pr\u00f3ba dla kandydat\u00f3w i ministrant\u00f3w przed uroczystym przyj\u0119ciem w poczet S\u0142u\u017cby Liturgicznej O\u0142tarza.<\/li>\n<li>W poniedzia\u0142ek 17 wrze\u015bnia b\u0119dziemy prze\u017cywa\u0107 w naszej parafii diecezjalny dzie\u0144 skupienia. Przez ca\u0142odzienn\u0105 Adoracj\u0119 przed Naj\u015bwi\u0119tszym Sakramentem, Msz\u0119 \u015bwi\u0119t\u0105 oraz wsp\u00f3ln\u0105 i indywidualn\u0105 modlitw\u0119 b\u0119dziemy dzi\u0119kowa\u0107 Bogu za ubieg\u0142oroczne nawiedzenie Matki Bo\u017cej w wizerunku Pani Jasnog\u00f3rskiej naszej parafii. B\u0119dziemy te\u017c prosi\u0107 o Bo\u017ce b\u0142ogos\u0142awie\u0144stwo\u00a0 dla naszych rodzin, pog\u0142\u0119bienie wiary, duchowe przygotowanie do prze\u017cycia Misji \u015bwi\u0119tych w 2019 roku. Szczeg\u00f3\u0142owy program w gablocie. Do wsp\u00f3lnej modlitwy zapraszamy wszystkie zespo\u0142y modlitewne.<br \/>\nMsza \u015bw. dzi\u0119kczynna w intencji rodzin naszej parafii o <strong>godz. 18.00<\/strong>.<\/li>\n<li>We wtorek 18 wrze\u015bnia przypada liturgiczne \u015bwi\u0119to \u015bw. Stanis\u0142awa Kostki, zakonnika, patrona Polski a 21 wrze\u015bnia w pi\u0105tek, \u015bwi\u0119to \u015bw. Mateusz, Aposto\u0142a i Ewangelisty.<\/li>\n<li>Serdecznie dzi\u0119kuj\u0119 tym wszystkim parafianom i go\u015bciom, kt\u00f3rzy dotychczas zasilili nasz fundusz przeznaczony na sprz\u0105tanie i dekoracj\u0119 Ko\u015bcio\u0142a. Przypominam i zach\u0119cam te rodziny i osoby, kt\u00f3re jeszcze tego nie uczyni\u0142y, a kt\u00f3rych sytuacja materialna na to pozwala, aby sk\u0142ada\u0142y zdeklarowan\u0105 kwot\u0119.<\/li>\n<li>\u00a0Od\u00a0 pa\u017adziernika tak, jak w latach poprzednich zmieni si\u0119 organizacja S\u0142u\u017cby Bo\u017cej w naszej parafii. W niedziel\u0119 pozostan\u0105 dwie Msze \u015bw. o godz. 9.00 i 11.00 \u2013 nie \u00a0 b\u0119dzie Mszy \u015bw. o godz. 15.00. W dni powszednie Msza \u015bw. wieczorna b\u0119dzie odprawiana o godzin\u0119 wcze\u015bniej tzn. nie o 19.00, ale o godz. 18.00. We wtorki i czwartki Msza \u015bw. b\u0119dzie odprawiana o godz. 7.00.\u00a0 Nowy porz\u0105dek Mszy \u015bw. od pocz\u0105tku pa\u017adziernika do ko\u0144ca maja b\u0119dzie przedstawia\u0142 si\u0119 nast\u0119puj\u0105co:<br \/>\nNiedziela\u00a0\u00a0\u00a0\u00a0\u00a0\u00a0\u00a0\u00a0 godz.\u00a0\u00a0 9.00 i 11.00<br \/>\nPoniedzia\u0142ek\u00a0\u00a0\u00a0 godz.\u00a0 18.00<br \/>\nWtorek\u00a0\u00a0\u00a0\u00a0\u00a0\u00a0\u00a0\u00a0\u00a0\u00a0\u00a0 godz.\u00a0\u00a0 7.00<br \/>\n\u015aroda\u00a0\u00a0\u00a0\u00a0\u00a0\u00a0\u00a0\u00a0\u00a0\u00a0\u00a0\u00a0\u00a0 godz.\u00a0 18.00<br \/>\nCzwartek\u00a0\u00a0\u00a0\u00a0\u00a0\u00a0\u00a0\u00a0 godz.\u00a0\u00a0 7.00<br \/>\nPi\u0105tek\u00a0\u00a0\u00a0\u00a0\u00a0\u00a0\u00a0\u00a0\u00a0\u00a0\u00a0\u00a0\u00a0 godz. 18.00<br \/>\nSobota\u00a0\u00a0\u00a0\u00a0\u00a0\u00a0\u00a0\u00a0\u00a0\u00a0\u00a0\u00a0 godz. 18.00<\/li>\n<li>Wszystkim naszym parafianom \u00a0i go\u015bciom odpoczywaj\u0105cym w Kuligowie \u017cycz\u0119 mi\u0142ej niedzieli oraz dobrego i \u00a0b\u0142ogos\u0142awionego tygodnia.<\/li>\n<\/ol>\n<p><strong>Intencje Mszalne <\/strong><strong>16 \u2013 23 \u00a0Wrzesie\u0144\u00a0 2018<\/strong><\/p>\n<p><strong>\u00a0<\/strong><strong>Nd.\u00a0 16.IX. 2018\u00a0\u00a0 <\/strong><strong>24\u00a0 NIEDZIELA ZWYK\u0141A<br \/>\n<\/strong>g. 9.00\u00a0 \u00a0\u00a0O Bo\u017ce b\u0142og. i \u0142aski, opiek\u0119 Matki Bo\u017cej dla Natalii Krzeszowskiej w 18 r. urodzin.<br \/>\ng. 11.00 O Bo\u017ce b\u0142og. i \u0142aski, opiek\u0119 Matki Bo\u017cej dla El\u017cbiety i Micha\u0142a Lesickich w rocz. \u015blubu\u00a0 oraz Tomasza c\u00f3rki Gabrysi w 4\u00a0 rocz. urodzin.<br \/>\ng. 15.00 \u00a0+ Edmunda Zmijewskiego i\u00a0 Teres\u0119.<br \/>\n<strong>Pn. \u00a0\u00a0\u00a017. IX<\/strong>\u00a0 \u00a0g. 18.00 \u00a0\u00a0Dzi\u0119kczynna w int. rodzin naszej parafii.<br \/>\n<strong>Wt.\u00a0\u00a0 18. IX<\/strong>\u00a0\u00a0 g.\u00a0 \u00a07.00 \u00a0\u00a0Int. wolna<br \/>\n<strong>\u015ar.\u00a0\u00a0\u00a0 19. IX \u00a0\u00a0<\/strong>g. 19.00\u00a0 \u00a0Int. wolna<br \/>\n<strong>Czw. 20. IX\u00a0\u00a0 <\/strong>g.\u00a0 7.00\u00a0 \u00a0Int. wolna<br \/>\n<strong>Pt.\u00a0\u00a0\u00a0 21. IX \u00a0\u00a0<\/strong>g. 19.00\u00a0 Int. wolna<br \/>\n<strong>Sob. 22. IX<\/strong><br \/>\ng. 17.00 \u00a0\u015alub: Magdalena D\u0105browska i Adam Mr\u00f3z<br \/>\ng. 19.00 Int. wolna<\/p>\n<p><strong>Nd.\u00a0 23.IX. 2018 \u00a0\u00a0<\/strong><strong>25 \u00a0NIEDZIELA ZWYK\u0141A<br \/>\n<\/strong>g. 9.00\u00a0 \u00a0+ Stanis\u0142awa\u00a0 Py\u015bkiewicza.<br \/>\ng. 11.00 \u00a0+ Aniel\u0119 i Wac\u0142awa Ga\u0142eckich.<br \/>\ng. 15.00 \u00a0+\u00a0 Mariann\u0119 i Apolinarego \u0141aszcz; Czes\u0142awa Szpadkiewicza.<\/p>\n","protected":false},"excerpt":{"rendered":"<p>Dzisiaj po Mszy \u015bw. o godz. 11.00 spotkanie i pr\u00f3ba dla kandydat\u00f3w i ministrant\u00f3w przed uroczystym przyj\u0119ciem w poczet S\u0142u\u017cby Liturgicznej O\u0142tarza. W poniedzia\u0142ek 17 wrze\u015bnia b\u0119dziemy prze\u017cywa\u0107 w naszej parafii diecezjalny dzie\u0144 skupienia. Przez ca\u0142odzienn\u0105 Adoracj\u0119 przed Naj\u015bwi\u0119tszym Sakramentem, Msz\u0119 \u015bwi\u0119t\u0105 oraz wsp\u00f3ln\u0105 i indywidualn\u0105 modlitw\u0119 b\u0119dziemy dzi\u0119kowa\u0107 Bogu [&hellip;]<\/p>\n","protected":false},"author":2,"featured_media":0,"comment_status":"closed","ping_status":"closed","sticky":false,"template":"","format":"standard","meta":[],"categories":[2],"tags":[],"_links":{"self":[{"href":"http:\/\/www.parafiakuligow.pl\/index.php\/wp-json\/wp\/v2\/posts\/1135"}],"collection":[{"href":"http:\/\/www.parafiakuligow.pl\/index.php\/wp-json\/wp\/v2\/posts"}],"about":[{"href":"http:\/\/www.parafiakuligow.pl\/index.php\/wp-json\/wp\/v2\/types\/post"}],"author":[{"embeddable":true,"href":"http:\/\/www.parafiakuligow.pl\/index.php\/wp-json\/wp\/v2\/users\/2"}],"replies":[{"embeddable":true,"href":"http:\/\/www.parafiakuligow.pl\/index.php\/wp-json\/wp\/v2\/comments?post=1135"}],"version-history":[{"count":6,"href":"http:\/\/www.parafiakuligow.pl\/index.php\/wp-json\/wp\/v2\/posts\/1135\/revisions"}],"predecessor-version":[{"id":1141,"href":"http:\/\/www.parafiakuligow.pl\/index.php\/wp-json\/wp\/v2\/posts\/1135\/revisions\/1141"}],"wp:attachment":[{"href":"http:\/\/www.parafiakuligow.pl\/index.php\/wp-json\/wp\/v2\/media?parent=1135"}],"wp:term":[{"taxonomy":"category","embeddable":true,"href":"http:\/\/www.parafiakuligow.pl\/index.php\/wp-json\/wp\/v2\/categories?post=1135"},{"taxonomy":"post_tag","embeddable":true,"href":"http:\/\/www.parafiakuligow.pl\/index.php\/wp-json\/wp\/v2\/tags?post=1135"}],"curies":[{"name":"wp","href":"https:\/\/api.w.org\/{rel}","templated":true}]}}