{"id":1132,"date":"2018-09-11T23:50:29","date_gmt":"2018-09-11T21:50:29","guid":{"rendered":"http:\/\/www.parafiakuligow.pl\/?p=1132"},"modified":"2018-09-15T13:07:31","modified_gmt":"2018-09-15T11:07:31","slug":"9-wrzesien-2018-23-niedziela-zwykla","status":"publish","type":"post","link":"http:\/\/www.parafiakuligow.pl\/index.php\/2018\/09\/11\/9-wrzesien-2018-23-niedziela-zwykla\/","title":{"rendered":"9 Wrzesie\u0144 2018 &#8211; 23 NIEDZIELA ZWYK\u0141A"},"content":{"rendered":"<ol>\n<li>W tym tygodniu w pi\u0105tek 14 wrze\u015bnia przypada \u015awi\u0119to Podwy\u017cszenia Krzy\u017ca \u015awi\u0119tego. Msza \u015bw. o godz. <strong>18.00<\/strong>. W parafii D\u0105br\u00f3wka odpust parafialny.<\/li>\n<li>Dzisiejsze ofiary sk\u0142adane na tace w ca\u0142ej naszej diecezji przeznaczone s\u0105 na Wy\u017csze Seminarium Duchowne.<\/li>\n<li>Dzisiaj po Mszy \u015bw. o godz. 11.00 pierwsze powakacyjne spotkanie S\u0142u\u017cby liturgicznej O\u0142tarza. Zapraszam wszystkich ch\u0119tnych ch\u0142opc\u00f3w oraz m\u0142odzie\u0144c\u00f3w.<\/li>\n<li>W dniu dzisiejszym podczas Mszy \u015bw. o godz.11.00 po\u015bwi\u0119cenie przybor\u00f3w szkolnych.<\/li>\n<li>W poniedzia\u0142ek 17 wrze\u015bnia b\u0119dziemy prze\u017cywa\u0107 w naszej parafii diecezjalny dzie\u0144 skupienia.<br \/>\nPrzez ca\u0142odzienn\u0105 Adoracj\u0119 przed Naj\u015bwi\u0119tszym Sakramentem, Msz\u0119 \u015bwi\u0119t\u0105 oraz\u00a0 wsp\u00f3ln\u0105 i indywidualn\u0105 modlitw\u0119 b\u0119dziemy dzi\u0119kowa\u0107 Bogu za ubieg\u0142oroczne nawiedzenie Matki Bo\u017cej w wizerunku Pani Jasnog\u00f3rskiej naszej parafii. B\u0119dziemy te\u017c prosi\u0107\u00a0 o \u00a0Bo\u017ce b\u0142ogos\u0142awie\u0144stwo\u00a0 dla naszych rodzin, pog\u0142\u0119bienie wiary, duchowe przygotowanie do prze\u017cycia Misji \u015bwi\u0119tych w 2019 roku. Szczeg\u00f3\u0142owy program w gablocie. Do wsp\u00f3lnej modlitwy zapraszamy wszystkie zespo\u0142y modlitewne.<\/li>\n<li>Wszystkim naszym parafianom \u00a0i go\u015bciom odpoczywaj\u0105cym w Kuligowie \u017cycz\u0119 mi\u0142ej niedzieli oraz dobrego i \u00a0b\u0142ogos\u0142awionego tygodnia.<\/li>\n<li>Zach\u0119camy do nabywania i czytania prasy katolickiej<\/li>\n<\/ol>\n<p>&nbsp;<\/p>\n<p><strong>Program Diecezjalnego dnia skupienia <\/strong><strong>w parafii p\/w Matki Bo\u017cej Loreta\u0144skiej w Kuligowie <\/strong><strong>17 wrze\u015bnia 2018 r.<\/strong><\/p>\n<p><strong><u>17 \u00a0wrze\u015bnia (poniedzia\u0142ek)<\/u><\/strong><\/p>\n<p><strong>Godz. \u00a0\u00a06.30 \u2013<\/strong> Godzinki o Niepokalanym Pocz\u0119ciu Naj\u015bwi\u0119tszej Maryi \u00a0Panny. Wystawienie Naj\u015bwi\u0119tszego Sakramentu i czuwanie modlitewne.<br \/>\n<strong>Godz.\u00a0\u00a0 8.30 \u2013 <\/strong>Modlitwa r\u00f3\u017ca\u0144cowa<strong> \/ Cz\u0119\u015b\u0107 I, \u00a0Radosna \/<\/strong>.<br \/>\n<strong>Godz.<\/strong> <strong>10.30<\/strong> <strong>\u2013<\/strong> Modlitwa\u00a0 r\u00f3\u017ca\u0144cowa \/ <strong>Cz\u0119\u015b\u0107 II, \u015awiat\u0142a<\/strong> \/.<br \/>\n<strong>Godz. 12.00 \u2013<\/strong> Modlitwa\u00a0 Anio\u0142 Pa\u0144ski<br \/>\n<strong>Godz. 13.00 <\/strong>\u2013 Modlitwa r\u00f3\u017ca\u0144cowa \/ <strong>Cz\u0119\u015b\u0107 III, Bolesna<\/strong> \/.<br \/>\n<strong>Godz.<\/strong> <strong>15.00 &#8211; Godzina Mi\u0142osierdzia.<\/strong> \/ Koronka do Bo\u017cego Mi\u0142osierdzia\/Wierni zgromadz\u0105 si\u0119 na wsp\u00f3lnej modlitwie.<br \/>\n<strong>Godz. 17.00 \u2013<\/strong> Modlitwa\u00a0 r\u00f3\u017ca\u0144cowa \/ <strong>Cz\u0119\u015b\u0107 IV, Chwalebna<\/strong> \/Czuwanie modlitewne\u00a0 przez wszystkich wiernych\u00a0 parafii.<br \/>\n<strong>Godz. 18.00 \u2013 <\/strong><strong>Msza \u015awi\u0119ta dzi\u0119kczynna<\/strong> <strong>w intencji rodzin \u00a0naszej parafii.<\/strong><\/p>\n<p>&nbsp;<\/p>\n<p><strong>Intencje Mszalne <\/strong><strong>09 \u2013 16 \u00a0Wrzesie\u0144\u00a0 2018<\/strong><\/p>\n<p><strong>Nd.\u00a0 09.IX. 2018\u00a0\u00a0 <\/strong><strong>23\u00a0 NIEDZIELA ZWYK\u0141A<br \/>\n<\/strong>g. 9.00\u00a0 + Janin\u0119 W\u00f3jcik w 10r. \u015bm.; Dziadk\u00f3w W\u00f3jcik\u00f3w\u00a0 i\u00a0 Py\u015bkiewicz\u00f3w; Sabin\u0119 \u00a0Pyszkiewicz.<br \/>\ng. 11.00 + Mariusza Migalskiego\u00a0 greg. 27<br \/>\ng. 15.00 \u00a0+ Mariann\u0119, Feliksa i W\u0142odzimierza Piwowarskich.<br \/>\n<strong>Pn. \u00a0\u00a0\u00a010. IX<\/strong>\u00a0 \u00a0g. 19.00 + Mariusza Migalskiego\u00a0 greg. 28<br \/>\n<strong>Wt.\u00a0\u00a0 11. IX<\/strong>\u00a0\u00a0 g.\u00a0 7.00 \u00a0+ Mariusza Migalskiego\u00a0 greg. 29<br \/>\n<strong>\u015ar.\u00a0\u00a0\u00a0 12. IX \u00a0\u00a0<\/strong>g. 19.00\u00a0 + Mariusza Migalskiego\u00a0 greg. 30<br \/>\n<strong>Czw. 13. IX\u00a0\u00a0 <\/strong>g.\u00a0 7.00\u00a0 + Mieczys\u0142awa w 30 r. \u015bm.; Mari\u0119 i Henryka Szulc;\u00a0 Zm. z rodz. Sobolewskich<br \/>\n<strong>Pt.\u00a0\u00a0\u00a0 14. IX \u00a0\u00a0<\/strong>g. 18.00\u00a0 Int. wolna<br \/>\n<strong>Sob. 15. IX<\/strong><br \/>\ng. 16.00 \u00a0\u015alub: Monika Jusi\u0144ska i Kamil Janik<br \/>\ng. 19.00 + Ann\u0119, Zygmunta, Jadwig\u0119 Liszewskich.<br \/>\n<strong>Nd.\u00a0 16.IX. 2018 \u00a0\u00a0<\/strong><strong>24 \u00a0NIEDZIELA ZWYK\u0141A<br \/>\n<\/strong>g. 9.00\u00a0 \u00a0\u00a0O Bo\u017ce b\u0142og. i \u0142aski, opiek\u0119 Matki Bo\u017cej dla Natalii Krzeszowskiej w 18 r. urodzin.<br \/>\ng. 11.00 \u00a0\u00a0O Bo\u017ce b\u0142og. i \u0142aski, opiek\u0119 Matki Bo\u017cej dla Tomasza i c\u00f3rki Gabrysi.<br \/>\ng. 15.00 \u00a0+ Edmunda Zmijewskiego i \u00a0Teres\u0119.<\/p>\n","protected":false},"excerpt":{"rendered":"<p>W tym tygodniu w pi\u0105tek 14 wrze\u015bnia przypada \u015awi\u0119to Podwy\u017cszenia Krzy\u017ca \u015awi\u0119tego. Msza \u015bw. o godz. 18.00. W parafii D\u0105br\u00f3wka odpust parafialny. Dzisiejsze ofiary sk\u0142adane na tace w ca\u0142ej naszej diecezji przeznaczone s\u0105 na Wy\u017csze Seminarium Duchowne. Dzisiaj po Mszy \u015bw. o godz. 11.00 pierwsze powakacyjne spotkanie S\u0142u\u017cby liturgicznej O\u0142tarza. [&hellip;]<\/p>\n","protected":false},"author":2,"featured_media":0,"comment_status":"closed","ping_status":"closed","sticky":false,"template":"","format":"standard","meta":[],"categories":[2],"tags":[],"_links":{"self":[{"href":"http:\/\/www.parafiakuligow.pl\/index.php\/wp-json\/wp\/v2\/posts\/1132"}],"collection":[{"href":"http:\/\/www.parafiakuligow.pl\/index.php\/wp-json\/wp\/v2\/posts"}],"about":[{"href":"http:\/\/www.parafiakuligow.pl\/index.php\/wp-json\/wp\/v2\/types\/post"}],"author":[{"embeddable":true,"href":"http:\/\/www.parafiakuligow.pl\/index.php\/wp-json\/wp\/v2\/users\/2"}],"replies":[{"embeddable":true,"href":"http:\/\/www.parafiakuligow.pl\/index.php\/wp-json\/wp\/v2\/comments?post=1132"}],"version-history":[{"count":2,"href":"http:\/\/www.parafiakuligow.pl\/index.php\/wp-json\/wp\/v2\/posts\/1132\/revisions"}],"predecessor-version":[{"id":1134,"href":"http:\/\/www.parafiakuligow.pl\/index.php\/wp-json\/wp\/v2\/posts\/1132\/revisions\/1134"}],"wp:attachment":[{"href":"http:\/\/www.parafiakuligow.pl\/index.php\/wp-json\/wp\/v2\/media?parent=1132"}],"wp:term":[{"taxonomy":"category","embeddable":true,"href":"http:\/\/www.parafiakuligow.pl\/index.php\/wp-json\/wp\/v2\/categories?post=1132"},{"taxonomy":"post_tag","embeddable":true,"href":"http:\/\/www.parafiakuligow.pl\/index.php\/wp-json\/wp\/v2\/tags?post=1132"}],"curies":[{"name":"wp","href":"https:\/\/api.w.org\/{rel}","templated":true}]}}