{"id":1125,"date":"2018-09-03T22:39:13","date_gmt":"2018-09-03T20:39:13","guid":{"rendered":"http:\/\/www.parafiakuligow.pl\/?p=1125"},"modified":"2018-09-03T22:39:13","modified_gmt":"2018-09-03T20:39:13","slug":"2-wrzesien-2018-22-niedziela-zwykla","status":"publish","type":"post","link":"http:\/\/www.parafiakuligow.pl\/index.php\/2018\/09\/03\/2-wrzesien-2018-22-niedziela-zwykla\/","title":{"rendered":"2 Wrzesie\u0144 2018 &#8211; 22 NIEDZIELA ZWYK\u0141A"},"content":{"rendered":"<ol>\n<li>Do Sakramentu Ma\u0142\u017ce\u0144stwa przygotowuj\u0105 si\u0119 nast\u0119puj\u0105ce osoby:<br \/>\n<strong>Marcin Czarnowski<\/strong>, kawaler z par. tutejszej, oraz<br \/>\n<strong>Patrycja Anna Wojda,<\/strong> panna z par. \u015bw. Jana Paw\u0142a II &#8211; Radzymin, <strong>zapowied\u017a II<\/strong>.<br \/>\nPolecamy tych narzeczonych modlitwie wiernych. Kto by wiedzia\u0142 o\u00a0 przeszkodach zachodz\u0105cych mi\u0119dzy tymi osobami, proszony jest o poinformowanie w kancelarii\u00a0 parafialnej.<\/li>\n<li>Dzisiaj z racji I \u00a0niedzieli miesi\u0105ca po Mszy \u015bw. o godz. 11.00 wystawienie Naj\u015bwi\u0119tszego Sakramentu i Adoracja Eucharystyczna.<\/li>\n<li>W tym tygodniu rozpoczyna si\u0119 nowy rok szkolny. Pami\u0119tajmy, by rozpocz\u0105\u0107 go wstanie \u0142aski u\u015bwi\u0119caj\u0105cej. Po\u015bwi\u0119cenie przybor\u00f3w szkolnych w zwi\u0105zku z nowym rokiem szkolnym w przysz\u0142\u0105 niedziel\u0119 9 wrze\u015bnia na Mszy \u015bw. o godz. 11.00. Zapraszamy w spos\u00f3b szczeg\u00f3lny dzieci z klas 0 i 1.<\/li>\n<li>7 wrze\u015bnia przypada pierwszy pi\u0105tek miesi\u0105ca, okazja i mo\u017cliwo\u015b\u0107 spowiedzi od godz.18.30. Msza \u015bwi\u0119ta do Naj\u015bwi\u0119tszego Serca Pana Jezusa o godz. 19.00.<\/li>\n<li>W sobot\u0119 8 wrze\u015bnia przypada liturgiczne \u015bwi\u0119to \u015bw. Narodzenia NM Panny \/ Matki Bo\u017cej Siewnej \/.<\/li>\n<li>Dzisiaj w naszej diecezji po Mszach \u015bw. zbi\u00f3rka do puszek na Katolicki O\u015brodek Adopcyjny. Za tydzie\u0144 taca na Seminarium Duchowne.<\/li>\n<li>Od dzisiejszej niedzieli jest\u00a0 ju\u017c\u00a0 ksi\u0105\u017cka intencji mszalnych na przysz\u0142y rok. Mo\u017cemy zamawia\u0107 Msze \u015bw. na 2019 rok.<\/li>\n<li>Wszystkim naszym parafianom \u00a0i go\u015bciom odpoczywaj\u0105cym w Kuligowie \u017cycz\u0119 mi\u0142ej niedzieli oraz dobrego i \u00a0b\u0142ogos\u0142awionego tygodnia.<\/li>\n<li>Zach\u0119camy do nabywania i czytania Prasy katolickiej<\/li>\n<\/ol>\n<p><strong>\u00a0<\/strong><strong>Intencje Mszalne <\/strong><strong>02 \u2013 09 \u00a0Wrzesie\u0144\u00a0 <\/strong><strong>\u00a0\u00a0\u00a0\u00a0\u00a0\u00a0\u00a0\u00a0\u00a0\u00a0\u00a0\u00a0\u00a0\u00a0\u00a0\u00a0\u00a0\u00a0\u00a0\u00a0\u00a0\u00a0\u00a0 <\/strong><\/p>\n<p><strong>Nd.\u00a0 02.IX. 2018\u00a0\u00a0 \u00a0<\/strong><strong>22 \u00a0NIEDZIELA ZWYK\u0141A<br \/>\n<\/strong>g. 8.00\u00a0 + Mariusza Migalskiego\u00a0 greg. 20<br \/>\ng. 9.00\u00a0 Int. zam.<br \/>\ng. 11.00 + Stefani\u0119 i Stefana Za\u0142\u0119skich<br \/>\ng. 15.00 Int. zam.<br \/>\n<strong>Pn. \u00a0\u00a0\u00a003. IX<\/strong>\u00a0\u00a0 g. 19.00 + Mariusza Migalskiego\u00a0 greg. 21<br \/>\n<strong>Wt.\u00a0\u00a0 04. IX<\/strong>\u00a0\u00a0 g.\u00a0 7.00 \u00a0+ Mariusza Migalskiego\u00a0 greg. 22<br \/>\n<strong>\u015ar.\u00a0\u00a0\u00a0 05. IX \u00a0\u00a0<\/strong>g. 19.00\u00a0 + Mariusza Migalskiego\u00a0 greg. 23<br \/>\n<strong>Czw. 06. IX\u00a0\u00a0 <\/strong>g.\u00a0 7.00\u00a0 + Mariusza Migalskiego\u00a0 greg. 24<br \/>\n<strong>Pt.\u00a0\u00a0\u00a0 07. IX \u00a0\u00a0<\/strong>g. 19.00\u00a0 + Mariusza Migalskiego\u00a0 greg. 25<br \/>\n<strong>Sob. 08. IX<\/strong><br \/>\ng. 18.00 \u00a0\u015alub:\u00a0 Jagoda Pa\u0142aszewska i\u00a0 Wojciech Lewandowski<br \/>\ng. 19.00 + Mariusza Migalskiego\u00a0 greg. 26<br \/>\n<strong>Nd.\u00a0 09.IX. 2018 \u00a0\u00a0<\/strong><strong>23 \u00a0NIEDZIELA ZWYK\u0141A<br \/>\n<\/strong>g. 9.00\u00a0 + Janin\u0119 W\u00f3jcik w 10r. \u015bm.; Dziadk\u00f3w W\u00f3jcik\u00f3w\u00a0 i\u00a0 Py\u015bkiewicz\u00f3w; Sabin\u0119 Py\u015bkiewicz.<br \/>\ng. 11.00 + Mariusza Migalskiego\u00a0 greg. 27<br \/>\ng. 15.00 \u00a0int. wolna<\/p>\n","protected":false},"excerpt":{"rendered":"<p>Do Sakramentu Ma\u0142\u017ce\u0144stwa przygotowuj\u0105 si\u0119 nast\u0119puj\u0105ce osoby: Marcin Czarnowski, kawaler z par. tutejszej, oraz Patrycja Anna Wojda, panna z par. \u015bw. Jana Paw\u0142a II &#8211; Radzymin, zapowied\u017a II. Polecamy tych narzeczonych modlitwie wiernych. Kto by wiedzia\u0142 o\u00a0 przeszkodach zachodz\u0105cych mi\u0119dzy tymi osobami, proszony jest o poinformowanie w kancelarii\u00a0 parafialnej. Dzisiaj [&hellip;]<\/p>\n","protected":false},"author":2,"featured_media":0,"comment_status":"closed","ping_status":"closed","sticky":false,"template":"","format":"standard","meta":[],"categories":[2],"tags":[],"_links":{"self":[{"href":"http:\/\/www.parafiakuligow.pl\/index.php\/wp-json\/wp\/v2\/posts\/1125"}],"collection":[{"href":"http:\/\/www.parafiakuligow.pl\/index.php\/wp-json\/wp\/v2\/posts"}],"about":[{"href":"http:\/\/www.parafiakuligow.pl\/index.php\/wp-json\/wp\/v2\/types\/post"}],"author":[{"embeddable":true,"href":"http:\/\/www.parafiakuligow.pl\/index.php\/wp-json\/wp\/v2\/users\/2"}],"replies":[{"embeddable":true,"href":"http:\/\/www.parafiakuligow.pl\/index.php\/wp-json\/wp\/v2\/comments?post=1125"}],"version-history":[{"count":1,"href":"http:\/\/www.parafiakuligow.pl\/index.php\/wp-json\/wp\/v2\/posts\/1125\/revisions"}],"predecessor-version":[{"id":1126,"href":"http:\/\/www.parafiakuligow.pl\/index.php\/wp-json\/wp\/v2\/posts\/1125\/revisions\/1126"}],"wp:attachment":[{"href":"http:\/\/www.parafiakuligow.pl\/index.php\/wp-json\/wp\/v2\/media?parent=1125"}],"wp:term":[{"taxonomy":"category","embeddable":true,"href":"http:\/\/www.parafiakuligow.pl\/index.php\/wp-json\/wp\/v2\/categories?post=1125"},{"taxonomy":"post_tag","embeddable":true,"href":"http:\/\/www.parafiakuligow.pl\/index.php\/wp-json\/wp\/v2\/tags?post=1125"}],"curies":[{"name":"wp","href":"https:\/\/api.w.org\/{rel}","templated":true}]}}