{"id":1120,"date":"2018-08-27T17:04:27","date_gmt":"2018-08-27T15:04:27","guid":{"rendered":"http:\/\/www.parafiakuligow.pl\/?p=1120"},"modified":"2018-09-03T22:33:36","modified_gmt":"2018-09-03T20:33:36","slug":"26-sierpien-2018-21-niedziela-zwykla-najswietszej-maryi-panny-czestochowskiej","status":"publish","type":"post","link":"http:\/\/www.parafiakuligow.pl\/index.php\/2018\/08\/27\/26-sierpien-2018-21-niedziela-zwykla-najswietszej-maryi-panny-czestochowskiej\/","title":{"rendered":"26 Sierpie\u0144 2018 &#8211; 21 NIEDZIELA ZWYK\u0141A &#8211; NAJ\u015aWI\u0118TSZEJ MARYI PANNY CZ\u0118STOCHOWSKIEJ"},"content":{"rendered":"<ol>\n<li>Do Sakramentu Ma\u0142\u017ce\u0144stwa przygotowuj\u0105 si\u0119 nast\u0119puj\u0105ce osoby:<br \/>\n<strong>Marcin Czarnowski<\/strong>, kawaler z par. tutejszej, oraz<br \/>\n<strong>Patrycja Anna Wojda,<\/strong> panna z par. \u015bw. Jana Paw\u0142a II &#8211; Radzymin, <strong>zapowied\u017a\u00a0 I<\/strong>.<br \/>\nPolecamy tych narzeczonych modlitwie wiernych.<br \/>\nKto by wiedzia\u0142 o\u00a0 przeszkodach zachodz\u0105cych mi\u0119dzy tymi osobami, proszony jest o poinformowanie w kancelarii\u00a0 parafialnej.<\/li>\n<li>Serdecznie dzi\u0119kuj\u0119 za udzia\u0142 w uroczysto\u015bci odpustowej, kt\u00f3r\u0105 obchodzili\u015bmy w minion\u0105 niedziel\u0119. Szczeg\u00f3lne podzi\u0119kowania kieruj\u0119 do tych os\u00f3b, kt\u00f3re zatroszczy\u0142y si\u0119 o wystr\u00f3j naszej \u015bwi\u0105tyni, oraz tym, kt\u00f3rzy aktywnie w\u0142\u0105czyli si\u0119 w nasz\u0105 odpustow\u0105 procesj\u0119, aby mog\u0142a by\u0107 uroczysta i okaza\u0142a. Wyrazy podzi\u0119kowania sk\u0142adam wobec tych wszystkich os\u00f3b, kt\u00f3re udekorowa\u0142y nasze krzy\u017ce na pi\u0105tkow\u0105 procesj\u0119 dzi\u0119kczynn\u0105 ulicami Kuligowa.<\/li>\n<li>W przysz\u0142\u0105 niedziel\u0119 po Mszy \u015bw. o godz. 11.00 z racji I niedzieli miesi\u0105ca, wystawienie Naj\u015bwi\u0119tszego Sakramentu i Adoracja Eucharystyczna.<\/li>\n<li>1-go wrze\u015bnia przypada 79 rocznica wybuchu II wojny \u015bwiatowej. W swoich modlitwach pami\u0119tajmy o tych, kt\u00f3rzy oddali swoje \u017cycie w obronie Ojczyzny.<\/li>\n<li>W tym tygodniu przypada pierwsza sobota miesi\u0105ca. Msza \u015bw. o Niepokalanym sercu Naj\u015bwi\u0119tszej Maryi Panny o godz. 19.00. Na t\u0119 Msz\u0119 \u015bw. w spos\u00f3b szczeg\u00f3lny zapraszam Ko\u0142a \u017bywego R\u00f3\u017ca\u0144ca.<\/li>\n<li>Za tydzie\u0144 2 wrze\u015bnia zbi\u00f3rka do puszek na Katolicki O\u015brodek Adopcyjny, a za dwa tygodnie taca na Wy\u017csze Seminarium Duchowne.<\/li>\n<li>Od przysz\u0142ej niedzieli b\u0119dzie ju\u017c ksi\u0105\u017cka intencji mszalnych na przysz\u0142y rok. B\u0119dzie mo\u017cna zamawia\u0107 Msze \u015bw. na 2019 rok.<\/li>\n<li>Wszystkim naszym parafianom i go\u015bciom odpoczywaj\u0105cym w Kuligowie \u017cycz\u0119 mi\u0142ej niedzieli oraz dobrego i \u00a0b\u0142ogos\u0142awionego tygodnia.<\/li>\n<\/ol>\n<p><strong>Intencje Mszalne <\/strong><strong>26 sierpie\u0144 \u2013 02 Wrzesie\u0144\u00a0 2018<\/strong><\/p>\n<p><strong>\u00a0\u00a0\u00a0\u00a0\u00a0\u00a0\u00a0\u00a0\u00a0\u00a0\u00a0\u00a0\u00a0\u00a0\u00a0\u00a0\u00a0\u00a0\u00a0\u00a0\u00a0\u00a0\u00a0\u00a0\u00a0\u00a0\u00a0\u00a0\u00a0 <\/strong><\/p>\n<p><strong>Nd.\u00a0 26. VIII. 2018\u00a0\u00a0 \u00a0<\/strong><strong>21 NIEDZIELA ZWYK\u0141A <\/strong><strong>NAJ\u015aWI\u0118TSZEJ MARYI PANNY CZ\u0118STOCHOWSKIEJ<br \/>\n<\/strong>g. 9.00\u00a0 + Wojciecha Krawczy\u0144skiego w 1 rocz. \u015bm.; Iwon\u0119 i Ann\u0119 Krawczy\u0144skich.<br \/>\ng. 11.00 + Ann\u0119 Karasiewicz<br \/>\ng. 12.00 + Mariusza Migalskiego\u00a0 greg. 13<br \/>\ng. 15.00 Int. zam.<br \/>\n<strong>Pn. \u00a0\u00a0\u00a027. VIII<\/strong><br \/>\ng. 18.30 + Mariusza Migalskiego\u00a0 greg. 14<br \/>\ng. 19.00 + Jana Koc<br \/>\n<strong>Wt.\u00a0\u00a0 28. VIII<\/strong>\u00a0\u00a0\u00a0 g.\u00a0 7.00\u00a0 + Mariusza Migalskiego greg. 15<br \/>\n<strong>\u015ar.\u00a0\u00a0\u00a0 29. VIII<br \/>\n<\/strong>g. 18.30 + Stanis\u0142aw\u0119, Jana i Grzegorza Nyczk\u0119. Franciszk\u0119, Edmunda i Bart\u0142omieja Krawu\u015b.<br \/>\ng. 19.00 + Mariusza Migalskiego greg. 16<br \/>\n<strong>Czw. 30. VIII \u00a0\u00a0\u00a0<\/strong>g.\u00a0 7.00\u00a0 + Mariusza Migalskiego greg. 17<br \/>\n<strong>Pt.\u00a0\u00a0\u00a0 31. VIII \u00a0\u00a0\u00a0<\/strong>g. 19.00 \u00a0+ Mariusza Migalskiego greg. 18<br \/>\n<strong>Sob. \u00a001. IX<\/strong><br \/>\ng. 18.30\u00a0 + Mariusza Migalskiego greg. 19<br \/>\ng. 19.00 + Stanis\u0142aw\u0119 Kuligowsk\u0105 w 7 rocz. \u015bm. Henryka Kuligowskiego; Edwarda i Teres\u0119 Skocze\u0144.<br \/>\n<strong>Nd.\u00a0 02.IX. 2018 \u00a0\u00a0<\/strong><strong>22 NIEDZIELA ZWYK\u0141A<br \/>\n<\/strong>g. 9.00\u00a0 Int. zam.<br \/>\ng. 11.00 Int. zam.<br \/>\ng. 12.00 + Mariusza Migalskiego\u00a0 greg. 20<br \/>\ng. 15.00 \u00a0\u00a0\u00a0\u00a0Int. zam.<\/p>\n","protected":false},"excerpt":{"rendered":"<p>Do Sakramentu Ma\u0142\u017ce\u0144stwa przygotowuj\u0105 si\u0119 nast\u0119puj\u0105ce osoby: Marcin Czarnowski, kawaler z par. tutejszej, oraz Patrycja Anna Wojda, panna z par. \u015bw. Jana Paw\u0142a II &#8211; Radzymin, zapowied\u017a\u00a0 I. Polecamy tych narzeczonych modlitwie wiernych. Kto by wiedzia\u0142 o\u00a0 przeszkodach zachodz\u0105cych mi\u0119dzy tymi osobami, proszony jest o poinformowanie w kancelarii\u00a0 parafialnej. Serdecznie [&hellip;]<\/p>\n","protected":false},"author":2,"featured_media":0,"comment_status":"closed","ping_status":"closed","sticky":false,"template":"","format":"standard","meta":[],"categories":[2],"tags":[],"_links":{"self":[{"href":"http:\/\/www.parafiakuligow.pl\/index.php\/wp-json\/wp\/v2\/posts\/1120"}],"collection":[{"href":"http:\/\/www.parafiakuligow.pl\/index.php\/wp-json\/wp\/v2\/posts"}],"about":[{"href":"http:\/\/www.parafiakuligow.pl\/index.php\/wp-json\/wp\/v2\/types\/post"}],"author":[{"embeddable":true,"href":"http:\/\/www.parafiakuligow.pl\/index.php\/wp-json\/wp\/v2\/users\/2"}],"replies":[{"embeddable":true,"href":"http:\/\/www.parafiakuligow.pl\/index.php\/wp-json\/wp\/v2\/comments?post=1120"}],"version-history":[{"count":3,"href":"http:\/\/www.parafiakuligow.pl\/index.php\/wp-json\/wp\/v2\/posts\/1120\/revisions"}],"predecessor-version":[{"id":1124,"href":"http:\/\/www.parafiakuligow.pl\/index.php\/wp-json\/wp\/v2\/posts\/1120\/revisions\/1124"}],"wp:attachment":[{"href":"http:\/\/www.parafiakuligow.pl\/index.php\/wp-json\/wp\/v2\/media?parent=1120"}],"wp:term":[{"taxonomy":"category","embeddable":true,"href":"http:\/\/www.parafiakuligow.pl\/index.php\/wp-json\/wp\/v2\/categories?post=1120"},{"taxonomy":"post_tag","embeddable":true,"href":"http:\/\/www.parafiakuligow.pl\/index.php\/wp-json\/wp\/v2\/tags?post=1120"}],"curies":[{"name":"wp","href":"https:\/\/api.w.org\/{rel}","templated":true}]}}