{"id":1115,"date":"2018-08-20T10:38:29","date_gmt":"2018-08-20T08:38:29","guid":{"rendered":"http:\/\/www.parafiakuligow.pl\/?p=1115"},"modified":"2018-08-22T12:11:28","modified_gmt":"2018-08-22T10:11:28","slug":"19-sierpien-2018-20-niedziela-zwykla","status":"publish","type":"post","link":"http:\/\/www.parafiakuligow.pl\/index.php\/2018\/08\/20\/19-sierpien-2018-20-niedziela-zwykla\/","title":{"rendered":"19 Sierpie\u0144 2018 &#8211; 20 NIEDZIELA ZWYK\u0141A"},"content":{"rendered":"<ol>\n<li>Dzisiaj w naszej parafii obchodzimy odpust ku czci Matki Bo\u017cej Loreta\u0144skiej.\u00a0Sum\u0119 odpustow\u0105 o godz.11.00 odprawi i kazanie wyg\u0142osi ks. Dariusz Jankiewicz ze gromadzenia Ksi\u0119\u017cy Werbist\u00f3w. Po Mszy \u015bw. uroczysta procesja.\u00a0Do wsp\u00f3lnej modlitwy i orszaku procesyjnego serdecznie zapraszam asyst\u0119 liturgiczn\u0105, Ochotnicz\u0105 Stra\u017c Po\u017carn\u0105, dzieci, m\u0142odzie\u017c, parafian i wszystkich go\u015bci.<\/li>\n<li>W pi\u0105tek 24 sierpnia liturgiczne \u015bwi\u0119to \u015bw. Bart\u0142omieja Aposto\u0142a. W tym dniu wyruszymy w nasz\u0105 doroczn\u0105 dzi\u0119kczynn\u0105 procesj\u0119 do krzy\u017cy w Kuligowie. Trasa tradycyjna: zaczynamy o godz. 17.00 przy krzy\u017cu na skraju Kuligowa od strony Za\u0142ubic, a zako\u0144czenie przy ko\u015bciele. Po procesji Msza \u015bw. Zatroszczmy si\u0119 o dekoracj\u0119 naszych krzy\u017cy, aby by\u0142y one dobrym \u015bwiadectwem naszej wiary.<\/li>\n<li>Za tydzie\u0144 w niedziel\u0119 26 sierpnia przypada Uroczysto\u015b\u0107 NMP Cz\u0119stochowskiej. Msze \u015bw. wg porz\u0105dku niedzielnego. W tym dniu przypadaj\u0105 tegoroczne do\u017cynki diecezji Warszawsko \u2013 Praskiej. Odb\u0119d\u0105 si\u0119 one w parafii p\/w. \u015bw. Wawrzy\u0144ca w Gliniance \/ powiat Otwocki \/.\u00a0Uroczyst\u0105 Msz\u0105 \u015bw. podzi\u0119kujemy Bogu za tegoroczne zbiory.<\/li>\n<li>Wszystkim naszym parafianom i go\u015bciom odpoczywaj\u0105cym w Kuligowie \u017cycz\u0119 mi\u0142ej niedzieli oraz dobrego i b\u0142ogos\u0142awionego tygodnia.<\/li>\n<li>Zach\u0119camy do czytania prasy katolickiej.<\/li>\n<\/ol>\n<p><strong>Intencje Mszalne <\/strong><strong>19 \u00a0\u2013 26 \u00a0Sierpie\u0144\u00a0 2018<\/strong><\/p>\n<p><strong>Nd.\u00a0 19. VIII. 2018\u00a0\u00a0 <\/strong><strong>20\u00a0 NIEDZIELA\u00a0 ZWYK\u0141A \/ ODPUST \/<br \/>\n<\/strong>g. 7.00\u00a0 + Mariusza Migalskiego\u00a0 greg. 6<br \/>\ng. 9.00\u00a0 + Wojciecha Horody\u0144skiego w 6 rocz. \u015bm.<br \/>\ng. 11.00 Za Parafian \/ Suma odpustowa \/<br \/>\n<strong>Pn. \u00a0\u00a0\u00a020. VIII<\/strong><br \/>\ng. 18.30 + Mariusza Migalskiego\u00a0 greg. 7<br \/>\ng. 19.00 \u00a0\u00a0Int. zam.<br \/>\n<strong>Wt.\u00a0\u00a0 21. VIII<\/strong>\u00a0\u00a0\u00a0 g.\u00a0 7.00\u00a0 + Mariusza Migalskiego greg. 8<br \/>\n<strong>\u015ar.\u00a0\u00a0\u00a0 22. VIII \u00a0\u00a0\u00a0<\/strong>g. 19.00 + Mariusza Migalskiego\u00a0 greg. 9<br \/>\n<strong>Czw. 23. VIII \u00a0\u00a0\u00a0<\/strong>g.\u00a0 7.00\u00a0 + Mariusza Migalskiego greg. 10<br \/>\n<strong>Pt.\u00a0\u00a0\u00a0 24. VIII<br \/>\ng. 17.00 \u00a0Procesja do krzy\u017cy<br \/>\n<\/strong>g. 19.00 + Mariusza Migalskiego greg. 11<br \/>\n<strong>Sob. \u00a025. VIII<\/strong> \u00a0\u00a0g. 19.00\u00a0 + Mariusza Migalskiego greg. 12<br \/>\n<strong>Nd.\u00a0 26. VIII. 2018 \u00a0\u00a0<\/strong><strong>21 NIEDZIELA ZWYK\u0141A <\/strong><strong>NAJ\u015aWI\u0118TRZEJ MARYI PANNY CZ\u0118STOCHOWSKIEJ<\/strong><strong><br \/>\n<\/strong>g. 9.00\u00a0 + Wojciecha Krawczy\u0144skiego w 1 rocz. \u015bm.; Iwon\u0119 i Ann\u0119 Krawczy\u0144skich<br \/>\ng. 11.00 + Ann\u0119 Karasiewicz<br \/>\ng. 12.00 + Mariusza Migalskiego\u00a0 greg. 13<br \/>\ng. 15.00 \u00a0\u00a0\u00a0\u00a0Int. zam.<\/p>\n","protected":false},"excerpt":{"rendered":"<p>Dzisiaj w naszej parafii obchodzimy odpust ku czci Matki Bo\u017cej Loreta\u0144skiej.\u00a0Sum\u0119 odpustow\u0105 o godz.11.00 odprawi i kazanie wyg\u0142osi ks. Dariusz Jankiewicz ze gromadzenia Ksi\u0119\u017cy Werbist\u00f3w. Po Mszy \u015bw. uroczysta procesja.\u00a0Do wsp\u00f3lnej modlitwy i orszaku procesyjnego serdecznie zapraszam asyst\u0119 liturgiczn\u0105, Ochotnicz\u0105 Stra\u017c Po\u017carn\u0105, dzieci, m\u0142odzie\u017c, parafian i wszystkich go\u015bci. W pi\u0105tek [&hellip;]<\/p>\n","protected":false},"author":2,"featured_media":0,"comment_status":"closed","ping_status":"closed","sticky":false,"template":"","format":"standard","meta":[],"categories":[2],"tags":[],"_links":{"self":[{"href":"http:\/\/www.parafiakuligow.pl\/index.php\/wp-json\/wp\/v2\/posts\/1115"}],"collection":[{"href":"http:\/\/www.parafiakuligow.pl\/index.php\/wp-json\/wp\/v2\/posts"}],"about":[{"href":"http:\/\/www.parafiakuligow.pl\/index.php\/wp-json\/wp\/v2\/types\/post"}],"author":[{"embeddable":true,"href":"http:\/\/www.parafiakuligow.pl\/index.php\/wp-json\/wp\/v2\/users\/2"}],"replies":[{"embeddable":true,"href":"http:\/\/www.parafiakuligow.pl\/index.php\/wp-json\/wp\/v2\/comments?post=1115"}],"version-history":[{"count":3,"href":"http:\/\/www.parafiakuligow.pl\/index.php\/wp-json\/wp\/v2\/posts\/1115\/revisions"}],"predecessor-version":[{"id":1119,"href":"http:\/\/www.parafiakuligow.pl\/index.php\/wp-json\/wp\/v2\/posts\/1115\/revisions\/1119"}],"wp:attachment":[{"href":"http:\/\/www.parafiakuligow.pl\/index.php\/wp-json\/wp\/v2\/media?parent=1115"}],"wp:term":[{"taxonomy":"category","embeddable":true,"href":"http:\/\/www.parafiakuligow.pl\/index.php\/wp-json\/wp\/v2\/categories?post=1115"},{"taxonomy":"post_tag","embeddable":true,"href":"http:\/\/www.parafiakuligow.pl\/index.php\/wp-json\/wp\/v2\/tags?post=1115"}],"curies":[{"name":"wp","href":"https:\/\/api.w.org\/{rel}","templated":true}]}}