{"id":111,"date":"2015-08-07T16:00:38","date_gmt":"2015-08-07T14:00:38","guid":{"rendered":"http:\/\/www.parafiakuligow.pl\/?p=111"},"modified":"2015-08-07T16:00:38","modified_gmt":"2015-08-07T14:00:38","slug":"9-sierpien-2015-r-xix-niedziela-zwykla","status":"publish","type":"post","link":"http:\/\/www.parafiakuligow.pl\/index.php\/2015\/08\/07\/9-sierpien-2015-r-xix-niedziela-zwykla\/","title":{"rendered":"9 sierpie\u0144 2015 r.  XIX niedziela zwyk\u0142a"},"content":{"rendered":"<p>1. Dzi\u015b po Mszy \u015bw. o godz. 11.00 spotkanie Rady Parafialnej.<\/p>\n<p>2. Za dwa tygodnie w niedziel\u0119 23 sierpnia na Mszy \u015bw. o godz. 12.00 ks. Biskup Kazimierz Romaniuk dokona konsekracji naszego ko\u015bcio\u0142a. Czas jaki dzieli nas od tej Uroczysto\u015bci prze\u017cyjmy w namy\u015ble nad znaczeniem Sacrum w \u017cyciu osobistym i wsp\u00f3lnotowym oraz w duchu wdzi\u0119czno\u015bci za nasz\u0105 \u015bwi\u0105tyni\u0119. W\u0142\u0105czmy te\u017c t\u0119 intencj\u0119 do swojej prywatnej modlitwy.<\/p>\n<p>3. W zwi\u0105zku z tym za dwa tygodnie, w niedziel\u0119 23 sierpnia b\u0119d\u0105 dwie Msze \u015bw. O godz. 9.00 i o godz. 12.00 &#8211; Msza Konsekracyjna. Nie b\u0119dzie wi\u0119c Mszy o 11.00 i o 15.00.<\/p>\n<p>4. Uroczysto\u015b\u0107 Po\u015bwi\u0119cenia \u015bwi\u0105tyni \u2013 podobnie jak wesele w rodzinie \u2013 wymaga te\u017c naszej mobilizacji finansowej. Gdyby parafianie a tak\u017ce nasi go\u015bcie zwi\u0105zani z Kuligowem mogli wspom\u00f3c materialnie to przedsi\u0119wzi\u0119cie to przedstawiciele Rady Parafialnej dzisiaj i za tydzie\u0144 po ka\u017cdej Mszy \u015bw. przed ko\u015bcio\u0142em b\u0119d\u0105 zbiera\u0107 na ten cel dobrowolne ofiary. Ofiary mo\u017cna tak\u017ce sk\u0142ada\u0107 bezpo\u015brednio do ks. Proboszcza.<\/p>\n<p>5. W najbli\u017csz\u0105 sobot\u0119 15 sierpnia Uroczysto\u015b\u0107 Wniebowzi\u0119cia NMP. To jednocze\u015bnie \u015awi\u0119to Matki Bo\u017cej Zwyci\u0119skiej \u2013 g\u0142\u00f3wnej Patronki diecezji warszawsko-praskiej, 95 rocznica zwyci\u0119skiej Bitwy Warszawskiej zwanej \u201eCudem nad Wis\u0142\u0105\u201d i \u015awi\u0119to Wojska Polskiego. Maj\u0105c tyle powod\u00f3w do modlitwy zapraszamy na Msze \u015bw. W naszym ko\u015bciele o godz. 9.00 i 11.00. Po ka\u017cdej Mszy \u015bw. b\u0142ogos\u0142awie\u0144stwo zi\u00f3\u0142 i kwiat\u00f3w.<\/p>\n<p>6. Wszystkie og\u0142oszenia znajdziemy te\u017c w gablocie i na stronie internetowej naszej parafii.<\/p>\n<p>7. Intencje mszalne w tym tygodniu<\/p>\n<p>pn 10.08 g. 19.00 \u00a0+ Janusza Pielaka \u2013 gregoria\u0144ska 29<\/p>\n<p>wt 11.08 \u00a0g. 19.00 \u00a0+ Janusza Pielaka \u2013 gregoria\u0144ska 30<\/p>\n<p>\u015br 12.08 \u00a0g. 19.00 \u00a0 + Marianny Karasiewicz, Jadwigi i Jana Szyma\u0144skich<\/p>\n<p>czw 13.08 g. 7.00 \u00a0 \u00a0wolna<\/p>\n<p>pt 14.08 \u00a0g. 19.00 \u00a0 + Jana Getka<\/p>\n<p>sob 15.08 g. 9.00 \u00a0 + Marianny Jaworskiej<\/p>\n<p>g. 11.00 rez. \/p. Ewa. D\u0105browska\/<\/p>\n<p>g. 17.00 intencja \u015blubna<\/p>\n<p>ndz 9.08 \u00a0 g. 9.00 \u00a0 + Stanis\u0142awy Bieleckiej i Romana Bieleckiego<\/p>\n<p>g. 11.00 \u00a0+ Adama Wieteska w 8 r. \u015bm.<\/p>\n<p>g. 15.00 rez. \/p. Anna \u017bmijewska\/<\/p>\n<p>Naszym parafianom i go\u015bciom odpoczywaj\u0105cym w Kuligowie \u017cyczymy mi\u0142ej niedzieli, dobrego odpoczynku i b\u0142ogos\u0142awionego tygodnia !<\/p>\n<p>Parafia Matki Bo\u017cej Loreta\u0144skiej<br \/>\nul. Ko\u015bcielna 2<br \/>\n05-254 Kulig\u00f3w<br \/>\nProboszcz ks. Zbigniew Kloch<br \/>\ntel: 29-758-00-30<br \/>\nmail: kancelaria@parafiakuligow.pl<\/p>\n","protected":false},"excerpt":{"rendered":"<p>1. Dzi\u015b po Mszy \u015bw. o godz. 11.00 spotkanie Rady Parafialnej. 2. Za dwa tygodnie w niedziel\u0119 23 sierpnia na Mszy \u015bw. o godz. 12.00 ks. Biskup Kazimierz Romaniuk dokona konsekracji naszego ko\u015bcio\u0142a. Czas jaki dzieli nas od tej Uroczysto\u015bci prze\u017cyjmy w namy\u015ble nad znaczeniem Sacrum w \u017cyciu osobistym i [&hellip;]<\/p>\n","protected":false},"author":1,"featured_media":0,"comment_status":"closed","ping_status":"open","sticky":false,"template":"","format":"standard","meta":[],"categories":[2],"tags":[],"_links":{"self":[{"href":"http:\/\/www.parafiakuligow.pl\/index.php\/wp-json\/wp\/v2\/posts\/111"}],"collection":[{"href":"http:\/\/www.parafiakuligow.pl\/index.php\/wp-json\/wp\/v2\/posts"}],"about":[{"href":"http:\/\/www.parafiakuligow.pl\/index.php\/wp-json\/wp\/v2\/types\/post"}],"author":[{"embeddable":true,"href":"http:\/\/www.parafiakuligow.pl\/index.php\/wp-json\/wp\/v2\/users\/1"}],"replies":[{"embeddable":true,"href":"http:\/\/www.parafiakuligow.pl\/index.php\/wp-json\/wp\/v2\/comments?post=111"}],"version-history":[{"count":1,"href":"http:\/\/www.parafiakuligow.pl\/index.php\/wp-json\/wp\/v2\/posts\/111\/revisions"}],"predecessor-version":[{"id":112,"href":"http:\/\/www.parafiakuligow.pl\/index.php\/wp-json\/wp\/v2\/posts\/111\/revisions\/112"}],"wp:attachment":[{"href":"http:\/\/www.parafiakuligow.pl\/index.php\/wp-json\/wp\/v2\/media?parent=111"}],"wp:term":[{"taxonomy":"category","embeddable":true,"href":"http:\/\/www.parafiakuligow.pl\/index.php\/wp-json\/wp\/v2\/categories?post=111"},{"taxonomy":"post_tag","embeddable":true,"href":"http:\/\/www.parafiakuligow.pl\/index.php\/wp-json\/wp\/v2\/tags?post=111"}],"curies":[{"name":"wp","href":"https:\/\/api.w.org\/{rel}","templated":true}]}}