{"id":1103,"date":"2018-07-31T23:42:18","date_gmt":"2018-07-31T21:42:18","guid":{"rendered":"http:\/\/www.parafiakuligow.pl\/?p=1103"},"modified":"2018-08-05T10:35:17","modified_gmt":"2018-08-05T08:35:17","slug":"29-lipiec-2018-17-niedziela-zwykla","status":"publish","type":"post","link":"http:\/\/www.parafiakuligow.pl\/index.php\/2018\/07\/31\/29-lipiec-2018-17-niedziela-zwykla\/","title":{"rendered":"29 Lipiec 2018 &#8211; 17  NIEDZIELA ZWYK\u0141A"},"content":{"rendered":"<ol>\n<li>Do Sakramentu Ma\u0142\u017ce\u0144stwa przygotowuj\u0105 si\u0119 nast\u0119puj\u0105ce osoby:<br \/>\n<strong>Kamil\u00a0 Janik<\/strong> , kawaler z par. MBK Polskich M\u0119czennik\u00f3w \u2013 Warszawa, oraz<br \/>\n<strong>Monika Jusi\u0144ska<\/strong><strong>,<\/strong> panna z par. tut., <strong>zapowied\u017a\u00a0 I<\/strong>.<br \/>\nPolecamy tych narzeczonych modlitwie wiernych.<br \/>\nKto by wiedzia\u0142 o\u00a0 przeszkodach zachodz\u0105cych mi\u0119dzy tymi osobami, proszony jest o poinformowanie w kancelarii\u00a0 parafialnej.<\/li>\n<li>W \u015brod\u0119 1 sierpnia przypada 74 rocznica wybuchu Powstania Warszawskiego. W naszych modlitwach pami\u0119tajmy o ofiarach powstania, o naszej Ojczy\u017anie i bohaterach narodowych. W pi\u0105tek przypada I \u2013 Pi\u0105tek miesi\u0105ca. Msza \u015bw. o NSP Jezusa. Spowied\u017a w tym dniu od godz. 18.30.<\/li>\n<li>W przysz\u0142\u0105 niedziel\u0119 5 sierpnia z racji I-ej niedzieli miesi\u0105ca po Mszy \u015bw. o godz. 11.00 wystawienie i adoracja Naj\u015bwi\u0119tszego Sakramentu.<\/li>\n<li>Zbli\u017ca si\u0119 Uroczysto\u015b\u0107 Odpustu w naszej parafii. B\u0119dziemy j\u0105 prze\u017cywa\u0107 w niedziel\u0119 19 sierpnia. Suma odpustowa po\u0142\u0105czona z procesj\u0105 o godz. 11.00. Ju\u017c dzisiaj wszystkich parafian i go\u015bci serdecznie zapraszam.<\/li>\n<li>Wszystkim naszym parafianom, dzia\u0142kowiczom i go\u015bciom odpoczywaj\u0105cym w Kuligowie \u017cycz\u0119 mi\u0142ej niedzieli oraz dobrego i b\u0142ogos\u0142awionego tygodnia.<\/li>\n<li>Zach\u0119camy do czytania prasy katolickiej.<\/li>\n<\/ol>\n<p><strong>Intencje Mszalne <\/strong><strong>29 Lipiec \u2013 05 Sierpie\u0144\u00a0 2018<\/strong><\/p>\n<p><strong>Nd.\u00a0 29. VII. 2018\u00a0\u00a0\u00a0\u00a0 <\/strong><strong>17\u00a0 NIEDZIELA\u00a0 ZWYK\u0141A<br \/>\n<\/strong>g. 9.00\u00a0 O Bo\u017ce b\u0142og. i \u0142aski dla Marty.<br \/>\ng. 11.00 + Ann\u0119 i Zygmunta oraz Jadwig\u0119 Liszewskich.<br \/>\ng. 15.00 + King\u0119 Wi\u0119ch<br \/>\n<strong>Pn. \u00a0\u00a0\u00a030. VII<\/strong>\u00a0\u00a0 g. 19.00 \u00a0Int. wolna<br \/>\n<strong>Wt.\u00a0\u00a0 31. VII\u00a0\u00a0 <\/strong>g.\u00a0 \u00a07.00\u00a0 Int. wolna<br \/>\n<strong>\u015ar.\u00a0\u00a0\u00a0 01. VIII \u00a0<\/strong>g. 19.00\u00a0 + Zdzis\u0142awa Karasiewicza w rocz. \u015bm.<br \/>\n<strong>Czw. 02. VIII <\/strong>g.\u00a0\u00a0 7.00\u00a0 Int. wolna<br \/>\n<strong>Pt.\u00a0\u00a0\u00a0 \u00a003. VIII <\/strong>g. 19.00 O Bo\u017ce b\u0142. i \u0142aski, opiek\u0119 Matki Bo\u017cej dla Wies\u0142awy Bagi\u0144skiej.<br \/>\n<strong>Sob. \u00a004. VIII<\/strong> \u00a0\u00a0g. 19.00 + J\u00f3zefa Bagi\u0144skiego w 2 rocz. \u015bm.<br \/>\n<strong>Nd.\u00a0 05. VIII. 2018 \u00a0\u00a0<\/strong><strong>18\u00a0 NIEDZIELA\u00a0 ZWYK\u0141A<br \/>\n<\/strong>g. 9.00 \u00a0+ Jana Getka.<br \/>\ng. 11.00 \u00a0+ Halin\u0119 Buta w 25 rocz. \u015bm.<br \/>\ng. 15.00\u00a0 O Bo\u017ce b\u0142og. i \u0142aski, opiek\u0119 Matki Bo\u017cej dla Stanis\u0142awy i Tadeusza Koc w 40 rocz. \u015blubu.<\/p>\n","protected":false},"excerpt":{"rendered":"<p>Do Sakramentu Ma\u0142\u017ce\u0144stwa przygotowuj\u0105 si\u0119 nast\u0119puj\u0105ce osoby: Kamil\u00a0 Janik , kawaler z par. MBK Polskich M\u0119czennik\u00f3w \u2013 Warszawa, oraz Monika Jusi\u0144ska, panna z par. tut., zapowied\u017a\u00a0 I. Polecamy tych narzeczonych modlitwie wiernych. Kto by wiedzia\u0142 o\u00a0 przeszkodach zachodz\u0105cych mi\u0119dzy tymi osobami, proszony jest o poinformowanie w kancelarii\u00a0 parafialnej. W \u015brod\u0119 [&hellip;]<\/p>\n","protected":false},"author":2,"featured_media":0,"comment_status":"closed","ping_status":"closed","sticky":false,"template":"","format":"standard","meta":[],"categories":[2],"tags":[],"_links":{"self":[{"href":"http:\/\/www.parafiakuligow.pl\/index.php\/wp-json\/wp\/v2\/posts\/1103"}],"collection":[{"href":"http:\/\/www.parafiakuligow.pl\/index.php\/wp-json\/wp\/v2\/posts"}],"about":[{"href":"http:\/\/www.parafiakuligow.pl\/index.php\/wp-json\/wp\/v2\/types\/post"}],"author":[{"embeddable":true,"href":"http:\/\/www.parafiakuligow.pl\/index.php\/wp-json\/wp\/v2\/users\/2"}],"replies":[{"embeddable":true,"href":"http:\/\/www.parafiakuligow.pl\/index.php\/wp-json\/wp\/v2\/comments?post=1103"}],"version-history":[{"count":2,"href":"http:\/\/www.parafiakuligow.pl\/index.php\/wp-json\/wp\/v2\/posts\/1103\/revisions"}],"predecessor-version":[{"id":1107,"href":"http:\/\/www.parafiakuligow.pl\/index.php\/wp-json\/wp\/v2\/posts\/1103\/revisions\/1107"}],"wp:attachment":[{"href":"http:\/\/www.parafiakuligow.pl\/index.php\/wp-json\/wp\/v2\/media?parent=1103"}],"wp:term":[{"taxonomy":"category","embeddable":true,"href":"http:\/\/www.parafiakuligow.pl\/index.php\/wp-json\/wp\/v2\/categories?post=1103"},{"taxonomy":"post_tag","embeddable":true,"href":"http:\/\/www.parafiakuligow.pl\/index.php\/wp-json\/wp\/v2\/tags?post=1103"}],"curies":[{"name":"wp","href":"https:\/\/api.w.org\/{rel}","templated":true}]}}