{"id":1100,"date":"2018-07-24T20:05:18","date_gmt":"2018-07-24T18:05:18","guid":{"rendered":"http:\/\/www.parafiakuligow.pl\/?p=1100"},"modified":"2018-07-24T20:05:18","modified_gmt":"2018-07-24T18:05:18","slug":"22-lipiec-2018-16-niedziela-zwykla","status":"publish","type":"post","link":"http:\/\/www.parafiakuligow.pl\/index.php\/2018\/07\/24\/22-lipiec-2018-16-niedziela-zwykla\/","title":{"rendered":"22 Lipiec 2018 &#8211; 16  NIEDZIELA ZWYK\u0141A"},"content":{"rendered":"<ol>\n<li>W dniu dzisiejszym po ka\u017cdej Mszy \u015bw. b\u0142ogos\u0142awie\u0144stwo kierowc\u00f3w i po\u015bwi\u0119cenie pojazd\u00f3w z racji \u015bw. Krzysztofa patrona podr\u00f3\u017cuj\u0105cych. Dzi\u0119kuj\u0105c Panu Bogu za Jego opiek\u0119 mo\u017cemy wesprze\u0107 polskich misjonarzy ofiar\u0105 na zakup transportu.<\/li>\n<li>W dniach 28-29 lipca br. organizowana jest pielgrzymka z Warszawy do Ostr\u00f3wka w ramach 9-cio letniej nowenny w intencji powo\u0142a\u0144 do kap\u0142a\u0144stwa i \u017cycia konsekrowanego. W tym roku to ju\u017c pi\u0105ta pielgrzymka. Szczeg\u00f3\u0142y na plakacie umieszczonym w gablocie.<\/li>\n<li>25 lipca przypada liturgiczne \u015bwi\u0119to \u015bw. Jakuba aposto\u0142a. 26 lipca wspomnienie \u015awi\u0119tych Joachima i Anny , rodzic\u00f3w N M Panny.<\/li>\n<li>Gdyby kto\u015b z naszych dzia\u0142kowicz\u00f3w czy wakacyjnych parafian pragn\u0105\u0142 zyska\u0107 Bo\u017ce b\u0142ogos\u0142awie\u0144stwo dla domu i rodziny lub zwyczajnie spotka\u0107 si\u0119 z ksi\u0119dzem na swojej dzia\u0142ce prosz\u0119 o informacj\u0119 w tej sprawie. Ch\u0119tnych serdecznie zapraszam.<\/li>\n<li>Dzi\u0119kuj\u0119 wszystkim, kt\u00f3rzy zasilaj\u0105 fundusz na sprz\u0105tanie i kwiaty w ko\u015bciele. Pozosta\u0142ym przypominam i prosz\u0119 o solidarno\u015b\u0107 w tej sprawie.<\/li>\n<li>Serdecznie dzi\u0119kuj\u0119 Panu Micha\u0142owi Ptak za wykonanie nowej studzienki i zabezpieczenia pomieszcze\u0144 pod budynkiem plebanii przed zalaniem.<\/li>\n<li>Wszystkim naszym go\u015bciom, dzia\u0142kowiczom i parafianom, a szczeg\u00f3lnie tym, kt\u00f3rzy b\u0119d\u0105 w najbli\u017cszym czasie obchodzi\u0107 swoje imieniny \u017cycz\u0119 mi\u0142ej niedzieli oraz dobrego i b\u0142ogos\u0142awionego tygodnia.<\/li>\n<li>Zach\u0119camy do czytania prasy katolickiej.<\/li>\n<\/ol>\n<p>&nbsp;<\/p>\n<p><strong>Intencje Mszalne <\/strong><strong>22 \u2013 29\u00a0 Lipiec\u00a0 2018<\/strong><strong>\u00a0\u00a0\u00a0\u00a0\u00a0\u00a0\u00a0\u00a0\u00a0\u00a0\u00a0\u00a0\u00a0\u00a0\u00a0\u00a0\u00a0\u00a0\u00a0\u00a0 <\/strong><\/p>\n<p><strong>Nd.\u00a0 22. VII. 2018\u00a0\u00a0 <\/strong><strong>16\u00a0 NIEDZIELA\u00a0 ZWYK\u0141A<br \/>\n<\/strong>g. 9.00\u00a0 + Mariann\u0119, Feliksa, W\u0142odzimierza, Stanis\u0142aw\u0119 i Tomasza Piwowarskich; Mari\u0119, J\u00f3zefa, Mieczys\u0142awa Wr\u00f3blewskich.<br \/>\ng. 11.00 + Czes\u0142aw\u0119 Mianowsk\u0105<br \/>\ng. 15.00 Int. zam.<br \/>\n<strong>Pn. \u00a0\u00a0\u00a023. VII<\/strong>\u00a0\u00a0 g. 19.00 \u00a0Int. wolna<br \/>\n<strong>Wt.\u00a0\u00a0 24. VII\u00a0\u00a0 <\/strong>g.\u00a0 \u00a07.00\u00a0 Int. wolna<br \/>\n<strong>\u015ar.\u00a0\u00a0\u00a0 25. VII\u00a0 \u00a0<\/strong>g. 19.00\u00a0 Int. wolna<br \/>\n<strong>Czw. 26. VII\u00a0 <\/strong>\u00a0g.\u00a0 7.00\u00a0 Int. wolna<br \/>\n<strong>Pt.\u00a0\u00a0\u00a0 \u00a027. VII \u00a0<\/strong>g. 19.00\u00a0 W int. uczestnik\u00f3w nabo\u017ce\u0144stw czerwcowych.<br \/>\n<strong>Sob. \u00a028. VII<\/strong> \u00a0\u00a0g. 19.00\u00a0 Dzi\u0119k.- b\u0142ag. Przez wstawiennictwo O. Pio, o Bo\u017ce b\u0142og. i \u0142aski, opiek\u0119 Matki Bo\u017cej dla p. Krystyny i Mariana w 45 rocz. \u015blubu i ich dzieci oraz wnuk\u00f3w.<\/p>\n<p><strong>Nd.\u00a0 29. VII. 2018 \u00a0\u00a0<\/strong><strong>17\u00a0 NIEDZIELA\u00a0 ZWYK\u0141A<br \/>\n<\/strong>g. 9.00 \u00a0O Bo\u017ce b\u0142og. i \u0142aski\u00a0 dla Marty.<br \/>\ng. 11.00 \u00a0+ Ann\u0119 i Zygmunta oraz Jadwig\u0119 Liszewskich.<br \/>\ng. 15.00\u00a0 + King\u0119 Wi\u0119ch<\/p>\n<p>&nbsp;<\/p>\n","protected":false},"excerpt":{"rendered":"<p>W dniu dzisiejszym po ka\u017cdej Mszy \u015bw. b\u0142ogos\u0142awie\u0144stwo kierowc\u00f3w i po\u015bwi\u0119cenie pojazd\u00f3w z racji \u015bw. Krzysztofa patrona podr\u00f3\u017cuj\u0105cych. Dzi\u0119kuj\u0105c Panu Bogu za Jego opiek\u0119 mo\u017cemy wesprze\u0107 polskich misjonarzy ofiar\u0105 na zakup transportu. W dniach 28-29 lipca br. organizowana jest pielgrzymka z Warszawy do Ostr\u00f3wka w ramach 9-cio letniej nowenny w [&hellip;]<\/p>\n","protected":false},"author":2,"featured_media":0,"comment_status":"closed","ping_status":"closed","sticky":false,"template":"","format":"standard","meta":[],"categories":[2],"tags":[],"_links":{"self":[{"href":"http:\/\/www.parafiakuligow.pl\/index.php\/wp-json\/wp\/v2\/posts\/1100"}],"collection":[{"href":"http:\/\/www.parafiakuligow.pl\/index.php\/wp-json\/wp\/v2\/posts"}],"about":[{"href":"http:\/\/www.parafiakuligow.pl\/index.php\/wp-json\/wp\/v2\/types\/post"}],"author":[{"embeddable":true,"href":"http:\/\/www.parafiakuligow.pl\/index.php\/wp-json\/wp\/v2\/users\/2"}],"replies":[{"embeddable":true,"href":"http:\/\/www.parafiakuligow.pl\/index.php\/wp-json\/wp\/v2\/comments?post=1100"}],"version-history":[{"count":1,"href":"http:\/\/www.parafiakuligow.pl\/index.php\/wp-json\/wp\/v2\/posts\/1100\/revisions"}],"predecessor-version":[{"id":1101,"href":"http:\/\/www.parafiakuligow.pl\/index.php\/wp-json\/wp\/v2\/posts\/1100\/revisions\/1101"}],"wp:attachment":[{"href":"http:\/\/www.parafiakuligow.pl\/index.php\/wp-json\/wp\/v2\/media?parent=1100"}],"wp:term":[{"taxonomy":"category","embeddable":true,"href":"http:\/\/www.parafiakuligow.pl\/index.php\/wp-json\/wp\/v2\/categories?post=1100"},{"taxonomy":"post_tag","embeddable":true,"href":"http:\/\/www.parafiakuligow.pl\/index.php\/wp-json\/wp\/v2\/tags?post=1100"}],"curies":[{"name":"wp","href":"https:\/\/api.w.org\/{rel}","templated":true}]}}