{"id":1098,"date":"2018-07-20T10:01:28","date_gmt":"2018-07-20T08:01:28","guid":{"rendered":"http:\/\/www.parafiakuligow.pl\/?p=1098"},"modified":"2018-07-20T10:01:28","modified_gmt":"2018-07-20T08:01:28","slug":"15-lipiec-2018-15-niedziela-zwykla","status":"publish","type":"post","link":"http:\/\/www.parafiakuligow.pl\/index.php\/2018\/07\/20\/15-lipiec-2018-15-niedziela-zwykla\/","title":{"rendered":"15 Lipiec 2018 &#8211; 15 NIEDZIELA ZWYK\u0141A"},"content":{"rendered":"<ol>\n<li>W poniedzia\u0142ek 16 lipca liturgiczne wspomnienie NMP z G\u00f3ry Karmel. Szczeg\u00f3lny dzie\u0144 dla wszystkich nosz\u0105cych szkaplerze Matki Bo\u017cej.<\/li>\n<li>Gdyby kto\u015b z naszych dzia\u0142kowicz\u00f3w czy wakacyjnych parafian pragn\u0105\u0142 zyska\u0107 Bo\u017ce b\u0142ogos\u0142awie\u0144stwo dla domu i rodziny lub zwyczajnie spotka\u0107 si\u0119 z ksi\u0119dzem na swojej dzia\u0142ce prosz\u0119 o informacj\u0119 w tej sprawie. Ch\u0119tnych serdecznie zapraszam.<\/li>\n<li>Po\u015bwi\u0119cenie pojazd\u00f3w i b\u0142ogos\u0142awie\u0144stwo kierowc\u00f3w z racji \u015bw. Krzysztofa patrona podr\u00f3\u017cuj\u0105cych odb\u0119dzie si\u0119 w naszej parafii w przysz\u0142\u0105 niedziel\u0119 22 lipca po ka\u017cdej Mszy \u015bw.<\/li>\n<li>Wszystkim naszym parafianom i go\u015bciom odpoczywaj\u0105cym w Kuligowie \u017cycz\u0119 mi\u0142ej niedzieli oraz dobrego i b\u0142ogos\u0142awionego tygodnia.<\/li>\n<li>Zach\u0119camy do czytania prasy katolickiej.<\/li>\n<\/ol>\n<p><strong>Intencje Mszalne <\/strong><strong>15 \u2013 22\u00a0 Lipiec\u00a0 2018<\/strong><strong>\u00a0\u00a0\u00a0\u00a0\u00a0\u00a0\u00a0\u00a0\u00a0\u00a0\u00a0\u00a0\u00a0\u00a0\u00a0 <\/strong><\/p>\n<p><strong>Nd.\u00a0 15. VII. 2018\u00a0\u00a0 <\/strong><strong>15\u00a0 NIEDZIELA\u00a0 ZWYK\u0141A<br \/>\n<\/strong>g. 9.00\u00a0 + Ew\u0119 Diakowsk\u0105 w 29 rocz. \u015bm.; J\u00f3zefa Jusi\u0144skiego,\u00a0Leszka Klimkiewicz.<br \/>\ng. 11.00 Int. zam.<br \/>\ng. 15.00 + Leontyn\u0119\u00a0 Puchalsk\u0105<br \/>\n<strong>Pn. \u00a0\u00a0\u00a016. VII<\/strong>\u00a0\u00a0 g. 19.00 \u00a0Int. wolna<br \/>\n<strong>Wt.\u00a0\u00a0 17. VII\u00a0\u00a0 <\/strong>g.\u00a0 \u00a07.00\u00a0 Int. wolna<br \/>\n<strong>\u015ar.\u00a0\u00a0\u00a0 18. VII\u00a0 \u00a0<\/strong>g. 19.00\u00a0 Int. wolna<br \/>\n<strong>Czw. 19. VII\u00a0 <\/strong>\u00a0g.\u00a0 7.00\u00a0 Int. wolna<br \/>\n<strong>Pt.\u00a0\u00a0\u00a0 \u00a020. VII \u00a0<\/strong>g. 19.00\u00a0 Int. wolna<br \/>\n<strong>Sob. \u00a021. VII<\/strong> \u00a0\u00a0g. 19.00\u00a0 Int. wolna<br \/>\n<strong>Nd.\u00a0 22. VII. 2018 \u00a0\u00a0<\/strong><strong>16\u00a0 NIEDZIELA\u00a0 ZWYK\u0141A<br \/>\n<\/strong>g. 9.00\u00a0 + Mariann\u0119, Feliksa, W\u0142odzimierza, Stanis\u0142aw\u0119 i Tomasza Piwowarskich; Mari\u0119, J\u00f3zefa, Mieczys\u0142awa Wr\u00f3blewskich.<br \/>\ng. 11.00 \u00a0+ Czes\u0142aw\u0119 Mianowsk\u0105<br \/>\ng. 15.00\u00a0 Int. zam.<\/p>\n","protected":false},"excerpt":{"rendered":"<p>W poniedzia\u0142ek 16 lipca liturgiczne wspomnienie NMP z G\u00f3ry Karmel. Szczeg\u00f3lny dzie\u0144 dla wszystkich nosz\u0105cych szkaplerze Matki Bo\u017cej. Gdyby kto\u015b z naszych dzia\u0142kowicz\u00f3w czy wakacyjnych parafian pragn\u0105\u0142 zyska\u0107 Bo\u017ce b\u0142ogos\u0142awie\u0144stwo dla domu i rodziny lub zwyczajnie spotka\u0107 si\u0119 z ksi\u0119dzem na swojej dzia\u0142ce prosz\u0119 o informacj\u0119 w tej sprawie. Ch\u0119tnych [&hellip;]<\/p>\n","protected":false},"author":2,"featured_media":0,"comment_status":"closed","ping_status":"closed","sticky":false,"template":"","format":"standard","meta":[],"categories":[2],"tags":[],"_links":{"self":[{"href":"http:\/\/www.parafiakuligow.pl\/index.php\/wp-json\/wp\/v2\/posts\/1098"}],"collection":[{"href":"http:\/\/www.parafiakuligow.pl\/index.php\/wp-json\/wp\/v2\/posts"}],"about":[{"href":"http:\/\/www.parafiakuligow.pl\/index.php\/wp-json\/wp\/v2\/types\/post"}],"author":[{"embeddable":true,"href":"http:\/\/www.parafiakuligow.pl\/index.php\/wp-json\/wp\/v2\/users\/2"}],"replies":[{"embeddable":true,"href":"http:\/\/www.parafiakuligow.pl\/index.php\/wp-json\/wp\/v2\/comments?post=1098"}],"version-history":[{"count":1,"href":"http:\/\/www.parafiakuligow.pl\/index.php\/wp-json\/wp\/v2\/posts\/1098\/revisions"}],"predecessor-version":[{"id":1099,"href":"http:\/\/www.parafiakuligow.pl\/index.php\/wp-json\/wp\/v2\/posts\/1098\/revisions\/1099"}],"wp:attachment":[{"href":"http:\/\/www.parafiakuligow.pl\/index.php\/wp-json\/wp\/v2\/media?parent=1098"}],"wp:term":[{"taxonomy":"category","embeddable":true,"href":"http:\/\/www.parafiakuligow.pl\/index.php\/wp-json\/wp\/v2\/categories?post=1098"},{"taxonomy":"post_tag","embeddable":true,"href":"http:\/\/www.parafiakuligow.pl\/index.php\/wp-json\/wp\/v2\/tags?post=1098"}],"curies":[{"name":"wp","href":"https:\/\/api.w.org\/{rel}","templated":true}]}}