{"id":1088,"date":"2018-06-27T21:39:18","date_gmt":"2018-06-27T19:39:18","guid":{"rendered":"http:\/\/www.parafiakuligow.pl\/?p=1088"},"modified":"2018-06-27T21:39:18","modified_gmt":"2018-06-27T19:39:18","slug":"24-czerwiec-2018-12-niedziela-zwykla-narodzenie-sw-jana-chrzciciela-uroczystosc","status":"publish","type":"post","link":"http:\/\/www.parafiakuligow.pl\/index.php\/2018\/06\/27\/24-czerwiec-2018-12-niedziela-zwykla-narodzenie-sw-jana-chrzciciela-uroczystosc\/","title":{"rendered":"24 Czerwiec 2018 12  NIEDZIELA ZWYK\u0141A NARODZENIE \u015bw. JANA CHRZCICIELA UROCZYSTO\u015a\u0106"},"content":{"rendered":"<ol>\n<li>Wszystkim dzieciom, m\u0142odzie\u017cy, nauczycielom i rodzicom, kt\u00f3rzy zako\u0144czyli rok szkolny \u017cyczymy udanych wakacji i dobrego wypoczynku.<\/li>\n<li>W pi\u0105tek 29 czerwca Uroczysto\u015b\u0107 \u015bw. Aposto\u0142\u00f3w Piotra i Paw\u0142a. W tym dniu udziela si\u0119 odpustu zupe\u0142nego wiernym, kt\u00f3rzy pos\u0142uguj\u0105c si\u0119 pobo\u017cnie przedmiotami kultu pob\u0142ogos\u0142awionymi przez ojca \u015bwi\u0119tego lub biskupa dodadz\u0105 do swoich modlitw wyznanie wiary. Taca z tego dnia przeznaczona jest na konserwacj\u0119 \u00a0Bazyliki \u015bw. Piotra \u00a0oraz\u00a0 dzia\u0142alno\u015b\u0107 apostolsk\u0105 i charytatywn\u0105 Stolicy Apostolskiej. Z racji uroczysto\u015bci, mo\u017cna spo\u017cywa\u0107 pokarmy mi\u0119sne.<\/li>\n<li>W przysz\u0142\u0105\u00a0 niedziel\u0119 \u00a0przypada pierwsza niedziela miesi\u0105ca. Po Mszy \u015bw. o godz. 11.00 wystawienie Naj\u015bwi\u0119tszego Sakramentu i adoracja.<\/li>\n<li>Wszystkim naszym parafianom i go\u015bciom \u017cyczymy udanej niedzieli i dobrego i b\u0142ogos\u0142awionego tygodnia. Specjalne \u017cyczenia i modlitw\u0119 kierujemy do solenizantek i solenizant\u00f3w, aby cieszyli si\u0119 opiek\u0105 \u015bw. patron\u00f3w.<\/li>\n<li>Zach\u0119camy do czytania prasy katolickiej.<\/li>\n<\/ol>\n<p><strong>Intencje Mszalne 24.<\/strong><strong>VI \u2013 01. VII 2018<\/strong><\/p>\n<p><strong>Nd.\u00a0 24. VI. 2018\u00a0\u00a0 <\/strong><strong>NARODZENIE \u015bw. JANA CHRZCICIELA <\/strong><strong>UROCZYSTO\u015a\u0106<br \/>\n<\/strong>g. 9.00\u00a0\u00a0\u00a0 Int. zam.<br \/>\ng. 11.00 Int. zam.<br \/>\ng. 15.00 Int. zam.<br \/>\n<strong>Pn. \u00a0\u00a0\u00a025. <\/strong>VI\u00a0\u00a0 g. 19.00 \u00a0Int. wolna<br \/>\n<strong>Wt.\u00a0\u00a0 26. VI\u00a0\u00a0 <\/strong>g.\u00a0 \u00a07.00\u00a0 Int. wolna<br \/>\n<strong>\u015ar.\u00a0\u00a0\u00a0 27. VI\u00a0 \u00a0<\/strong>g. 19.00\u00a0 + El\u017cbiet\u0119 Paw\u0142owsk\u0105 i Franciszka Ko\u0142acz.<br \/>\n<strong>Czw. 28. VI\u00a0 <\/strong>\u00a0g.\u00a0 7.00\u00a0 Int. wolna<br \/>\n<strong>Pt.\u00a0\u00a0\u00a0 29. VI \u00a0\u00a0<\/strong>g. 19.00 \u00a0O Bo\u017ce b\u0142og. i \u0142aski dla ks. Piotra.<br \/>\n<strong>Sob. 30. VI<\/strong><br \/>\ng. 18.00\u00a0 Dzi\u0119kcz. \u2013 b\u0142ag. w int. Ewy i Mariusza; O szcz\u0119\u015bliwe urodzenie ich syna.<br \/>\ng. 19.00\u00a0 O Bo\u017ce b\u0142og. i \u0142aski, opiek\u0119 Matki Bo\u017cej dla Barbary i Romana w 40 rocz. \u015blubu.<\/p>\n<p><strong>Nd.\u00a0 01. VII. 2018 \u00a0\u00a0<\/strong><strong>13\u00a0 NIEDZIELA\u00a0 ZWYK\u0141A<br \/>\n<\/strong>g. 9.00\u00a0 + Janin\u0119 i Kazimierza Ma\u0144k; J\u00f3zefa, Aleksandra i Tadeusza Wi\u0119cek<br \/>\ng. 11.00 + Mariann\u0119 i Jana Karasiewicz; Stanis\u0142awa i Henryka Karasiewicz; Eugeniusza \u0141ukasik.<br \/>\ng. 15.00\u00a0 O Bo\u017ce b\u0142. i \u0142aski dla Darii i Piotra w 1 rocz. \u015blubu.<\/p>\n","protected":false},"excerpt":{"rendered":"<p>Wszystkim dzieciom, m\u0142odzie\u017cy, nauczycielom i rodzicom, kt\u00f3rzy zako\u0144czyli rok szkolny \u017cyczymy udanych wakacji i dobrego wypoczynku. W pi\u0105tek 29 czerwca Uroczysto\u015b\u0107 \u015bw. Aposto\u0142\u00f3w Piotra i Paw\u0142a. W tym dniu udziela si\u0119 odpustu zupe\u0142nego wiernym, kt\u00f3rzy pos\u0142uguj\u0105c si\u0119 pobo\u017cnie przedmiotami kultu pob\u0142ogos\u0142awionymi przez ojca \u015bwi\u0119tego lub biskupa dodadz\u0105 do swoich modlitw [&hellip;]<\/p>\n","protected":false},"author":2,"featured_media":0,"comment_status":"closed","ping_status":"closed","sticky":false,"template":"","format":"standard","meta":[],"categories":[2],"tags":[],"_links":{"self":[{"href":"http:\/\/www.parafiakuligow.pl\/index.php\/wp-json\/wp\/v2\/posts\/1088"}],"collection":[{"href":"http:\/\/www.parafiakuligow.pl\/index.php\/wp-json\/wp\/v2\/posts"}],"about":[{"href":"http:\/\/www.parafiakuligow.pl\/index.php\/wp-json\/wp\/v2\/types\/post"}],"author":[{"embeddable":true,"href":"http:\/\/www.parafiakuligow.pl\/index.php\/wp-json\/wp\/v2\/users\/2"}],"replies":[{"embeddable":true,"href":"http:\/\/www.parafiakuligow.pl\/index.php\/wp-json\/wp\/v2\/comments?post=1088"}],"version-history":[{"count":1,"href":"http:\/\/www.parafiakuligow.pl\/index.php\/wp-json\/wp\/v2\/posts\/1088\/revisions"}],"predecessor-version":[{"id":1089,"href":"http:\/\/www.parafiakuligow.pl\/index.php\/wp-json\/wp\/v2\/posts\/1088\/revisions\/1089"}],"wp:attachment":[{"href":"http:\/\/www.parafiakuligow.pl\/index.php\/wp-json\/wp\/v2\/media?parent=1088"}],"wp:term":[{"taxonomy":"category","embeddable":true,"href":"http:\/\/www.parafiakuligow.pl\/index.php\/wp-json\/wp\/v2\/categories?post=1088"},{"taxonomy":"post_tag","embeddable":true,"href":"http:\/\/www.parafiakuligow.pl\/index.php\/wp-json\/wp\/v2\/tags?post=1088"}],"curies":[{"name":"wp","href":"https:\/\/api.w.org\/{rel}","templated":true}]}}