{"id":1085,"date":"2018-06-19T13:51:49","date_gmt":"2018-06-19T11:51:49","guid":{"rendered":"http:\/\/www.parafiakuligow.pl\/?p=1085"},"modified":"2018-06-19T13:51:49","modified_gmt":"2018-06-19T11:51:49","slug":"17-czerwiec-2018-11-niedziela-zwykla","status":"publish","type":"post","link":"http:\/\/www.parafiakuligow.pl\/index.php\/2018\/06\/19\/17-czerwiec-2018-11-niedziela-zwykla\/","title":{"rendered":"17 Czerwiec 2018 -11 Niedziela zwyk\u0142a"},"content":{"rendered":"<ol>\n<li>W ko\u015bcio\u0142ach \u00a0naszej diecezji dzisiaj po Mszach \u015bw. zbi\u00f3rka do puszek na stypendia naukowe dla ksi\u0119\u017cy studiuj\u0105cych za granic\u0105.<\/li>\n<li>Msza \u015bw. dzi\u0119kczynna na zako\u0144czenie roku szkolnego w pi\u0105tek 22 czerwca o godz. 19.00. Spowied\u017a dla dzieci i m\u0142odzie\u017cy od godz. 18.30. Zach\u0119cam wszystkich do rozpocz\u0119cia wakacji w stanie \u0142aski u\u015bwi\u0119caj\u0105cej.<\/li>\n<li>Z racji zako\u0144czenia roku szkolnego wszystkim dzieciom, m\u0142odzie\u017cy, nauczycielom i rodzicom sk\u0142adamy serdeczne gratulacje i \u017cyczymy dobrego odpoczynku, mi\u0142ych wakacji i udanych urlop\u00f3w.<\/li>\n<li>Wszystkim naszym parafianom i go\u015bciom \u017cyczymy dobrego wypoczynku, udanej niedzieli\u00a0 i \u00a0b\u0142ogos\u0142awionego tygodnia.<\/li>\n<li>Zach\u0119camy do czytania prasy katolickiej.<\/li>\n<\/ol>\n<p><strong>Intencje Mszalne <\/strong><strong>17 \u2013 24 \u00a0Czerwiec\u00a0 2018<\/strong><\/p>\n<p><strong>\u00a0<\/strong><\/p>\n<p><strong>Nd.\u00a0 17. VI. 2018\u00a0\u00a0\u00a0 <\/strong><strong>11\u00a0 NIEDZIELA ZWYK\u0141A<br \/>\n<\/strong>g. 9.00\u00a0\u00a0 + Krystyn\u0119 Zemlak w 6 rocz. \u015bm., Eugeniusza Beatk\u0119 Zemlak.<br \/>\ng. 11.00 + Kazimierza \u017bochowskiego w 7 rocz. \u015bm.<br \/>\ng. 15.00 + Jana, Stefani\u0119, W\u0142adys\u0142awa \u00a0i \u00a0Bronis\u0142awa Ga\u0142eckich.<br \/>\n<strong>Pn. \u00a0\u00a0\u00a018. <\/strong>VI\u00a0\u00a0 g. 19.00 \u00a0Int. wolna<br \/>\n<strong>Wt.\u00a0\u00a0 19. VI\u00a0\u00a0 <\/strong>g.\u00a0 \u00a07.00\u00a0 Int. wolna<br \/>\n<strong>\u015ar.\u00a0\u00a0\u00a0 20. VI\u00a0 \u00a0<\/strong>g. 19.00\u00a0 Int. wolna<br \/>\n<strong>Czw. 21. VI\u00a0 <\/strong>\u00a0g.\u00a0 7.00\u00a0 Int. wolna<br \/>\n<strong>Pt.\u00a0\u00a0\u00a0 22. VI \u00a0\u00a0<\/strong>g. 19.00 \u00a0+ Henryka\u00a0 w\u00a0 22 rocz. \u015bm. i\u00a0 Stanis\u0142aw\u0119 Kuligowskich;\u00a0Teres\u0119 i Edwarda Skocze\u0144.<br \/>\n<strong>Sob. 23. VI<\/strong><br \/>\ng. 16.00\u00a0 + Jana Ptak<br \/>\ng. 19.00 + Jana Getka<\/p>\n<p><strong>Nd. 24. VI. 2018 <\/strong><strong>NARODZENIE \u015bw. JANA CHRZCICIELA <\/strong><strong>UROCZYSTO\u015a\u0106<br \/>\n<\/strong>g. 9.00 Int. zam.<br \/>\ng. 11.00 Int. zam.<br \/>\ng. 15.00 Int. zam.<\/p>\n","protected":false},"excerpt":{"rendered":"<p>W ko\u015bcio\u0142ach \u00a0naszej diecezji dzisiaj po Mszach \u015bw. zbi\u00f3rka do puszek na stypendia naukowe dla ksi\u0119\u017cy studiuj\u0105cych za granic\u0105. Msza \u015bw. dzi\u0119kczynna na zako\u0144czenie roku szkolnego w pi\u0105tek 22 czerwca o godz. 19.00. Spowied\u017a dla dzieci i m\u0142odzie\u017cy od godz. 18.30. Zach\u0119cam wszystkich do rozpocz\u0119cia wakacji w stanie \u0142aski u\u015bwi\u0119caj\u0105cej. [&hellip;]<\/p>\n","protected":false},"author":2,"featured_media":0,"comment_status":"closed","ping_status":"closed","sticky":false,"template":"","format":"standard","meta":[],"categories":[2],"tags":[],"_links":{"self":[{"href":"http:\/\/www.parafiakuligow.pl\/index.php\/wp-json\/wp\/v2\/posts\/1085"}],"collection":[{"href":"http:\/\/www.parafiakuligow.pl\/index.php\/wp-json\/wp\/v2\/posts"}],"about":[{"href":"http:\/\/www.parafiakuligow.pl\/index.php\/wp-json\/wp\/v2\/types\/post"}],"author":[{"embeddable":true,"href":"http:\/\/www.parafiakuligow.pl\/index.php\/wp-json\/wp\/v2\/users\/2"}],"replies":[{"embeddable":true,"href":"http:\/\/www.parafiakuligow.pl\/index.php\/wp-json\/wp\/v2\/comments?post=1085"}],"version-history":[{"count":1,"href":"http:\/\/www.parafiakuligow.pl\/index.php\/wp-json\/wp\/v2\/posts\/1085\/revisions"}],"predecessor-version":[{"id":1086,"href":"http:\/\/www.parafiakuligow.pl\/index.php\/wp-json\/wp\/v2\/posts\/1085\/revisions\/1086"}],"wp:attachment":[{"href":"http:\/\/www.parafiakuligow.pl\/index.php\/wp-json\/wp\/v2\/media?parent=1085"}],"wp:term":[{"taxonomy":"category","embeddable":true,"href":"http:\/\/www.parafiakuligow.pl\/index.php\/wp-json\/wp\/v2\/categories?post=1085"},{"taxonomy":"post_tag","embeddable":true,"href":"http:\/\/www.parafiakuligow.pl\/index.php\/wp-json\/wp\/v2\/tags?post=1085"}],"curies":[{"name":"wp","href":"https:\/\/api.w.org\/{rel}","templated":true}]}}