{"id":1083,"date":"2018-06-16T06:45:22","date_gmt":"2018-06-16T04:45:22","guid":{"rendered":"http:\/\/www.parafiakuligow.pl\/?p=1083"},"modified":"2018-06-16T06:45:22","modified_gmt":"2018-06-16T04:45:22","slug":"10-czerwiec-2018-10-niedziela-zwykla","status":"publish","type":"post","link":"http:\/\/www.parafiakuligow.pl\/index.php\/2018\/06\/16\/10-czerwiec-2018-10-niedziela-zwykla\/","title":{"rendered":"10 Czerwiec 2018 &#8211; 10 NIEDZIELA ZWYK\u0141A"},"content":{"rendered":"<ol>\n<li>Zapraszamy na nabo\u017ce\u0144stwa czerwcowe z litani\u0105 do Naj\u015bwi\u0119tszego Serca Pana Jezusa, kt\u00f3re odprawiamy codziennie bezpo\u015brednio po Mszy \u015bw.: we wtorki i czwartki po Mszy \u015bw. porannej o godz. 7.00 ; w pozosta\u0142e dni po Mszy \u015bw. wieczornej, a w niedziel\u0119 po Mszy o godz. 11.00.<\/li>\n<li>Przez okres urlop\u00f3w i wakacji tzn. w niedziele od czerwca do wrze\u015bnia s\u0105 odprawiane trzy Msze \u015bw.: o godz. 9.00, 11.00 i po po\u0142udniu o goz.15.00.<\/li>\n<li>Zarz\u0105d Wsp\u00f3lnoty Gruntowej wsi Kulig\u00f3w, zwo\u0142uje zwyczajne og\u00f3lne zebranie cz\u0142onk\u00f3w Wsp\u00f3lnoty gruntowej, kt\u00f3re odb\u0119dzie si\u0119 w najbli\u017csz\u0105 sobot\u0119 16 czerwca o godz. 19.00 w budynku OSP Kulig\u00f3w.<\/li>\n<li>Dzi\u0119kuj\u0119 tym osobom i rodzinom, kt\u00f3re dokona\u0142y ju\u017c wp\u0142aty na sprz\u0105tanie i kwiaty w ko\u015bciele. Pozosta\u0142ych prosz\u0119 o przekazanie zdeklarowanej na ten cel kwoty.<\/li>\n<li>W poniedzia\u0142ek 11 czerwca\u00a0 liturgiczne wspomnienie \u015bw. Barnaby Aposto\u0142a, w \u015brod\u0119 \u015bw. Antoniego z Padwy, prezbitera i doktora Ko\u015bcio\u0142a, a w czwartek b\u0142. Micha\u0142a Kozala, biskupa i m\u0119czennika.<\/li>\n<li>W pi\u0105tek 15 czerwca zmiana godz. Mszy \u015bw. Zamiast Mszy wieczornej b\u0119dzie poranna o godz. 7.00.<\/li>\n<li>W przysz\u0142\u0105 niedziel\u0119 17 czerwca zbi\u00f3rka do puszek na stypendia naukowe dla ksi\u0119\u017cy studiuj\u0105cych za granic\u0105.<\/li>\n<li>Wszystkim naszym parafianom i go\u015bciom \u017cyczymy dobrego wypoczynku, udanej niedzieli\u00a0 i \u00a0b\u0142ogos\u0142awionego tygodnia. Szczeg\u00f3lne \u017cyczenia i modlitw\u0119 kierujemy do solenizant\u00f3w i solenizantek tego tygodnia.<\/li>\n<\/ol>\n<p><strong>Intencje Mszalne <\/strong><strong>10 \u2013 17 \u00a0Czerwiec\u00a0 2018<\/strong><\/p>\n<p><strong>Nd.\u00a0 10. VI. 2018\u00a0\u00a0\u00a0 10\u00a0 NIEDZIELA ZWYK\u0141A<br \/>\n<\/strong>g. 9.00\u00a0\u00a0 + Halin\u0119 i Zygmunta St\u0119pie\u0144: zm. z rodz. Kowalskich<br \/>\ng. 11.00 + Czes\u0142awa Rosa<br \/>\ng. 15.00 + Janin\u0119 Bystrek; Jana i Iren\u0119 Daszewskich<strong><u><br \/>\n<\/u><\/strong><strong>Pn. \u00a0\u00a0\u00a011. <\/strong>VI\u00a0\u00a0 g. 19.00 \u00a0Int. wolna<br \/>\n<strong>Wt.\u00a0\u00a0 12. VI\u00a0\u00a0 <\/strong>g.\u00a0 \u00a07.00\u00a0 Int. wolna<br \/>\n<strong>\u015ar.\u00a0\u00a0\u00a0 13. VI\u00a0 \u00a0<\/strong>g. 19.00\u00a0 Int. wolna<br \/>\n<strong>Czw. 14. VI\u00a0 <\/strong>\u00a0g.\u00a0 7.00\u00a0 Int. wolna<br \/>\n<strong>Pt.\u00a0\u00a0\u00a0 15. VI \u00a0\u00a0\u00a0<\/strong>g. 19.00 Int. wolna<br \/>\n<strong>Sob. 16. VI<\/strong><br \/>\ng. 18.00 + Barbar\u0119 Czarneck\u0105; Wac\u0142aw\u0119 i Juliana Pawlak<br \/>\ng. 19.00 + Jana Szczepa\u0144skiego<\/p>\n<p><strong>Nd.\u00a0 17. VI. 2018 \u00a0\u00a0\u00a011 \u00a0NIEDZIELA ZWYK\u0141A<br \/>\n<\/strong>g. 9.00\u00a0\u00a0 + Krystyn\u0119 Zemlak w 6 rocz. \u015bm., Eugeniusza Beatk\u0119 Zemlak<br \/>\ng. 11.00 + Kazimierza \u017bochowskiego w 7 rocz. \u015bm.<br \/>\ng. 15.00 + Jana, Stefani\u0119, W\u0142adys\u0142awa i Bronis\u0142awa Ga\u0142eckich.<\/p>\n","protected":false},"excerpt":{"rendered":"<p>Zapraszamy na nabo\u017ce\u0144stwa czerwcowe z litani\u0105 do Naj\u015bwi\u0119tszego Serca Pana Jezusa, kt\u00f3re odprawiamy codziennie bezpo\u015brednio po Mszy \u015bw.: we wtorki i czwartki po Mszy \u015bw. porannej o godz. 7.00 ; w pozosta\u0142e dni po Mszy \u015bw. wieczornej, a w niedziel\u0119 po Mszy o godz. 11.00. Przez okres urlop\u00f3w i wakacji [&hellip;]<\/p>\n","protected":false},"author":2,"featured_media":0,"comment_status":"closed","ping_status":"closed","sticky":false,"template":"","format":"standard","meta":[],"categories":[2],"tags":[],"_links":{"self":[{"href":"http:\/\/www.parafiakuligow.pl\/index.php\/wp-json\/wp\/v2\/posts\/1083"}],"collection":[{"href":"http:\/\/www.parafiakuligow.pl\/index.php\/wp-json\/wp\/v2\/posts"}],"about":[{"href":"http:\/\/www.parafiakuligow.pl\/index.php\/wp-json\/wp\/v2\/types\/post"}],"author":[{"embeddable":true,"href":"http:\/\/www.parafiakuligow.pl\/index.php\/wp-json\/wp\/v2\/users\/2"}],"replies":[{"embeddable":true,"href":"http:\/\/www.parafiakuligow.pl\/index.php\/wp-json\/wp\/v2\/comments?post=1083"}],"version-history":[{"count":1,"href":"http:\/\/www.parafiakuligow.pl\/index.php\/wp-json\/wp\/v2\/posts\/1083\/revisions"}],"predecessor-version":[{"id":1084,"href":"http:\/\/www.parafiakuligow.pl\/index.php\/wp-json\/wp\/v2\/posts\/1083\/revisions\/1084"}],"wp:attachment":[{"href":"http:\/\/www.parafiakuligow.pl\/index.php\/wp-json\/wp\/v2\/media?parent=1083"}],"wp:term":[{"taxonomy":"category","embeddable":true,"href":"http:\/\/www.parafiakuligow.pl\/index.php\/wp-json\/wp\/v2\/categories?post=1083"},{"taxonomy":"post_tag","embeddable":true,"href":"http:\/\/www.parafiakuligow.pl\/index.php\/wp-json\/wp\/v2\/tags?post=1083"}],"curies":[{"name":"wp","href":"https:\/\/api.w.org\/{rel}","templated":true}]}}