{"id":1078,"date":"2018-06-07T15:55:46","date_gmt":"2018-06-07T13:55:46","guid":{"rendered":"http:\/\/www.parafiakuligow.pl\/?p=1078"},"modified":"2018-06-07T15:55:46","modified_gmt":"2018-06-07T13:55:46","slug":"03-czerwiec-2018-9-niedziela-zwykla","status":"publish","type":"post","link":"http:\/\/www.parafiakuligow.pl\/index.php\/2018\/06\/07\/03-czerwiec-2018-9-niedziela-zwykla\/","title":{"rendered":"03 Czerwiec 2018 &#8211; 9 NIEDZIELA ZWYK\u0141A"},"content":{"rendered":"<ol>\n<li>Do Sakramentu Ma\u0142\u017ce\u0144stwa przygotowuj\u0105 si\u0119 nast\u0119puj\u0105ce osoby:<br \/>\n<strong>Konrad Piotr Przybysz<\/strong>, kawaler z par. tut. oraz<br \/>\n<strong>Katarzyna Majewska<\/strong>, panna z par. Przemienienia Pa\u0144skiego &#8211; Radzymin, \u00a0<strong>zapowied\u017a \u00a0II<\/strong>.<br \/>\nKto by wiedzia\u0142 o \u00a0przeszkodach zachodz\u0105cych mi\u0119dzy tymi osobami, proszony jest o poinformowanie w kancelarii\u00a0 parafialnej. Polecamy tych narzeczonych modlitwie wiernych.<\/li>\n<li>Dzisiaj w ko\u015bcio\u0142ach po zako\u0144czeniu Mszy \u015bw. zbi\u00f3rka do puszek na budow\u0119 \u015awi\u0105tyni Opatrzno\u015bci Bo\u017cej.<\/li>\n<li>Przez okres urlop\u00f3w i wakacji tzn. od czerwca do wrze\u015bnia b\u0119dzie sprawowana dodatkowa Msza \u015bw. o godz. 15.00.<\/li>\n<li>Zapraszamy na nabo\u017ce\u0144stwa czerwcowe z litani\u0105 do Naj\u015bwi\u0119tszego Serca Pana Jezusa, kt\u00f3re odprawiamy codziennie bezpo\u015brednio po Mszy \u015bw., a w niedziel\u0119 po Mszy o godz. 11.00.<\/li>\n<li>W \u015brod\u0119 6 czerwca z racji I \u015brody miesi\u0105ca Msza \u015bw. za wszystkich zmar\u0142ych polecanych w wypominkach.<\/li>\n<li>W czwartek zako\u0144czenie Oktawy Bo\u017cego Cia\u0142a. Msza \u015bw. po\u0142\u0105czona z b\u0142ogos\u0142awie\u0144stwem wiank\u00f3w o godz. 7.00.<\/li>\n<li>W pi\u0105tek Uroczysto\u015b\u0107 Naj\u015bwi\u0119tszego Serca Pana Jezusa. Z tej racji mo\u017cna spo\u017cywa\u0107 pokarmy mi\u0119sne.<\/li>\n<li>W przysz\u0142\u0105 niedziel\u0119 10 czerwca o godz. 12.15 z Placu Trzech Krzy\u017cy w Warszawie pod has\u0142em POLSKA RODZIN\u0104 SILNA, wyruszy XIII Marsz dla \u017bycia i Rodziny. Wi\u0119cej informacji\u00a0 na plakacie w gablocie. Mo\u017cemy te\u017c zabra\u0107 do domu ulotki, kt\u00f3re s\u0105 na stoliku przy wyj\u015bciu z ko\u015bcio\u0142a. Zapraszam wszystkich do udzia\u0142u w tym marszu.<\/li>\n<li>Wszystkim naszym parafianom i go\u015bciom \u017cyczymy dobrego wypoczynku, udanej niedzieli\u00a0 i \u00a0b\u0142ogos\u0142awionego tygodnia.<\/li>\n<\/ol>\n<p><strong>Intencje Mszalne <\/strong><strong>03 \u2013 10 Czerwiec\u00a0 2018<\/strong><\/p>\n<p><strong>\u00a0<\/strong><\/p>\n<p><strong>Nd.\u00a0 03. VI. 2018\u00a0\u00a0\u00a0 9 NIEDZIELA ZWYK\u0141A<br \/>\n<\/strong>g. 9.00\u00a0\u00a0 + J\u00f3zefa\u00a0 Karasiewicza.<br \/>\ng. 11.00 Int. zam.<br \/>\ng. 15.00 Int. zam.<br \/>\n<strong>Pn. \u00a0\u00a0\u00a004. <\/strong>VI\u00a0\u00a0 g. 19.00 \u00a0Int. wolna<br \/>\n<strong>Wt.\u00a0\u00a0 05. VI\u00a0\u00a0 <\/strong>g.\u00a0 \u00a07.00\u00a0 Int. wolna<br \/>\n<strong>\u015ar.\u00a0\u00a0\u00a0 06. VI\u00a0 \u00a0<\/strong>g. 19.00\u00a0 Za zmar\u0142ych polecanych w rocznych wypominkach<br \/>\n<strong>Czw. 07. VI\u00a0 <\/strong>\u00a0g.\u00a0 7.00\u00a0 Int. wolna<br \/>\n<strong>Pt.\u00a0\u00a0\u00a0 08. VI \u00a0\u00a0\u00a0<\/strong>g. 19.00 \u00a0W int. uczestnik\u00f3w nabo\u017ce\u0144stwa majowego<br \/>\n<strong>Sob. 09. VI<\/strong> \u00a0\u00a0\u00a0g. 19.00\u00a0 Int. zam.<br \/>\n<strong>Nd.\u00a0 10. VI. 2018 \u00a0\u00a0\u00a010 \u00a0NIEDZIELA ZWYK\u0141A<br \/>\n<\/strong>g. 9.00\u00a0\u00a0 + Halin\u0119 i Zygmunta St\u0119pie\u0144<br \/>\ng. 11.00 Int. zam.<br \/>\ng. 15.00 Janin\u0119 Bystrek; Jana i Iren\u0119 Daszewskich<\/p>\n","protected":false},"excerpt":{"rendered":"<p>Do Sakramentu Ma\u0142\u017ce\u0144stwa przygotowuj\u0105 si\u0119 nast\u0119puj\u0105ce osoby: Konrad Piotr Przybysz, kawaler z par. tut. oraz Katarzyna Majewska, panna z par. Przemienienia Pa\u0144skiego &#8211; Radzymin, \u00a0zapowied\u017a \u00a0II. Kto by wiedzia\u0142 o \u00a0przeszkodach zachodz\u0105cych mi\u0119dzy tymi osobami, proszony jest o poinformowanie w kancelarii\u00a0 parafialnej. Polecamy tych narzeczonych modlitwie wiernych. Dzisiaj w ko\u015bcio\u0142ach [&hellip;]<\/p>\n","protected":false},"author":2,"featured_media":0,"comment_status":"closed","ping_status":"closed","sticky":false,"template":"","format":"standard","meta":[],"categories":[2],"tags":[],"_links":{"self":[{"href":"http:\/\/www.parafiakuligow.pl\/index.php\/wp-json\/wp\/v2\/posts\/1078"}],"collection":[{"href":"http:\/\/www.parafiakuligow.pl\/index.php\/wp-json\/wp\/v2\/posts"}],"about":[{"href":"http:\/\/www.parafiakuligow.pl\/index.php\/wp-json\/wp\/v2\/types\/post"}],"author":[{"embeddable":true,"href":"http:\/\/www.parafiakuligow.pl\/index.php\/wp-json\/wp\/v2\/users\/2"}],"replies":[{"embeddable":true,"href":"http:\/\/www.parafiakuligow.pl\/index.php\/wp-json\/wp\/v2\/comments?post=1078"}],"version-history":[{"count":1,"href":"http:\/\/www.parafiakuligow.pl\/index.php\/wp-json\/wp\/v2\/posts\/1078\/revisions"}],"predecessor-version":[{"id":1079,"href":"http:\/\/www.parafiakuligow.pl\/index.php\/wp-json\/wp\/v2\/posts\/1078\/revisions\/1079"}],"wp:attachment":[{"href":"http:\/\/www.parafiakuligow.pl\/index.php\/wp-json\/wp\/v2\/media?parent=1078"}],"wp:term":[{"taxonomy":"category","embeddable":true,"href":"http:\/\/www.parafiakuligow.pl\/index.php\/wp-json\/wp\/v2\/categories?post=1078"},{"taxonomy":"post_tag","embeddable":true,"href":"http:\/\/www.parafiakuligow.pl\/index.php\/wp-json\/wp\/v2\/tags?post=1078"}],"curies":[{"name":"wp","href":"https:\/\/api.w.org\/{rel}","templated":true}]}}