{"id":1075,"date":"2018-05-27T09:36:43","date_gmt":"2018-05-27T07:36:43","guid":{"rendered":"http:\/\/www.parafiakuligow.pl\/?p=1075"},"modified":"2018-06-16T06:40:17","modified_gmt":"2018-06-16T04:40:17","slug":"27-maj-2018-uroczystosc-najswietszej-trojcy","status":"publish","type":"post","link":"http:\/\/www.parafiakuligow.pl\/index.php\/2018\/05\/27\/27-maj-2018-uroczystosc-najswietszej-trojcy\/","title":{"rendered":"27 Maj 2018 UROCZYSTO\u015a\u0106  NAJ\u015aWI\u0118TSZEJ  TR\u00d3JCY"},"content":{"rendered":"<ol>\n<li>Do Sakramentu Ma\u0142\u017ce\u0144stwa przygotowuj\u0105 si\u0119 nast\u0119puj\u0105ce osoby:<br \/>\n<strong>Konrad Piotr Przybysz<\/strong>, kawaler z par. tut. oraz<br \/>\n<strong>Katarzyna Majewska<\/strong>, pannaz par. Przemienienia Pa\u0144skiego &#8211; Radzymin, <strong>zapowied\u017a \u00a0I<\/strong>.<br \/>\nKto by wiedzia\u0142 o \u00a0przeszkodach zachodz\u0105cych mi\u0119dzy tymi osobami, proszony jest o poinformowanie w kancelarii\u00a0 parafialnej. Polecamy tych narzeczonych modlitwie wiernych.<\/li>\n<li>Od pierwszej niedzieli czerwca, tak jak w minionych latach w okresie wakacyjnym b\u0119dzie w naszym ko\u015bciele trzecia niedzielna\u00a0 Msza \u015bwi\u0119ta o godz. 15.00.<\/li>\n<li>Od 1 czerwca rozpoczynamy nabo\u017ce\u0144stwa czerwcowe z litani\u0105 do NSP Jezusa. B\u0119d\u0105 odprawiane w takim porz\u0105dku jak nabo\u017ce\u0144stwa majowe.<\/li>\n<li>Dzieci, kt\u00f3re w zesz\u0142ym roku po raz pierwszy w pe\u0142ni uczestniczy\u0142y we Mszy \u015bwi\u0119tej, b\u0119d\u0105 prze\u017cywa\u0107 rocznic\u0119 swojej \u00a0I Komunii \u015bw. w Bo\u017ce Cia\u0142o. Pr\u00f3ba i spowied\u017a dla dzieci i rodzic\u00f3w w poniedzia\u0142ek 28 maja o godz. 17.30.<\/li>\n<li>W tym tygodniu przypada I pi\u0105tek i\u00a0 I sobota miesi\u0105ca. Spowied\u017a w pi\u0105tek od godz. 18.30.<\/li>\n<li>Za tydzie\u0144 w niedziel\u0119 3 czerwca zbi\u00f3rka do puszek na budow\u0119 \u015awi\u0105tyni Opatrzno\u015bci\u00a0 Bo\u017cej.<\/li>\n<li>W najbli\u017cszy czwartek 31 maja Uroczysto\u015b\u0107 Naj\u015bwi\u0119tszego Cia\u0142a i Krwi Chrystusa. Msze \u015bw. o godz. 9.00 i po procesji ok. godz. 11.00. Po Mszy \u015bw. o godz. 9.00 wyruszy procesja eucharystyczna do czterech o\u0142tarzy. Trasa tradycyjna. Za pobo\u017cny udzia\u0142 w procesji mo\u017cna uzyska\u0107 odpust zupe\u0142ny. Bardzo prosz\u0119 o odpowiednie przygotowanie i udekorowanie nie tylko o\u0142tarzy, ale te\u017c naszych dom\u00f3w i posesji. Do udzia\u0142u w orszaku procesyjnym zapraszam ministrant\u00f3w, bielanki, dzieci, m\u0142odzie\u017c i doros\u0142ych. To \u015bwiadectwo naszej wiary i mo\u017cliwo\u015b\u0107 wyra\u017cenia \u00a0wdzi\u0119czno\u015bci Panu Bogu.<\/li>\n<li>Wszystkim naszym parafianom i go\u015bciom \u017cyczymy dobrego wypoczynku, udanej niedzieli\u00a0 i \u00a0b\u0142ogos\u0142awionego tygodnia.<\/li>\n<li>Zach\u0119camy do czytania prasy katolickiej.<\/li>\n<\/ol>\n<p><strong>Intencje Mszalne <\/strong><strong>27 Maj \u2013 03 Czerwiec\u00a0 2018<\/strong><\/p>\n<p><strong>\u00a0<\/strong><strong>Nd.\u00a0 27. V. 2018\u00a0\u00a0\u00a0 \u00a0<\/strong><strong><u>UROCZYSTO\u015a\u0106 \u00a0NAJ\u015aWI\u0118TSZEJ \u00a0TR\u00d3JCY<br \/>\n<\/u><\/strong>g. 9.00\u00a0\u00a0 + Jadwig\u0119 w 16 rocz. \u015bm. i Romana Kostrzew\u00f3w.<br \/>\ng. 11.00 + Mariann\u0119 i Apolinarego \u0141aszcz; Czes\u0142awa Szpadkiewicza.<br \/>\ng. 12.00 \u00a0O zdrowie dla Szymona<br \/>\n<strong>Pn. \u00a0\u00a0\u00a028. <\/strong>V\u00a0\u00a0 g. 19.00 \u00a0O zdrowie dla Szymona<br \/>\n<strong>Wt.\u00a0\u00a0 29. V\u00a0\u00a0 <\/strong>g.\u00a0 \u00a07.00\u00a0 O zdrowie dla Szymona<br \/>\n<strong>\u015ar.\u00a0\u00a0\u00a0 30. V\u00a0 \u00a0<\/strong>g. 19.00\u00a0 Int. wolna<\/p>\n<p><strong>Czw. 31. V\u00a0 <\/strong><strong>UROCZYSTO\u015a\u0106 NAJ\u015aWI\u0118TSZEGO CIA\u0141A I KRWI CRYSTUSA<\/strong><\/p>\n<p>g. <strong>9.00<\/strong>\u00a0 Rocznica\u00a0 I \u00a0Komunii \u015bwi\u0119tej<br \/>\ng. <strong>11.00<\/strong> + Helen\u0119 i W\u0142adys\u0142awa Klimkiewicz\u00f3w; Genowef\u0119 Sachog\u0142uchowicz<\/p>\n<p><strong>Pt.\u00a0\u00a0\u00a0 01. VI<br \/>\n<\/strong>g. 17.00 \u00a0Agnieszk\u0119 Sk\u0142odowsk\u0105 w 40 rocz. urodzin<br \/>\ng. 19.00\u00a0 + Jana Tymi\u0144skiego w 12 rocz. \u015bm.<\/p>\n<p><strong>Sob. 02. VI<\/strong>\u00a0 g. 19.00\u00a0 Int. zam.<\/p>\n<p><strong>Nd.\u00a0 03. VI. 2018 \u00a0\u00a0\u00a09 NIEDZIELA ZWYK\u0141A<br \/>\n<\/strong>g. 9.00\u00a0\u00a0 + J\u00f3zefa\u00a0 Karasiewicza.<br \/>\ng. 11.00 Int. zam.<br \/>\ng. 15.00 Int. zam.<\/p>\n","protected":false},"excerpt":{"rendered":"<p>Do Sakramentu Ma\u0142\u017ce\u0144stwa przygotowuj\u0105 si\u0119 nast\u0119puj\u0105ce osoby: Konrad Piotr Przybysz, kawaler z par. tut. oraz Katarzyna Majewska, pannaz par. Przemienienia Pa\u0144skiego &#8211; Radzymin, zapowied\u017a \u00a0I. Kto by wiedzia\u0142 o \u00a0przeszkodach zachodz\u0105cych mi\u0119dzy tymi osobami, proszony jest o poinformowanie w kancelarii\u00a0 parafialnej. Polecamy tych narzeczonych modlitwie wiernych. Od pierwszej niedzieli czerwca, [&hellip;]<\/p>\n","protected":false},"author":2,"featured_media":0,"comment_status":"closed","ping_status":"closed","sticky":false,"template":"","format":"standard","meta":[],"categories":[2],"tags":[],"_links":{"self":[{"href":"http:\/\/www.parafiakuligow.pl\/index.php\/wp-json\/wp\/v2\/posts\/1075"}],"collection":[{"href":"http:\/\/www.parafiakuligow.pl\/index.php\/wp-json\/wp\/v2\/posts"}],"about":[{"href":"http:\/\/www.parafiakuligow.pl\/index.php\/wp-json\/wp\/v2\/types\/post"}],"author":[{"embeddable":true,"href":"http:\/\/www.parafiakuligow.pl\/index.php\/wp-json\/wp\/v2\/users\/2"}],"replies":[{"embeddable":true,"href":"http:\/\/www.parafiakuligow.pl\/index.php\/wp-json\/wp\/v2\/comments?post=1075"}],"version-history":[{"count":3,"href":"http:\/\/www.parafiakuligow.pl\/index.php\/wp-json\/wp\/v2\/posts\/1075\/revisions"}],"predecessor-version":[{"id":1082,"href":"http:\/\/www.parafiakuligow.pl\/index.php\/wp-json\/wp\/v2\/posts\/1075\/revisions\/1082"}],"wp:attachment":[{"href":"http:\/\/www.parafiakuligow.pl\/index.php\/wp-json\/wp\/v2\/media?parent=1075"}],"wp:term":[{"taxonomy":"category","embeddable":true,"href":"http:\/\/www.parafiakuligow.pl\/index.php\/wp-json\/wp\/v2\/categories?post=1075"},{"taxonomy":"post_tag","embeddable":true,"href":"http:\/\/www.parafiakuligow.pl\/index.php\/wp-json\/wp\/v2\/tags?post=1075"}],"curies":[{"name":"wp","href":"https:\/\/api.w.org\/{rel}","templated":true}]}}