{"id":1073,"date":"2018-05-27T09:30:43","date_gmt":"2018-05-27T07:30:43","guid":{"rendered":"http:\/\/www.parafiakuligow.pl\/?p=1073"},"modified":"2018-05-27T09:30:43","modified_gmt":"2018-05-27T07:30:43","slug":"20-maj-2018-uroczystosc-zeslania-ducha-swietego","status":"publish","type":"post","link":"http:\/\/www.parafiakuligow.pl\/index.php\/2018\/05\/27\/20-maj-2018-uroczystosc-zeslania-ducha-swietego\/","title":{"rendered":"20 Maj 2018 &#8211; UROCZYSTO\u015a\u0106 ZES\u0141ANIA DUCHA \u015aWI\u0118TEGO"},"content":{"rendered":"<ol>\n<li>Do Sakramentu Ma\u0142\u017ce\u0144stwa przygotowuj\u0105 si\u0119 nast\u0119puj\u0105ce osoby:<br \/>\n<strong>Piotr Ole\u015bkiewicz<\/strong>, kawaler z par. tut. oraz<br \/>\n<strong>Katarzyna Kielczyk<\/strong>, panna z par.\u015bw. Jana Chrzciciela \u00a0i \u00a0\u015bw. Wojciecha BM., Po\u015bwi\u0119tne, <strong>zapowied\u017a \u00a0II<\/strong>.<br \/>\nKto by wiedzia\u0142 o \u00a0przeszkodach zachodz\u0105cych mi\u0119dzy tymi osobami, proszony jest o poinformowanie w kancelarii\u00a0 parafialnej. Polecamy tych narzeczonych modlitwie wiernych.<\/li>\n<li>Dzisiejsza niedziela\u00a0 ko\u0144czy okres wielkanocny \u00a0i \u00a0czas Komunii \u015awi\u0119tej Wielkanocnej. Od jutra w liturgii okres zwyk\u0142y.<\/li>\n<li>W tym tygodniu przypadaj\u0105 dwa \u015bwi\u0119ta ko\u015bcielne: w poniedzia\u0142ek 21\u00a0 maja \u015bwi\u0119to Naj\u015bwi\u0119tszej Maryi Panny, Matki Ko\u015bcio\u0142a, w czwartek 24 maja \u015bwi\u0119to Jezusa Chrystusa Najwy\u017cszego i Wiecznego Kap\u0142ana.<\/li>\n<li>Dzieci, kt\u00f3re w zesz\u0142ym roku po raz pierwszy w pe\u0142ni uczestniczy\u0142y we Mszy \u015bwi\u0119tej, b\u0119d\u0105 prze\u017cywa\u0107 rocznic\u0119 swojej \u00a0I Komunii \u015bw. w Bo\u017ce Cia\u0142o. Pr\u00f3ba i spowied\u017a dla dzieci i rodzic\u00f3w w poniedzia\u0142ek 28 maja o godz. 17.30.<\/li>\n<li>W tym tygodniu przypada Dzie\u0144 Wszystkim mamom sk\u0142adamy serdeczne \u017cyczenia: by by\u0142y dumne ze swoich dzieci, aby cieszy\u0142y si\u0119 ich mi\u0142o\u015bci\u0105 i wdzi\u0119czno\u015bci\u0105. \u017byczymy im zdrowia, opieki Matki Bo\u017cej i wsparcia od najbli\u017cszych.<\/li>\n<li>Wszystkim naszym parafianom i go\u015bciom \u017cyczymy dobrego wypoczynku, udanej niedzieli\u00a0 i \u00a0b\u0142ogos\u0142awionego tygodnia.<\/li>\n<li>Zach\u0119camy do czytania prasy katolickiej.<\/li>\n<\/ol>\n<p><strong>Intencje Mszalne <\/strong><strong>20 \u2013 27 Maj\u00a0 2018<\/strong><\/p>\n<p><strong>Nd.\u00a0 20. V. 2018\u00a0\u00a0\u00a0 \u00a0<\/strong><strong><u>NIEDZIELA\u00a0 ZES\u0141ANIA\u00a0 DUCHA\u00a0 \u015aWI\u0118TEGO<br \/>\n<\/u><\/strong>g. 9.00\u00a0\u00a0 Int. zam.<br \/>\ng. 11.00 + Aleksandra \u00a0i \u00a0Sabin\u0119 \u00a0Ros\u0142on<br \/>\n<strong>Pn. \u00a0\u00a0\u00a021. <\/strong>V<br \/>\ng. 18.00 \u00a0O zdrowie dla Szymona<br \/>\ng. 19.00 Int. zam.<br \/>\n<strong>Wt.\u00a0\u00a0 22. V\u00a0\u00a0 <\/strong>g.\u00a0 7.00\u00a0 O zdrowie dla Szymona<br \/>\n<strong>\u015ar.\u00a0\u00a0\u00a0 23. V\u00a0 \u00a0<\/strong>g. 19.00\u00a0 O zdrowie dla Szymona<br \/>\n<strong>Czw. 24. V\u00a0 <\/strong>g.\u00a0\u00a0 7.00\u00a0 O zdrowie dla Szymona<br \/>\n<strong>Pt.\u00a0\u00a0\u00a0\u00a0 25. V<br \/>\n<\/strong>g. 18.30 \u00a0Int. zam<br \/>\ng. 19.00\u00a0 O zdrowie dla Szymona<br \/>\n<strong>Sob.\u00a0 26. V<\/strong><br \/>\ng. 18.00\u00a0 O zdrowie dla Szymona<br \/>\ng. 19.00 Int. zam.<\/p>\n<p><strong>Nd.\u00a0 27. V. 2018 \u00a0\u00a0\u00a0\u00a0<\/strong><strong><u>UROCZYSTO\u015a\u0106 NAJ\u015aWI\u0118TSZEJ TR\u00d3JCY<br \/>\n<\/u><\/strong>g. 9.00\u00a0\u00a0 + Jadwig\u0119 w 16 rocz. \u015bm. i Romana Kostrzew\u00f3w.<br \/>\ng. 11.00 Int. zam.<br \/>\ng. 12.00 O zdrowie dla Szymona<\/p>\n","protected":false},"excerpt":{"rendered":"<p>Do Sakramentu Ma\u0142\u017ce\u0144stwa przygotowuj\u0105 si\u0119 nast\u0119puj\u0105ce osoby: Piotr Ole\u015bkiewicz, kawaler z par. tut. oraz Katarzyna Kielczyk, panna z par.\u015bw. Jana Chrzciciela \u00a0i \u00a0\u015bw. Wojciecha BM., Po\u015bwi\u0119tne, zapowied\u017a \u00a0II. Kto by wiedzia\u0142 o \u00a0przeszkodach zachodz\u0105cych mi\u0119dzy tymi osobami, proszony jest o poinformowanie w kancelarii\u00a0 parafialnej. Polecamy tych narzeczonych modlitwie wiernych. Dzisiejsza [&hellip;]<\/p>\n","protected":false},"author":2,"featured_media":0,"comment_status":"closed","ping_status":"closed","sticky":false,"template":"","format":"standard","meta":[],"categories":[2],"tags":[],"_links":{"self":[{"href":"http:\/\/www.parafiakuligow.pl\/index.php\/wp-json\/wp\/v2\/posts\/1073"}],"collection":[{"href":"http:\/\/www.parafiakuligow.pl\/index.php\/wp-json\/wp\/v2\/posts"}],"about":[{"href":"http:\/\/www.parafiakuligow.pl\/index.php\/wp-json\/wp\/v2\/types\/post"}],"author":[{"embeddable":true,"href":"http:\/\/www.parafiakuligow.pl\/index.php\/wp-json\/wp\/v2\/users\/2"}],"replies":[{"embeddable":true,"href":"http:\/\/www.parafiakuligow.pl\/index.php\/wp-json\/wp\/v2\/comments?post=1073"}],"version-history":[{"count":1,"href":"http:\/\/www.parafiakuligow.pl\/index.php\/wp-json\/wp\/v2\/posts\/1073\/revisions"}],"predecessor-version":[{"id":1074,"href":"http:\/\/www.parafiakuligow.pl\/index.php\/wp-json\/wp\/v2\/posts\/1073\/revisions\/1074"}],"wp:attachment":[{"href":"http:\/\/www.parafiakuligow.pl\/index.php\/wp-json\/wp\/v2\/media?parent=1073"}],"wp:term":[{"taxonomy":"category","embeddable":true,"href":"http:\/\/www.parafiakuligow.pl\/index.php\/wp-json\/wp\/v2\/categories?post=1073"},{"taxonomy":"post_tag","embeddable":true,"href":"http:\/\/www.parafiakuligow.pl\/index.php\/wp-json\/wp\/v2\/tags?post=1073"}],"curies":[{"name":"wp","href":"https:\/\/api.w.org\/{rel}","templated":true}]}}