{"id":1053,"date":"2018-04-19T16:29:03","date_gmt":"2018-04-19T14:29:03","guid":{"rendered":"http:\/\/www.parafiakuligow.pl\/?p=1053"},"modified":"2018-04-19T16:29:03","modified_gmt":"2018-04-19T14:29:03","slug":"15-kwiecien-2018-iii-niedziela-wielkanocna","status":"publish","type":"post","link":"http:\/\/www.parafiakuligow.pl\/index.php\/2018\/04\/19\/15-kwiecien-2018-iii-niedziela-wielkanocna\/","title":{"rendered":"15 Kwiecie\u0144 2018 &#8211;  III   NIEDZIELA WIELKANOCNA"},"content":{"rendered":"<ol>\n<li>W przysz\u0142\u0105 niedziel\u0119 22 kwietnia po Mszy \u015bw. o godz. 11.00 spotkanie dla Rodzic\u00f3w i dzieci, kt\u00f3re w tym roku obchodzi\u0107 b\u0119d\u0105 rocznic\u0119 I Komunii \u015bw.<\/li>\n<li>Kolejne spotkanie rodzic\u00f3w i dzieci przygotowuj\u0105cych si\u0119 do I Komunii \u015bw. w najbli\u017cszy pi\u0105tek 20 kwietnia po Mszy \u015bw. o godz. 18.00.<\/li>\n<li>Panu Micha\u0142owi Ptak, rodzicom dzieci pierwszokomunijnych, a tak\u017ce osobom z naszej parafii, serdecznie dzi\u0119kujemy za wykonane na terenie przyko\u015bcielnym prace ogrodowe.<\/li>\n<li>Wszystkim naszym parafianom i go\u015bciom \u017cyczymy mi\u0142ej niedzieli oraz dobrego i b\u0142ogos\u0142awionego tygodnia.<\/li>\n<li>Zach\u0119camy do czytania prasy katolickiej.<\/li>\n<\/ol>\n<p><strong>Intencje Mszalne <\/strong><strong>\u00a015\u00a0 \u2013 22 \u00a0Kwiecie\u0144\u00a0 2018<\/strong><\/p>\n<p><strong>\u00a0<\/strong><strong>Nd.\u00a0 15. IV. 2018\u00a0\u00a0\u00a0 \u00a0III\u00a0 <u>Niedziela Wielkanocy<br \/>\n<\/u><\/strong>g. 9.00\u00a0\u00a0 + Leokadi\u0119 i Jana Baranowskich; dziadk\u00f3w Baranowskich i \u00a0Jusi\u0144skich<br \/>\ng. 11.00 + Leonarda Sumi\u0142\u0119, Michalin\u0119 i Edwarda Sumi\u0142\u00f3w<br \/>\ng. 12.00 + zm. z rodziny (13)<br \/>\n<strong>Pn. \u00a0\u00a0\u00a016. I<\/strong>V\u00a0\u00a0 g. 18.00 \u00a0+ zm. z rodziny (14)<br \/>\n<strong>Wt.\u00a0\u00a0 17. IV\u00a0\u00a0 <\/strong>g.\u00a0\u00a0 7.00\u00a0 + zm. z rodziny (15)<br \/>\n<strong>\u015ar.\u00a0\u00a0\u00a0 18. IV<br \/>\n<\/strong>g. 17.30 \u00a0\u00a0O zdrowie,\u00a0 Bo\u017ce b\u0142ogos\u0142awie\u0144stwo i opiek\u0119 M. Bo\u017cej dla rodziny<br \/>\ng. 18.00 + Wint. zm. z rodziny (16)<br \/>\n<strong>Czw. 19. IV\u00a0 <\/strong>g.\u00a0\u00a0 7.00 <strong>\u00a0<\/strong>+ zm. z rodziny (17)<br \/>\n<strong>Pt.\u00a0\u00a0\u00a0\u00a0 20. IV \u00a0<\/strong>g. 18.00 \u00a0+ zm. z rodziny (18)<br \/>\n<strong>Sob.\u00a0 21. IV<\/strong><br \/>\ng.\u00a0 16.00 \u00a0\u00a0Jnt. Zam.<br \/>\ng. 17.00\u00a0 \u00a0\u015alub: Natalia M\u0142oduchowska i Patryk Rosa<br \/>\ng. 18.00\u00a0 +zm. z rodziny (19)<\/p>\n<p><strong>\u00a0<\/strong><strong>Nd.\u00a0 22. IV. 2018 \u00a0\u00a0\u00a0\u00a0IV\u00a0 <u>Niedziela Wielkanocy<br \/>\n<\/u><\/strong>g. 9.00\u00a0\u00a0 + Piotra Grabskiego w 3 rocz. \u015bm.<br \/>\ng. 11.00 + Adama Getka w 8 rocz. \u015bm.<br \/>\ng. 12.00\u00a0\u00a0 + zm. z rodziny (20)<\/p>\n","protected":false},"excerpt":{"rendered":"<p>W przysz\u0142\u0105 niedziel\u0119 22 kwietnia po Mszy \u015bw. o godz. 11.00 spotkanie dla Rodzic\u00f3w i dzieci, kt\u00f3re w tym roku obchodzi\u0107 b\u0119d\u0105 rocznic\u0119 I Komunii \u015bw. Kolejne spotkanie rodzic\u00f3w i dzieci przygotowuj\u0105cych si\u0119 do I Komunii \u015bw. w najbli\u017cszy pi\u0105tek 20 kwietnia po Mszy \u015bw. o godz. 18.00. Panu Micha\u0142owi [&hellip;]<\/p>\n","protected":false},"author":2,"featured_media":0,"comment_status":"closed","ping_status":"closed","sticky":false,"template":"","format":"standard","meta":[],"categories":[2],"tags":[],"_links":{"self":[{"href":"http:\/\/www.parafiakuligow.pl\/index.php\/wp-json\/wp\/v2\/posts\/1053"}],"collection":[{"href":"http:\/\/www.parafiakuligow.pl\/index.php\/wp-json\/wp\/v2\/posts"}],"about":[{"href":"http:\/\/www.parafiakuligow.pl\/index.php\/wp-json\/wp\/v2\/types\/post"}],"author":[{"embeddable":true,"href":"http:\/\/www.parafiakuligow.pl\/index.php\/wp-json\/wp\/v2\/users\/2"}],"replies":[{"embeddable":true,"href":"http:\/\/www.parafiakuligow.pl\/index.php\/wp-json\/wp\/v2\/comments?post=1053"}],"version-history":[{"count":1,"href":"http:\/\/www.parafiakuligow.pl\/index.php\/wp-json\/wp\/v2\/posts\/1053\/revisions"}],"predecessor-version":[{"id":1054,"href":"http:\/\/www.parafiakuligow.pl\/index.php\/wp-json\/wp\/v2\/posts\/1053\/revisions\/1054"}],"wp:attachment":[{"href":"http:\/\/www.parafiakuligow.pl\/index.php\/wp-json\/wp\/v2\/media?parent=1053"}],"wp:term":[{"taxonomy":"category","embeddable":true,"href":"http:\/\/www.parafiakuligow.pl\/index.php\/wp-json\/wp\/v2\/categories?post=1053"},{"taxonomy":"post_tag","embeddable":true,"href":"http:\/\/www.parafiakuligow.pl\/index.php\/wp-json\/wp\/v2\/tags?post=1053"}],"curies":[{"name":"wp","href":"https:\/\/api.w.org\/{rel}","templated":true}]}}