{"id":1051,"date":"2018-04-13T22:50:45","date_gmt":"2018-04-13T20:50:45","guid":{"rendered":"http:\/\/www.parafiakuligow.pl\/?p=1051"},"modified":"2018-04-13T22:50:45","modified_gmt":"2018-04-13T20:50:45","slug":"08-kwiecien-2018-niedziela-milosierdzia-bozego","status":"publish","type":"post","link":"http:\/\/www.parafiakuligow.pl\/index.php\/2018\/04\/13\/08-kwiecien-2018-niedziela-milosierdzia-bozego\/","title":{"rendered":"08 Kwiecie\u0144 2018 &#8211; NIEDZIELA MI\u0141OSIERDZIA BO\u017bEGO"},"content":{"rendered":"<ol>\n<li>Dzi\u015b z racji \u015awi\u0119ta\u00a0 Bo\u017cego Mi\u0142osierdzia po Mszy \u015bw.\u00a0 . 11.00 wsp\u00f3lnie odm\u00f3wimy koronk\u0119 do Mi\u0142osierdzia Bo\u017cego. Z\u00a0 t\u0105 \u00a0modlitw\u0105 zwi\u0105zana jest mo\u017cliwo\u015b\u0107 zyskania odpustu zupe\u0142nego dla tych, kt\u00f3rzy wolni s\u0105 od przywi\u0105zania do grzechu i s\u0105 w stanie \u0142aski u\u015bwi\u0119caj\u0105cej.<\/li>\n<li>W poniedzia\u0142ek 9 kwietnia przeniesiona z 25 marca Uroczysto\u015b\u0107 Zwiastowania Pa\u0144skiego. Msza \u015bw. o godz. 18.00. To sposobno\u015b\u0107 do modlitwy za matki w stanie b\u0142ogos\u0142awionym oraz za dzieci pocz\u0119te o szcz\u0119\u015bliwe dla nich\u00a0 narodziny.<\/li>\n<li>W przysz\u0142\u0105 niedziel\u0119 15 kwietnia b\u0119dziemy obchodzi\u0107 Dzie\u0144 \u015awi\u0119to\u015bci \u017bycia. Pod\u00a0 has\u0142em \u201e Jestem za \u017byciem \u201e po raz 13 przejdzie ulicami Warszawy Marsz \u015awi\u0119to\u015bci \u017bycia. Wyruszy z Katedry Warszawsko-Praskiej po Mszy \u015bw. sprawowanej o godz. 11.00. Uczestnicy marszu na Placu Zamkowym spotkaj\u0105 si\u0119 z wiernymi z Archidiecezji Warszawskiej. Stamt\u0105d wsp\u00f3lnie wyrusz\u0105 w kierunku Bazyliki \u015bw. Krzy\u017ca, aby wsp\u00f3lnie manifestowa\u0107 rado\u015b\u0107 \u017cycia oraz obron\u0119 \u017cycia od pocz\u0119cia do naturalnej \u015bmierci. Szczeg\u00f3\u0142owy program \u00a0zamieszczony w gablocie przed ko\u015bcio\u0142em.<\/li>\n<li>Spotkanie dla rodzic\u00f3w i dzieci, kt\u00f3re w tym roku b\u0119d\u0105 obchodzi\u0107 rocznic\u0119 I \u00a0Komunii \u015bw. odb\u0119dzie si\u0119 za dwa tygodnie\u00a0 w niedziel\u0119 22 kwietnia po Mszy \u015bw. o godz. 11.00.<\/li>\n<li>Wszystkim naszym parafianom i go\u015bciom \u017cyczymy mi\u0142ej niedzieli oraz Dobrego i b\u0142ogos\u0142awionego tygodnia.<\/li>\n<li>Zach\u0119camy do czytania prasy katolickiej<\/li>\n<\/ol>\n<p><strong>Intencje Mszalne <\/strong><strong>\u00a008\u00a0 \u2013 15 \u00a0Kwiecie\u0144\u00a0 2018<\/strong><\/p>\n<p><strong>Nd.\u00a0 08. IV. 2018\u00a0\u00a0 \u00a0<u>Niedziela Mi\u0142osierdzia Bo\u017cego<br \/>\n<\/u><\/strong><u><\/u>g. 9.00\u00a0\u00a0 + Piotra\u00a0 Zieli\u0144skiego i\u00a0 Stefana Blok<br \/>\ng. 11.00 + Boles\u0142awa Czerwi\u0144skiego w 28 r. \u015bm.<br \/>\ng. 12.00 + zm. z rodziny (6)<br \/>\n<strong>Pn. \u00a0\u00a0\u00a009. I<\/strong>V\u00a0\u00a0 g. 18.00 + zm. z rodziny (7)<br \/>\n<strong>Wt.\u00a0\u00a0 10. IV\u00a0\u00a0 <\/strong>g.\u00a0\u00a0 7.00\u00a0 + zm. z rodziny (8)<br \/>\n<strong>\u015ar.\u00a0\u00a0\u00a0 11. IV<br \/>\n<\/strong>g. 17.30 + Zofi\u0119 Dawid w rocz. \u015bm.; J\u00f3zefa, Antoniego, Stanis\u0142awa Dawid \u00a0i \u00a0J\u00f3zefa Czarneckiego.<br \/>\ng. 18.00 + Wint. zm. z rodziny (9)<br \/>\n<strong>Czw. 12. IV\u00a0 <\/strong>g.\u00a0\u00a0 7.00 <strong>\u00a0<\/strong>+ zm. z rodziny (10)<br \/>\n<strong>Pt.\u00a0\u00a0\u00a0\u00a0 13. IV<br \/>\n<\/strong>g. 18.00 \u00a0\u00a0+ zm. z rodziny (11)<br \/>\ng. 18.30 + King\u0119 Wi\u0119ch 30 dzie\u0144 po \u015bm.<br \/>\n<strong>Sob.\u00a0 14. IV<\/strong><br \/>\ng.\u00a0 17.30 \u00a0\u00a0+ zm. z rodziny (12)<br \/>\ng. 18.00\u00a0 \u00a0+ Kazimier\u0119 Bieleck\u0105 w 15 rocz. \u015bm.<\/p>\n<p><strong>Nd.\u00a0 15. IV. 2018 \u00a0\u00a0\u00a0\u00a03\u00a0 <u>Niedziela Wielkanocy<br \/>\n<\/u><\/strong>g. 9.00\u00a0 Int. zam.<br \/>\ng. 11.00 Int. zam.<br \/>\ng. 12.00\u00a0\u00a0 + zm. z rodziny (13)<\/p>\n<p>&nbsp;<\/p>\n","protected":false},"excerpt":{"rendered":"<p>Dzi\u015b z racji \u015awi\u0119ta\u00a0 Bo\u017cego Mi\u0142osierdzia po Mszy \u015bw.\u00a0 . 11.00 wsp\u00f3lnie odm\u00f3wimy koronk\u0119 do Mi\u0142osierdzia Bo\u017cego. Z\u00a0 t\u0105 \u00a0modlitw\u0105 zwi\u0105zana jest mo\u017cliwo\u015b\u0107 zyskania odpustu zupe\u0142nego dla tych, kt\u00f3rzy wolni s\u0105 od przywi\u0105zania do grzechu i s\u0105 w stanie \u0142aski u\u015bwi\u0119caj\u0105cej. W poniedzia\u0142ek 9 kwietnia przeniesiona z 25 marca Uroczysto\u015b\u0107 [&hellip;]<\/p>\n","protected":false},"author":2,"featured_media":0,"comment_status":"closed","ping_status":"closed","sticky":false,"template":"","format":"standard","meta":[],"categories":[2],"tags":[],"_links":{"self":[{"href":"http:\/\/www.parafiakuligow.pl\/index.php\/wp-json\/wp\/v2\/posts\/1051"}],"collection":[{"href":"http:\/\/www.parafiakuligow.pl\/index.php\/wp-json\/wp\/v2\/posts"}],"about":[{"href":"http:\/\/www.parafiakuligow.pl\/index.php\/wp-json\/wp\/v2\/types\/post"}],"author":[{"embeddable":true,"href":"http:\/\/www.parafiakuligow.pl\/index.php\/wp-json\/wp\/v2\/users\/2"}],"replies":[{"embeddable":true,"href":"http:\/\/www.parafiakuligow.pl\/index.php\/wp-json\/wp\/v2\/comments?post=1051"}],"version-history":[{"count":1,"href":"http:\/\/www.parafiakuligow.pl\/index.php\/wp-json\/wp\/v2\/posts\/1051\/revisions"}],"predecessor-version":[{"id":1052,"href":"http:\/\/www.parafiakuligow.pl\/index.php\/wp-json\/wp\/v2\/posts\/1051\/revisions\/1052"}],"wp:attachment":[{"href":"http:\/\/www.parafiakuligow.pl\/index.php\/wp-json\/wp\/v2\/media?parent=1051"}],"wp:term":[{"taxonomy":"category","embeddable":true,"href":"http:\/\/www.parafiakuligow.pl\/index.php\/wp-json\/wp\/v2\/categories?post=1051"},{"taxonomy":"post_tag","embeddable":true,"href":"http:\/\/www.parafiakuligow.pl\/index.php\/wp-json\/wp\/v2\/tags?post=1051"}],"curies":[{"name":"wp","href":"https:\/\/api.w.org\/{rel}","templated":true}]}}